{"id":2330,"date":"2019-06-14T12:50:22","date_gmt":"2019-06-14T11:50:22","guid":{"rendered":"http:\/\/jirioberfalzer.cz\/?p=2330"},"modified":"2019-06-23T13:17:57","modified_gmt":"2019-06-23T12:17:57","slug":"vzpominka-na-detske-obeti-lidicke-tragedie","status":"publish","type":"post","link":"https:\/\/jirioberfalzer.cz\/?p=2330","title":{"rendered":"Vzpom\u00ednka na d\u011btsk\u00e9 ob\u011bti lidick\u00e9 trag\u00e9die"},"content":{"rendered":"<div id=\"js_p4\" class=\"_5pbx userContent _3576\" data-testid=\"post_message\" data-ft=\"{&quot;tn&quot;:&quot;K&quot;}\">\n<p><a href=\"https:\/\/jirioberfalzer.cz\/wp-content\/uploads\/2019\/06\/hymna-d\u011bti_compressed.jpg\"><img loading=\"lazy\" decoding=\"async\" class=\"aligncenter size-medium wp-image-2331\" src=\"https:\/\/jirioberfalzer.cz\/wp-content\/uploads\/2019\/06\/hymna-d\u011bti_compressed-300x200.jpg\" alt=\"\" width=\"300\" height=\"200\" srcset=\"https:\/\/jirioberfalzer.cz\/wp-content\/uploads\/2019\/06\/hymna-d\u011bti_compressed-300x200.jpg 300w, https:\/\/jirioberfalzer.cz\/wp-content\/uploads\/2019\/06\/hymna-d\u011bti_compressed-768x513.jpg 768w, https:\/\/jirioberfalzer.cz\/wp-content\/uploads\/2019\/06\/hymna-d\u011bti_compressed-1024x684.jpg 1024w, https:\/\/jirioberfalzer.cz\/wp-content\/uploads\/2019\/06\/hymna-d\u011bti_compressed.jpg 1618w\" sizes=\"auto, (max-width: 300px) 100vw, 300px\" \/><\/a>V p\u00e1tek 14. 6. jsem m\u011bl tu \u010dest pron\u00e9st kr\u00e1tk\u00fd proslov u p\u0159\u00edle\u017eitosti kon\u00e1n\u00ed d\u011bkovn\u00e9ho koncertu \u201ePro Lidice\u201c na n\u00e1dvo\u0159\u00ed Muzea Lidice v r\u00e1mci pietn\u00edch akt\u016f p\u0159ipom\u00ednaj\u00edc\u00edch st\u00e1le \u017eivou vzpom\u00ednku na lidickou trag\u00e9dii. Projevili jsme tak \u00factu ob\u011btem i t\u011bm, kte\u0159\u00ed trag\u00e9dii p\u0159e\u017eili a jsou mezi n\u00e1mi. Po slavnostn\u00edm zah\u00e1jen\u00ed zazn\u011bla st\u00e1tn\u00ed hymna v pod\u00e1n\u00ed d\u011btsk\u00fdch p\u011bveck\u00fdch sbor\u016f a koncert byl zakon\u010den \u010dten\u00edm jmen 88 zavra\u017ed\u011bn\u00fdch lidick\u00fdch d\u011bt\u00ed a rozsv\u011bcen\u00edm sv\u00ed\u010dek na m\u00edstech p\u016fvodn\u00edch lidick\u00fdch dom\u016f. Slavnostn\u00edho koncertu se z\u00fa\u010dastnila i \u010destn\u00e1 ob\u010danka Lidic Edna G\u00f3mez Ruiz z Mexika, kter\u00e1 cel\u00fd sv\u016fj \u017eivot zasv\u011btila propagaci \u010desk\u00e9 kultury a historie Lidic mezi d\u011btmi a obyvateli Mexika a spolupod\u00edl\u00ed se na organizaci pietn\u00ed vzpom\u00ednky na Lidice v Mexiku.<\/p>\n<\/div>\n<div class=\"_3x-2\" data-ft=\"{&quot;tn&quot;:&quot;H&quot;}\">\n<div data-ft=\"{&quot;tn&quot;:&quot;H&quot;}\">\n<div class=\"mtm\">\n<div class=\"_2a2q _65sr\"><\/div>\n<\/div>\n<\/div>\n<\/div>\n","protected":false},"excerpt":{"rendered":"<p>D\u011bkovn\u00fd koncert \u201ePro Lidice\u201c na n\u00e1dvo\u0159\u00ed Muzea Lidice v r\u00e1mci pietn\u00edch akt\u016f p\u0159ipomn\u011bl st\u00e1le \u017eivou vzpom\u00ednku na lidickou trag\u00e9dii.<\/p>\n","protected":false},"author":2,"featured_media":2331,"comment_status":"open","ping_status":"open","sticky":false,"template":"","format":"standard","meta":{"footnotes":""},"categories":[3],"tags":[],"class_list":["post-2330","post","type-post","status-publish","format-standard","has-post-thumbnail","hentry","category-udalosti-a-komentare"],"_links":{"self":[{"href":"https:\/\/jirioberfalzer.cz\/index.php?rest_route=\/wp\/v2\/posts\/2330","targetHints":{"allow":["GET"]}}],"collection":[{"href":"https:\/\/jirioberfalzer.cz\/index.php?rest_route=\/wp\/v2\/posts"}],"about":[{"href":"https:\/\/jirioberfalzer.cz\/index.php?rest_route=\/wp\/v2\/types\/post"}],"author":[{"embeddable":true,"href":"https:\/\/jirioberfalzer.cz\/index.php?rest_route=\/wp\/v2\/users\/2"}],"replies":[{"embeddable":true,"href":"https:\/\/jirioberfalzer.cz\/index.php?rest_route=%2Fwp%2Fv2%2Fcomments&post=2330"}],"version-history":[{"count":1,"href":"https:\/\/jirioberfalzer.cz\/index.php?rest_route=\/wp\/v2\/posts\/2330\/revisions"}],"predecessor-version":[{"id":2332,"href":"https:\/\/jirioberfalzer.cz\/index.php?rest_route=\/wp\/v2\/posts\/2330\/revisions\/2332"}],"wp:featuredmedia":[{"embeddable":true,"href":"https:\/\/jirioberfalzer.cz\/index.php?rest_route=\/wp\/v2\/media\/2331"}],"wp:attachment":[{"href":"https:\/\/jirioberfalzer.cz\/index.php?rest_route=%2Fwp%2Fv2%2Fmedia&parent=2330"}],"wp:term":[{"taxonomy":"category","embeddable":true,"href":"https:\/\/jirioberfalzer.cz\/index.php?rest_route=%2Fwp%2Fv2%2Fcategories&post=2330"},{"taxonomy":"post_tag","embeddable":true,"href":"https:\/\/jirioberfalzer.cz\/index.php?rest_route=%2Fwp%2Fv2%2Ftags&post=2330"}],"curies":[{"name":"wp","href":"https:\/\/api.w.org\/{rel}","templated":true}]}}