{"id":2320,"date":"2019-06-14T12:26:44","date_gmt":"2019-06-14T11:26:44","guid":{"rendered":"http:\/\/jirioberfalzer.cz\/?p=2320"},"modified":"2019-06-23T13:17:01","modified_gmt":"2019-06-23T12:17:01","slug":"senat-podporil-zachovani-nezavislosti-medii-verejne-sluzby","status":"publish","type":"post","link":"https:\/\/jirioberfalzer.cz\/?p=2320","title":{"rendered":"Sen\u00e1t podpo\u0159il zachov\u00e1n\u00ed nez\u00e1vislosti m\u00e9di\u00ed ve\u0159ejn\u00e9 slu\u017eby"},"content":{"rendered":"<p><strong><a href=\"https:\/\/jirioberfalzer.cz\/wp-content\/uploads\/2019\/06\/JO-mikrofon-Sen\u00e1t.jpeg\"><img loading=\"lazy\" decoding=\"async\" class=\"aligncenter size-medium wp-image-2321\" src=\"https:\/\/jirioberfalzer.cz\/wp-content\/uploads\/2019\/06\/JO-mikrofon-Sen\u00e1t-300x145.jpeg\" alt=\"\" width=\"300\" height=\"145\" srcset=\"https:\/\/jirioberfalzer.cz\/wp-content\/uploads\/2019\/06\/JO-mikrofon-Sen\u00e1t-300x145.jpeg 300w, https:\/\/jirioberfalzer.cz\/wp-content\/uploads\/2019\/06\/JO-mikrofon-Sen\u00e1t.jpeg 519w\" sizes=\"auto, (max-width: 300px) 100vw, 300px\" \/><\/a>Sen\u00e1t se na sv\u00e9 sch\u016fzi 13. 6. postavil za udr\u017een\u00ed ekonomick\u00e9 i institucion\u00e1ln\u00ed nez\u00e1vislosti ve\u0159ejnopr\u00e1vn\u00edch m\u00e9di\u00ed. Pomoci by tomu podle n\u011bkter\u00fdch sen\u00e1tor\u016f mohla zm\u011bna zp\u016fsobu v\u00fdb\u011bru medi\u00e1ln\u00edch rad tak, aby se na n\u011bm pod\u00edlela i horn\u00ed komora Parlamentu. Sn\u011bmovna se v minulosti opakovan\u011b odm\u00edtla vzd\u00e1t sv\u00e9ho vlivu na tato m\u00e9dia, \u0159ekl k tomu m\u00edstop\u0159edseda Sen\u00e1tu a n\u011bkdej\u0161\u00ed p\u0159edseda sen\u00e1tn\u00ed medi\u00e1ln\u00ed komise Ji\u0159\u00ed Oberfalzer (ODS).<\/strong><\/p>\n<p>Horn\u00ed komora v usnesen\u00ed jednomysln\u011b konstatovala, \u017ee si je v\u011bdoma &#8222;nezbytnosti udr\u017eet institucion\u00e1ln\u00ed a ekonomickou nez\u00e1vislost m\u00e9di\u00ed ve\u0159ejn\u00e9 slu\u017eby jako hlavn\u00edch garant\u016f poskytov\u00e1n\u00ed ov\u011b\u0159en\u00fdch informac\u00ed, stejn\u011b jako dal\u0161\u00edho komplexn\u00edho medi\u00e1ln\u00edho obsahu&#8220;.<\/p>\n<p>Sen\u00e1t projedn\u00e1val petici na obranu ve\u0159ejnopr\u00e1vn\u00edch m\u00e9di\u00ed, jej\u00edm\u017e podn\u011btem byla kritika prezidenta Milo\u0161e Zemana a premi\u00e9ra Andreje Babi\u0161e na adresu \u010cesk\u00e9 televize a \u010cesk\u00e9ho rozhlasu, zejm\u00e9na po p\u0159edlo\u0148sk\u00fdch sn\u011bmovn\u00edch a lo\u0148sk\u00fdch prezidentsk\u00fdch volb\u00e1ch.<\/p>\n<p>Sou\u010dasn\u00e9 nebezpe\u010d\u00ed podle n\u011bkter\u00fdch sen\u00e1tor\u016f spo\u010d\u00edv\u00e1 v obsazov\u00e1n\u00ed medi\u00e1ln\u00edch rad, kter\u00e9 maj\u00ed vliv mimo jin\u00e9 na jmenov\u00e1n\u00ed a odvol\u00e1v\u00e1n\u00ed \u0161\u00e9f\u016f ve\u0159ejnopr\u00e1vn\u00edch m\u00e9di\u00ed.\u00a0Oberfalzer uvedl, \u017ee Sen\u00e1t v minulosti dvakr\u00e1t navrhl upravit volby \u010dlen\u016f rad tak, aby Sen\u00e1t nominoval t\u0159etinu z nich. &#8222;Ani jeden z t\u011bch n\u00e1vrh\u016f nepro\u0161el. Sn\u011bmovna to prost\u011b nechce, nechce se vzd\u00e1t sv\u00e9ho mocensk\u00e9ho vlivu na tyto instituce,&#8220; dodal.<\/p>\n<p>Petice, kterou v dob\u011b jej\u00edho lo\u0148sk\u00e9ho odevzd\u00e1n\u00ed podepsalo 16 365 lid\u00ed, vyz\u00fdv\u00e1 mimo jin\u00e9 k odm\u00edtnut\u00ed snahy \u010d\u00e1sti politik\u016f m\u00e9dia ve\u0159ejn\u00e9 slu\u017eby zru\u0161it, zprivatizovat nebo p\u0159ev\u00e9st pod jejich kontrolu. &#8222;Nechceme se vracet do dob vl\u00e1dy jedn\u00e9 strany,&#8220; stoj\u00ed v petici, kter\u00e1 Sen\u00e1t vyzvala k p\u0159ijet\u00ed z\u00e1konn\u00fdch pojistek proti &#8222;politick\u00e9 (z)v\u016fli mocn\u00fdch&#8220;.<\/p>\n<p>(zdroj: T\u00fdden.cz)<\/p>\n","protected":false},"excerpt":{"rendered":"<p>Sen\u00e1t se postavil za udr\u017een\u00ed ekonomick\u00e9 i institucion\u00e1ln\u00ed nez\u00e1vislosti ve\u0159ejnopr\u00e1vn\u00edch m\u00e9di\u00ed. Pomoci by tomu podle n\u011bkter\u00fdch sen\u00e1tor\u016f mohla zm\u011bna zp\u016fsobu v\u00fdb\u011bru medi\u00e1ln\u00edch rad tak, aby se na n\u011bm pod\u00edlela i horn\u00ed komora Parlamentu. Sn\u011bmovna se v minulosti opakovan\u011b odm\u00edtla vzd\u00e1t sv\u00e9ho vlivu na tato m\u00e9dia, \u0159ekl k tomu m\u00edstop\u0159edseda Sen\u00e1tu a n\u011bkdej\u0161\u00ed p\u0159edseda sen\u00e1tn\u00ed medi\u00e1ln\u00ed komise Ji\u0159\u00ed Oberfalzer (ODS).<\/p>\n","protected":false},"author":2,"featured_media":2321,"comment_status":"open","ping_status":"open","sticky":false,"template":"","format":"standard","meta":{"footnotes":""},"categories":[16],"tags":[],"class_list":["post-2320","post","type-post","status-publish","format-standard","has-post-thumbnail","hentry","category-ze-senatu"],"_links":{"self":[{"href":"https:\/\/jirioberfalzer.cz\/index.php?rest_route=\/wp\/v2\/posts\/2320","targetHints":{"allow":["GET"]}}],"collection":[{"href":"https:\/\/jirioberfalzer.cz\/index.php?rest_route=\/wp\/v2\/posts"}],"about":[{"href":"https:\/\/jirioberfalzer.cz\/index.php?rest_route=\/wp\/v2\/types\/post"}],"author":[{"embeddable":true,"href":"https:\/\/jirioberfalzer.cz\/index.php?rest_route=\/wp\/v2\/users\/2"}],"replies":[{"embeddable":true,"href":"https:\/\/jirioberfalzer.cz\/index.php?rest_route=%2Fwp%2Fv2%2Fcomments&post=2320"}],"version-history":[{"count":1,"href":"https:\/\/jirioberfalzer.cz\/index.php?rest_route=\/wp\/v2\/posts\/2320\/revisions"}],"predecessor-version":[{"id":2322,"href":"https:\/\/jirioberfalzer.cz\/index.php?rest_route=\/wp\/v2\/posts\/2320\/revisions\/2322"}],"wp:featuredmedia":[{"embeddable":true,"href":"https:\/\/jirioberfalzer.cz\/index.php?rest_route=\/wp\/v2\/media\/2321"}],"wp:attachment":[{"href":"https:\/\/jirioberfalzer.cz\/index.php?rest_route=%2Fwp%2Fv2%2Fmedia&parent=2320"}],"wp:term":[{"taxonomy":"category","embeddable":true,"href":"https:\/\/jirioberfalzer.cz\/index.php?rest_route=%2Fwp%2Fv2%2Fcategories&post=2320"},{"taxonomy":"post_tag","embeddable":true,"href":"https:\/\/jirioberfalzer.cz\/index.php?rest_route=%2Fwp%2Fv2%2Ftags&post=2320"}],"curies":[{"name":"wp","href":"https:\/\/api.w.org\/{rel}","templated":true}]}}