{"id":2306,"date":"2019-06-05T09:17:23","date_gmt":"2019-06-05T08:17:23","guid":{"rendered":"http:\/\/jirioberfalzer.cz\/?p=2306"},"modified":"2019-06-05T09:17:23","modified_gmt":"2019-06-05T08:17:23","slug":"evropa-na-rozcesti","status":"publish","type":"post","link":"https:\/\/jirioberfalzer.cz\/?p=2306","title":{"rendered":"Evropa na rozcest\u00ed?"},"content":{"rendered":"<p><a href=\"https:\/\/jirioberfalzer.cz\/wp-content\/uploads\/2019\/06\/konf_compressed.jpg\"><img loading=\"lazy\" decoding=\"async\" class=\"aligncenter size-medium wp-image-2307\" src=\"https:\/\/jirioberfalzer.cz\/wp-content\/uploads\/2019\/06\/konf_compressed-300x200.jpg\" alt=\"\" width=\"300\" height=\"200\" srcset=\"https:\/\/jirioberfalzer.cz\/wp-content\/uploads\/2019\/06\/konf_compressed-300x200.jpg 300w, https:\/\/jirioberfalzer.cz\/wp-content\/uploads\/2019\/06\/konf_compressed-768x512.jpg 768w, https:\/\/jirioberfalzer.cz\/wp-content\/uploads\/2019\/06\/konf_compressed.jpg 930w\" sizes=\"auto, (max-width: 300px) 100vw, 300px\" \/><\/a>Pol\u00e1ci si p\u00e1d komunismu p\u0159ipom\u00ednaj\u00ed o p\u00e1r m\u011bs\u00edc\u016f d\u0159\u00edve ne\u017e my, symbolick\u00fdm datem je pro n\u011b 4. 6. 1989, kdy se konaly prvn\u00ed svobodn\u00e9 volby do jejich horn\u00ed komory parlamentu. V p\u0159edve\u010der jejich sv\u00e1tku jsem spolu s velvyslanectv\u00edm Polska a Polsk\u00fdm institutem v Praze uspo\u0159\u00e1dal v Hlavn\u00edm s\u00e1le Sen\u00e1tu debatn\u00ed konferenci s n\u00e1zvem &#8222;Evropa na rozcest\u00ed?&#8220;, kde jsme nejen vzpom\u00ednali, ale t\u00fdden po eurovolb\u00e1ch se zejm\u00e9na zam\u00fd\u0161leli nad dal\u0161\u00edm v\u00fdvojem Evropy. Mezi diskut\u00e9ry byl nap\u0159. m\u00edstop\u0159edseda Evropsk\u00e9ho parlamentu Zdzis\u0142aw Krasnod\u0119bski, \u010derstv\u00fd europoslanec Alexandr Vondra nebo \u0159editel Knihovny V\u00e1clava Havla Michael \u017dantovsk\u00fd, \u00fa\u010dastn\u00edky pozdravila t\u00e9\u017e m\u00edstop\u0159edsedkyn\u011b polsk\u00e9ho Sen\u00e1tu Marie Koc. Tu jsem ke kr\u00e1tk\u00e9mu jedn\u00e1n\u00ed p\u0159ijal je\u0161t\u011b p\u0159ed konferenc\u00ed ve sv\u00e9 pracovn\u011b.<\/p>\n","protected":false},"excerpt":{"rendered":"<p>\u010cesko-polsk\u00e1 konference k 30. v\u00fdro\u010d\u00ed prvn\u00edch svobodn\u00fdch voleb v Polsku<\/p>\n","protected":false},"author":2,"featured_media":2307,"comment_status":"open","ping_status":"open","sticky":false,"template":"","format":"standard","meta":{"footnotes":""},"categories":[16],"tags":[],"class_list":["post-2306","post","type-post","status-publish","format-standard","has-post-thumbnail","hentry","category-ze-senatu"],"_links":{"self":[{"href":"https:\/\/jirioberfalzer.cz\/index.php?rest_route=\/wp\/v2\/posts\/2306","targetHints":{"allow":["GET"]}}],"collection":[{"href":"https:\/\/jirioberfalzer.cz\/index.php?rest_route=\/wp\/v2\/posts"}],"about":[{"href":"https:\/\/jirioberfalzer.cz\/index.php?rest_route=\/wp\/v2\/types\/post"}],"author":[{"embeddable":true,"href":"https:\/\/jirioberfalzer.cz\/index.php?rest_route=\/wp\/v2\/users\/2"}],"replies":[{"embeddable":true,"href":"https:\/\/jirioberfalzer.cz\/index.php?rest_route=%2Fwp%2Fv2%2Fcomments&post=2306"}],"version-history":[{"count":1,"href":"https:\/\/jirioberfalzer.cz\/index.php?rest_route=\/wp\/v2\/posts\/2306\/revisions"}],"predecessor-version":[{"id":2308,"href":"https:\/\/jirioberfalzer.cz\/index.php?rest_route=\/wp\/v2\/posts\/2306\/revisions\/2308"}],"wp:featuredmedia":[{"embeddable":true,"href":"https:\/\/jirioberfalzer.cz\/index.php?rest_route=\/wp\/v2\/media\/2307"}],"wp:attachment":[{"href":"https:\/\/jirioberfalzer.cz\/index.php?rest_route=%2Fwp%2Fv2%2Fmedia&parent=2306"}],"wp:term":[{"taxonomy":"category","embeddable":true,"href":"https:\/\/jirioberfalzer.cz\/index.php?rest_route=%2Fwp%2Fv2%2Fcategories&post=2306"},{"taxonomy":"post_tag","embeddable":true,"href":"https:\/\/jirioberfalzer.cz\/index.php?rest_route=%2Fwp%2Fv2%2Ftags&post=2306"}],"curies":[{"name":"wp","href":"https:\/\/api.w.org\/{rel}","templated":true}]}}