{"id":2299,"date":"2019-05-22T21:05:23","date_gmt":"2019-05-22T20:05:23","guid":{"rendered":"http:\/\/jirioberfalzer.cz\/?p=2299"},"modified":"2019-05-22T21:05:23","modified_gmt":"2019-05-22T20:05:23","slug":"navsteva-devataku-ze-zs-kraluv-dvur","status":"publish","type":"post","link":"https:\/\/jirioberfalzer.cz\/?p=2299","title":{"rendered":"N\u00e1v\u0161t\u011bva dev\u00e1\u0165\u00e1k\u016f ze Z\u0160 Kr\u00e1l\u016fv Dv\u016fr"},"content":{"rendered":"<p><a href=\"https:\/\/jirioberfalzer.cz\/wp-content\/uploads\/2019\/05\/kd.jpg\"><img loading=\"lazy\" decoding=\"async\" class=\"aligncenter size-medium wp-image-2300\" src=\"https:\/\/jirioberfalzer.cz\/wp-content\/uploads\/2019\/05\/kd-300x169.jpg\" alt=\"\" width=\"300\" height=\"169\" srcset=\"https:\/\/jirioberfalzer.cz\/wp-content\/uploads\/2019\/05\/kd-300x169.jpg 300w, https:\/\/jirioberfalzer.cz\/wp-content\/uploads\/2019\/05\/kd-768x433.jpg 768w, https:\/\/jirioberfalzer.cz\/wp-content\/uploads\/2019\/05\/kd.jpg 1000w\" sizes=\"auto, (max-width: 300px) 100vw, 300px\" \/><\/a>\u017d\u00e1ci 9. t\u0159\u00edd Z\u0160 Kr\u00e1l\u016fv Dv\u016fr (Jungmannova) pod veden\u00edm \u0159editele \u0161koly Ev\u017eena Kroba nav\u0161t\u00edvili Sen\u00e1t. \u017d\u00e1ci m\u011bli nejprve p\u0159\u00edle\u017eitost obdivovat kr\u00e1sy Vald\u0161tejnsk\u00e9ho pal\u00e1ce s pr\u016fvodkyn\u00ed, pak zasedli do sen\u00e1torsk\u00fdch lavic a p\u0159i debat\u011b s m\u00edstop\u0159edsedou Sen\u00e1tu J. Oberfalzerem si ujasnili n\u011bkter\u00e9 z\u00e1kladn\u00ed principy fungov\u00e1n\u00ed parlamentn\u00ed demokracie v na\u0161\u00ed zemi. \u017d\u00e1ci pak m\u011bli nam\u00ed\u0159eno do n\u00e1dhern\u00e9 Vald\u0161tejnsk\u00e9 zahrady a na dal\u0161\u00ed kr\u00e1sn\u00e1 m\u00edsta Prahy \u2013 na Malostransk\u00e9 n\u00e1m\u011bst\u00ed \u010di Karl\u016fv most, a ani jim nevadilo de\u0161tiv\u00e9 po\u010das\u00ed. Je t\u0159eba je pochv\u00e1lit za vzorn\u00e9 chov\u00e1n\u00ed a vystupov\u00e1n\u00ed, kter\u00fdm dob\u0159e reprezentovali svou \u0161kolu:-)<\/p>\n","protected":false},"excerpt":{"rendered":"<p>\u017d\u00e1ci vzorn\u011b reprezentovali svou \u0161kolu.<\/p>\n","protected":false},"author":2,"featured_media":2300,"comment_status":"open","ping_status":"open","sticky":false,"template":"","format":"standard","meta":{"footnotes":""},"categories":[16],"tags":[],"class_list":["post-2299","post","type-post","status-publish","format-standard","has-post-thumbnail","hentry","category-ze-senatu"],"_links":{"self":[{"href":"https:\/\/jirioberfalzer.cz\/index.php?rest_route=\/wp\/v2\/posts\/2299","targetHints":{"allow":["GET"]}}],"collection":[{"href":"https:\/\/jirioberfalzer.cz\/index.php?rest_route=\/wp\/v2\/posts"}],"about":[{"href":"https:\/\/jirioberfalzer.cz\/index.php?rest_route=\/wp\/v2\/types\/post"}],"author":[{"embeddable":true,"href":"https:\/\/jirioberfalzer.cz\/index.php?rest_route=\/wp\/v2\/users\/2"}],"replies":[{"embeddable":true,"href":"https:\/\/jirioberfalzer.cz\/index.php?rest_route=%2Fwp%2Fv2%2Fcomments&post=2299"}],"version-history":[{"count":1,"href":"https:\/\/jirioberfalzer.cz\/index.php?rest_route=\/wp\/v2\/posts\/2299\/revisions"}],"predecessor-version":[{"id":2301,"href":"https:\/\/jirioberfalzer.cz\/index.php?rest_route=\/wp\/v2\/posts\/2299\/revisions\/2301"}],"wp:featuredmedia":[{"embeddable":true,"href":"https:\/\/jirioberfalzer.cz\/index.php?rest_route=\/wp\/v2\/media\/2300"}],"wp:attachment":[{"href":"https:\/\/jirioberfalzer.cz\/index.php?rest_route=%2Fwp%2Fv2%2Fmedia&parent=2299"}],"wp:term":[{"taxonomy":"category","embeddable":true,"href":"https:\/\/jirioberfalzer.cz\/index.php?rest_route=%2Fwp%2Fv2%2Fcategories&post=2299"},{"taxonomy":"post_tag","embeddable":true,"href":"https:\/\/jirioberfalzer.cz\/index.php?rest_route=%2Fwp%2Fv2%2Ftags&post=2299"}],"curies":[{"name":"wp","href":"https:\/\/api.w.org\/{rel}","templated":true}]}}