{"id":2279,"date":"2019-04-26T19:58:48","date_gmt":"2019-04-26T18:58:48","guid":{"rendered":"http:\/\/jirioberfalzer.cz\/?p=2279"},"modified":"2019-04-26T19:58:48","modified_gmt":"2019-04-26T18:58:48","slug":"2279","status":"publish","type":"post","link":"https:\/\/jirioberfalzer.cz\/?p=2279","title":{"rendered":""},"content":{"rendered":"<p><a href=\"https:\/\/jirioberfalzer.cz\/wp-content\/uploads\/2019\/04\/tlustice_compressed.jpg\"><img loading=\"lazy\" decoding=\"async\" class=\"aligncenter size-medium wp-image-2280\" src=\"https:\/\/jirioberfalzer.cz\/wp-content\/uploads\/2019\/04\/tlustice_compressed-300x200.jpg\" alt=\"\" width=\"300\" height=\"200\" srcset=\"https:\/\/jirioberfalzer.cz\/wp-content\/uploads\/2019\/04\/tlustice_compressed-300x200.jpg 300w, https:\/\/jirioberfalzer.cz\/wp-content\/uploads\/2019\/04\/tlustice_compressed-768x511.jpg 768w, https:\/\/jirioberfalzer.cz\/wp-content\/uploads\/2019\/04\/tlustice_compressed.jpg 1000w\" sizes=\"auto, (max-width: 300px) 100vw, 300px\" \/><\/a>Ve \u010dtvrtek 25.dubna se na leti\u0161ti v Tlustici u Ho\u0159ovic konala krajsk\u00e1 sout\u011b\u017e ve vypro\u0161\u0165ov\u00e1n\u00ed zran\u011bn\u00fdch osob z havarovan\u00fdch vozidel. Leto\u0161n\u00ed ji\u017e p\u00e1t\u00fd ro\u010dn\u00edk vyhr\u00e1la jednotka z \u00dazemn\u00edho odboru Beroun. Kr\u00e1sn\u00e9 slunn\u00e9 po\u010das\u00ed, \u00fa\u017easn\u00e1 atmosf\u00e9ra, b\u00e1je\u010dn\u00fd doprovodn\u00fd program &#8211; to v\u0161e dohromady p\u0159il\u00e1kalo velk\u00e9 mno\u017estv\u00ed n\u00e1v\u0161t\u011bvn\u00edk\u016f. Program ve velk\u00e9 m\u00ed\u0159e c\u00edlil i na d\u011bti. Ty si mohly nap\u0159. vyzkou\u0161et pr\u00e1ci s termokamerou v jednom ze stan\u016f se simulac\u00ed zakou\u0159en\u00e9ho prost\u0159ed\u00ed p\u0159i po\u017e\u00e1ru. Nechyb\u011bly uk\u00e1zky hasi\u010dsk\u00e9ho a policejn\u00edho vybaven\u00ed, v\u010detn\u011b mo\u017enosti nasadit si helmu nebo ochrannou vestu. K akci jsem poskytl rozhovor.<\/p>\n","protected":false},"excerpt":{"rendered":"<p>Ve \u010dtvrtek 25.dubna se na leti\u0161ti v Tlustici u Ho\u0159ovic konala krajsk\u00e1 sout\u011b\u017e ve vypro\u0161\u0165ov\u00e1n\u00ed zran\u011bn\u00fdch osob z havarovan\u00fdch vozidel. Leto\u0161n\u00ed ji\u017e p\u00e1t\u00fd ro\u010dn\u00edk vyhr\u00e1la jednotka z \u00dazemn\u00edho odboru Beroun. Kr\u00e1sn\u00e9 slunn\u00e9 po\u010das\u00ed, \u00fa\u017easn\u00e1&#46;&#46;&#46;<\/p>\n","protected":false},"author":2,"featured_media":2280,"comment_status":"open","ping_status":"open","sticky":false,"template":"","format":"standard","meta":{"footnotes":""},"categories":[2],"tags":[],"class_list":["post-2279","post","type-post","status-publish","format-standard","has-post-thumbnail","hentry","category-z-regionu"],"_links":{"self":[{"href":"https:\/\/jirioberfalzer.cz\/index.php?rest_route=\/wp\/v2\/posts\/2279","targetHints":{"allow":["GET"]}}],"collection":[{"href":"https:\/\/jirioberfalzer.cz\/index.php?rest_route=\/wp\/v2\/posts"}],"about":[{"href":"https:\/\/jirioberfalzer.cz\/index.php?rest_route=\/wp\/v2\/types\/post"}],"author":[{"embeddable":true,"href":"https:\/\/jirioberfalzer.cz\/index.php?rest_route=\/wp\/v2\/users\/2"}],"replies":[{"embeddable":true,"href":"https:\/\/jirioberfalzer.cz\/index.php?rest_route=%2Fwp%2Fv2%2Fcomments&post=2279"}],"version-history":[{"count":1,"href":"https:\/\/jirioberfalzer.cz\/index.php?rest_route=\/wp\/v2\/posts\/2279\/revisions"}],"predecessor-version":[{"id":2281,"href":"https:\/\/jirioberfalzer.cz\/index.php?rest_route=\/wp\/v2\/posts\/2279\/revisions\/2281"}],"wp:featuredmedia":[{"embeddable":true,"href":"https:\/\/jirioberfalzer.cz\/index.php?rest_route=\/wp\/v2\/media\/2280"}],"wp:attachment":[{"href":"https:\/\/jirioberfalzer.cz\/index.php?rest_route=%2Fwp%2Fv2%2Fmedia&parent=2279"}],"wp:term":[{"taxonomy":"category","embeddable":true,"href":"https:\/\/jirioberfalzer.cz\/index.php?rest_route=%2Fwp%2Fv2%2Fcategories&post=2279"},{"taxonomy":"post_tag","embeddable":true,"href":"https:\/\/jirioberfalzer.cz\/index.php?rest_route=%2Fwp%2Fv2%2Ftags&post=2279"}],"curies":[{"name":"wp","href":"https:\/\/api.w.org\/{rel}","templated":true}]}}