{"id":2253,"date":"2019-04-07T16:48:24","date_gmt":"2019-04-07T15:48:24","guid":{"rendered":"http:\/\/jirioberfalzer.cz\/?p=2253"},"modified":"2019-04-07T16:48:24","modified_gmt":"2019-04-07T15:48:24","slug":"pout-dikuvzdani-muklu-svata-hora-pribram","status":"publish","type":"post","link":"https:\/\/jirioberfalzer.cz\/?p=2253","title":{"rendered":"Pou\u0165 d\u00edk\u016fvzd\u00e1n\u00ed mukl\u016f &#8211; Svat\u00e1 Hora, P\u0159\u00edbram"},"content":{"rendered":"<p><a href=\"https:\/\/jirioberfalzer.cz\/wp-content\/uploads\/2019\/04\/Svata-Hora_compressed.jpg\"><img loading=\"lazy\" decoding=\"async\" class=\"aligncenter size-medium wp-image-2255\" src=\"https:\/\/jirioberfalzer.cz\/wp-content\/uploads\/2019\/04\/Svata-Hora_compressed-300x153.jpg\" alt=\"\" width=\"300\" height=\"153\" srcset=\"https:\/\/jirioberfalzer.cz\/wp-content\/uploads\/2019\/04\/Svata-Hora_compressed-300x153.jpg 300w, https:\/\/jirioberfalzer.cz\/wp-content\/uploads\/2019\/04\/Svata-Hora_compressed-768x392.jpg 768w, https:\/\/jirioberfalzer.cz\/wp-content\/uploads\/2019\/04\/Svata-Hora_compressed.jpg 864w\" sizes=\"auto, (max-width: 300px) 100vw, 300px\" \/><\/a>Na Svat\u00e9 Ho\u0159e u P\u0159\u00edbrami na III. pouti d\u00edkuvzd\u00e1n\u00ed mukl\u016f, kte\u0159\u00ed p\u0159e\u017eili propad v NPT Byt\u00edz u P\u0159\u00edbrami v noci z 31. 3. na 1. 4. 1962, jsem pronesl tento projev k z\u00fa\u010dastn\u011bn\u00fdm:<\/p>\n<p>Kolik \u017eivot\u016f m\u00e1 na sv\u011bdom\u00ed komunismus, kolik zma\u0159en\u00fdch lidsk\u00fdch osud\u016f, kolik \u0161r\u00e1m\u016f zanechal na du\u0161i n\u00e1roda, o kolik talentovan\u00fdch, schopn\u00fdch a vzd\u011blan\u00fdch lid\u00ed p\u0159ipravil na\u0161i zemi.<br \/>\nZnovuobjevil, ba zdokonalil metody mu\u010den\u00ed, vyd\u00edr\u00e1n\u00ed <span class=\"text_exposed_show\">a poni\u017eov\u00e1n\u00ed. Likvidoval cel\u00e9 spole\u010densk\u00e9 stavy, sedl\u00e1ky, \u0159eholn\u00edky, decimoval kn\u011b\u017e\u00ed a perzekvoval v\u011b\u0159\u00edc\u00ed. Pron\u00e1sledoval lidi odli\u0161n\u00fdch n\u00e1zor\u016f.<br \/>\nZalo\u017eil vlastn\u00ed koncentra\u010dn\u00ed t\u00e1bory a naplnil je novodob\u00fdmi galejn\u00edky, z nich\u017e mnoz\u00ed se provinili jen nesouhlasem, \u010di odporem, \u010dasto jen pasivn\u00edm. N\u011bkdy se \u201eprovinili\u201c jen t\u00edm, \u017ee na n\u011b padl n\u00e1hodn\u00fd los k exempl\u00e1rn\u00ed fyzick\u00e9 nebo spole\u010densk\u00e9 likvidaci.<br \/>\nA to v\u0161e prakticky vz\u00e1p\u011bt\u00ed po \u0161estilet\u00e9 nacistick\u00e9 represi.<br \/>\nPo \u010dty\u0159ech desetilet\u00edch systematick\u00e9 \u201esocialistick\u00e9\u201c decimace n\u00e1roda a jeho mor\u00e1lky, t\u011b\u017ece povst\u00e1v\u00e1me do svobody. Neseme si s sebou \u0159adu ne\u0161var\u016f minul\u00e9 epochy a po\u0161kozujeme tak i na\u0161i dobu. \u010cek\u00e1 n\u00e1s je\u0161t\u011b hodn\u011b pr\u00e1ce na sob\u011b sam\u00fdch a na\u0161\u00ed spole\u010dnosti, ale v\u011b\u0159me, \u017ee povede k d\u016fstojn\u011bj\u0161\u00edmu a spravedliv\u00e9mu \u017eivotu pro v\u0161echny.<br \/>\nNedalek\u00fdm Byt\u00edzem pro\u0161lo na tis\u00edce mukl\u016f, nem\u00e1lo z nich byli politi\u010dt\u00ed trestanci, n\u011bkte\u0159\u00ed byli bojovn\u00edci proti nacismu a dostali se sem v d\u016fsledku origin\u00e1ln\u00ed Stalinovy \u201ez\u00e1liby\u201c zav\u00edrat zejm\u00e9na ty bez\u00fahonn\u00e9 a nejl\u00e9pe rovnou hrdiny, proto\u017ee v takto vytv\u00e1\u0159en\u00e9 atmosf\u00e9\u0159e se pak ka\u017ed\u00fd boj\u00ed ka\u017ed\u00e9ho.<br \/>\nNa rukou komunist\u016f je dodnes sotva zasychaj\u00edc\u00ed krev. Je bolestn\u00e9 vid\u011bt, kolik zv\u016fle p\u0159inesla komunistick\u00e1 totalita a jak m\u00e1lo bylo potrest\u00e1no zlo\u010din\u016f nap\u00e1chan\u00fdch v jej\u00edm jm\u00e9nu, pod jej\u00ed vl\u00e1dou.<br \/>\nN\u011bkte\u0159\u00ed lid\u00e9 \u0159\u00edkali a n\u011bkte\u0159\u00ed si mo\u017en\u00e1 st\u00e1le mysl\u00ed, \u017ee idea komunismu byla dobr\u00e1 a chyba byla jen v jej\u00edm proveden\u00ed. Tohoto omylu se mus\u00edme zbavit. Dobro nelze nastolovat diktaturou, \u010dlov\u011bka nelze vylep\u0161ovat n\u00e1sil\u00edm. Nejlep\u0161\u00edm prost\u0159edkem i prost\u0159ed\u00edm pro mravn\u00ed pokrok je svoboda.<br \/>\nTakov\u00fd byl ostatn\u011b i Bo\u017e\u00ed z\u00e1m\u011br, d\u00e1t \u010dlov\u011bku volnost, aby s\u00e1m poznal, co je spr\u00e1vn\u00e9, aby s\u00e1m hledal cestu k pravd\u011b o sob\u011b i o sv\u011bt\u011b. Ka\u017ed\u00e9 okrajov\u00e1n\u00ed lidsk\u00e9 svobody vzdaluje \u010dlov\u011bka jeho p\u016fvodn\u00edmu posl\u00e1n\u00ed.<br \/>\nO zlo\u010dinn\u00e9 podstat\u011b komunistick\u00e9ho re\u017eimu hovo\u0159\u00edm tak dlouze proto, \u017ee na n\u00e1s st\u00e1le vystrkuje rohy. Komunist\u00e9, hrd\u011b se hl\u00e1s\u00edc\u00ed ke Stalinovu a Gottaldovu odkazu, dost\u00e1vaj\u00ed d\u00edky sou\u010dasn\u00e9 vl\u00e1dn\u00ed koalici mimo\u0159\u00e1dnou moc znovu ovliv\u0148ovat na\u0161i sou\u010dasnost, mluvit do zahrani\u010dn\u00ed politiky, do rozpo\u010dtu, do medi\u00e1ln\u00ed politiky i do n\u00e1pravy k\u0159ivd, kter\u00e9 sami sp\u00e1chali. Demonstrace jejich nestydatosti je novela ke zdan\u011bn\u00ed n\u00e1hrad za c\u00edrkevn\u00ed majetek, kter\u00fd jim nejd\u0159\u00edv ukradli a nyn\u00ed cht\u011bj\u00ed znovu br\u00e1t.<br \/>\nZe v\u0161ech t\u011bchto jejich politick\u00fdch projev\u016f a po\u010din\u016f je patrn\u00e9, \u017ee se nezm\u011bnili, \u017ee na sv\u00fdch h\u0159\u00ed\u0161\u00edch setrv\u00e1vaj\u00ed a jsou daleci pok\u00e1n\u00ed.<br \/>\nDnes si zde ale p\u0159ipom\u00edn\u00e1me tragickou ud\u00e1lost, kter\u00e1 se stala 1. dubna 1962. Vyjad\u0159ujeme d\u00edk Bohu, \u017ee u\u0161et\u0159il tolik \u017eivot\u016f a \u017ee (a\u017e na dva trestance) ostatn\u00ed muklov\u00e9 z\u016fstali uchr\u00e1n\u011bni. D\u011bkujeme Bohu, \u017ee je p\u0159i jejich i tak t\u011b\u017ek\u00e9m \u00fad\u011blu uchr\u00e1nil p\u0159ed ztr\u00e1tou nejvy\u0161\u0161\u00ed, p\u0159ed ztr\u00e1tou \u017eivota.<br \/>\nKatastrofa na Byt\u00edzu je ud\u00e1lost v\u00fdjime\u010dn\u00e1, ale d\u011bkuji v\u0161em p\u0159\u00edtomn\u00fdm, \u017ee v\u011bnovali pozornost m\u00e9mu zamy\u0161len\u00ed nad \u0161ir\u0161\u00edm r\u00e1mcem toho, co se zde po cel\u00e1 l\u00e9ta d\u011blo.<br \/>\nP\u0159ejme si, aby to u\u017e \u017e\u00e1dn\u00e1 generace na\u0161ich potomk\u016f nemusela za\u017e\u00edvat.<\/span><\/p>\n","protected":false},"excerpt":{"rendered":"<p>Projev m\u00edstop\u0159edsedy Sen\u00e1tu J. Oberfalzera na Svat\u00e9 Ho\u0159e u P\u0159\u00edbrami na III. pouti d\u00edkuvzd\u00e1n\u00ed mukl\u016f, kte\u0159\u00ed p\u0159e\u017eili propad v NPT Byt\u00edz u P\u0159\u00edbrami v noci z 31. 3. na 1. 4. 1962.<\/p>\n","protected":false},"author":2,"featured_media":2255,"comment_status":"open","ping_status":"open","sticky":false,"template":"","format":"standard","meta":{"footnotes":""},"categories":[3],"tags":[],"class_list":["post-2253","post","type-post","status-publish","format-standard","has-post-thumbnail","hentry","category-udalosti-a-komentare"],"_links":{"self":[{"href":"https:\/\/jirioberfalzer.cz\/index.php?rest_route=\/wp\/v2\/posts\/2253","targetHints":{"allow":["GET"]}}],"collection":[{"href":"https:\/\/jirioberfalzer.cz\/index.php?rest_route=\/wp\/v2\/posts"}],"about":[{"href":"https:\/\/jirioberfalzer.cz\/index.php?rest_route=\/wp\/v2\/types\/post"}],"author":[{"embeddable":true,"href":"https:\/\/jirioberfalzer.cz\/index.php?rest_route=\/wp\/v2\/users\/2"}],"replies":[{"embeddable":true,"href":"https:\/\/jirioberfalzer.cz\/index.php?rest_route=%2Fwp%2Fv2%2Fcomments&post=2253"}],"version-history":[{"count":2,"href":"https:\/\/jirioberfalzer.cz\/index.php?rest_route=\/wp\/v2\/posts\/2253\/revisions"}],"predecessor-version":[{"id":2257,"href":"https:\/\/jirioberfalzer.cz\/index.php?rest_route=\/wp\/v2\/posts\/2253\/revisions\/2257"}],"wp:featuredmedia":[{"embeddable":true,"href":"https:\/\/jirioberfalzer.cz\/index.php?rest_route=\/wp\/v2\/media\/2255"}],"wp:attachment":[{"href":"https:\/\/jirioberfalzer.cz\/index.php?rest_route=%2Fwp%2Fv2%2Fmedia&parent=2253"}],"wp:term":[{"taxonomy":"category","embeddable":true,"href":"https:\/\/jirioberfalzer.cz\/index.php?rest_route=%2Fwp%2Fv2%2Fcategories&post=2253"},{"taxonomy":"post_tag","embeddable":true,"href":"https:\/\/jirioberfalzer.cz\/index.php?rest_route=%2Fwp%2Fv2%2Ftags&post=2253"}],"curies":[{"name":"wp","href":"https:\/\/api.w.org\/{rel}","templated":true}]}}