{"id":2249,"date":"2019-03-26T09:18:38","date_gmt":"2019-03-26T08:18:38","guid":{"rendered":"http:\/\/jirioberfalzer.cz\/?p=2249"},"modified":"2019-03-26T09:18:38","modified_gmt":"2019-03-26T08:18:38","slug":"zastita-nad-projektem-enersol-2019","status":"publish","type":"post","link":"https:\/\/jirioberfalzer.cz\/?p=2249","title":{"rendered":"Z\u00e1\u0161tita nad projektem ENERSOL 2019"},"content":{"rendered":"<p><a href=\"https:\/\/jirioberfalzer.cz\/wp-content\/uploads\/2019\/03\/20190321adruhnaj_Enersol_0036.jpg\"><img loading=\"lazy\" decoding=\"async\" class=\"aligncenter size-medium wp-image-2250\" src=\"https:\/\/jirioberfalzer.cz\/wp-content\/uploads\/2019\/03\/20190321adruhnaj_Enersol_0036-300x200.jpg\" alt=\"\" width=\"300\" height=\"200\" srcset=\"https:\/\/jirioberfalzer.cz\/wp-content\/uploads\/2019\/03\/20190321adruhnaj_Enersol_0036-300x200.jpg 300w, https:\/\/jirioberfalzer.cz\/wp-content\/uploads\/2019\/03\/20190321adruhnaj_Enersol_0036-768x512.jpg 768w, https:\/\/jirioberfalzer.cz\/wp-content\/uploads\/2019\/03\/20190321adruhnaj_Enersol_0036-1024x682.jpg 1024w, https:\/\/jirioberfalzer.cz\/wp-content\/uploads\/2019\/03\/20190321adruhnaj_Enersol_0036.jpg 1310w\" sizes=\"auto, (max-width: 300px) 100vw, 300px\" \/><\/a>Ve \u010dtvrtek 21. b\u0159ezna 2019 jsem byl jedn\u00edm z host\u016f celost\u00e1tn\u00ed konference Enersol 2019 konan\u00e9 v Pardubic\u00edch. Nad projektem, kter\u00fd m\u00e1 za c\u00edl vzd\u011bl\u00e1vat st\u0159edo\u0161kolskou ml\u00e1de\u017e v t\u00e9matech alternativn\u00edch energi\u00ed, energetick\u00fdch \u00faspor (v\u010detn\u011b vody) a sni\u017eov\u00e1n\u00ed emis\u00ed v doprav\u011b, jsem p\u0159evzal z\u00e1\u0161titu jako\u017eto m\u00edstop\u0159edseda Sen\u00e1tu. Po krajsk\u00fdch konferenc\u00edch, z nich\u017e se sout\u011b\u017en\u00ed dru\u017estva st\u0159edo\u0161kol\u00e1k\u016f probojovala do celost\u00e1tn\u00edho kola, budou studenti reprezentuj\u00edc\u00ed \u010ceskou republiku na mezin\u00e1rodn\u00ed konferenci ve slovensk\u00e9 Senici v dubnu pom\u011b\u0159ovat svou \u00farove\u0148 s \u017e\u00e1ky st\u0159edn\u00edch \u0161kol okoln\u00edch zem\u00ed EU (Slovenska, Rakouska, Polska, N\u011bmecka a Slovinska).<br \/>\nProjekt prob\u00edh\u00e1 letos u\u017e 16. rokem a chce prosazovat zm\u00edn\u011bn\u00e1 t\u00e9mata i v netechnick\u00fdch st\u0159edn\u00edch \u0161kol\u00e1ch a m\u011bnit osobn\u00ed postoje mlad\u00e9 generace k alternativ\u00e1m energetick\u00e9ho mixu, energetick\u00fdch \u00faspor a osobn\u00ed anga\u017eovanosti mlad\u00e9 generace v omezov\u00e1n\u00ed emis\u00ed.<\/p>\n","protected":false},"excerpt":{"rendered":"<p>Na celost\u00e1tn\u00ed konferenci Enersol 2019 prezentovali studenti st\u0159edn\u00edch \u0161kol sv\u00e9 projekty k t\u00e9mat\u016fm energetick\u00fdch \u00faspor \u010di sni\u017eov\u00e1n\u00ed emis\u00ed v doprav\u011b.<\/p>\n","protected":false},"author":2,"featured_media":2250,"comment_status":"open","ping_status":"open","sticky":false,"template":"","format":"standard","meta":{"footnotes":""},"categories":[3],"tags":[],"class_list":["post-2249","post","type-post","status-publish","format-standard","has-post-thumbnail","hentry","category-udalosti-a-komentare"],"_links":{"self":[{"href":"https:\/\/jirioberfalzer.cz\/index.php?rest_route=\/wp\/v2\/posts\/2249","targetHints":{"allow":["GET"]}}],"collection":[{"href":"https:\/\/jirioberfalzer.cz\/index.php?rest_route=\/wp\/v2\/posts"}],"about":[{"href":"https:\/\/jirioberfalzer.cz\/index.php?rest_route=\/wp\/v2\/types\/post"}],"author":[{"embeddable":true,"href":"https:\/\/jirioberfalzer.cz\/index.php?rest_route=\/wp\/v2\/users\/2"}],"replies":[{"embeddable":true,"href":"https:\/\/jirioberfalzer.cz\/index.php?rest_route=%2Fwp%2Fv2%2Fcomments&post=2249"}],"version-history":[{"count":1,"href":"https:\/\/jirioberfalzer.cz\/index.php?rest_route=\/wp\/v2\/posts\/2249\/revisions"}],"predecessor-version":[{"id":2251,"href":"https:\/\/jirioberfalzer.cz\/index.php?rest_route=\/wp\/v2\/posts\/2249\/revisions\/2251"}],"wp:featuredmedia":[{"embeddable":true,"href":"https:\/\/jirioberfalzer.cz\/index.php?rest_route=\/wp\/v2\/media\/2250"}],"wp:attachment":[{"href":"https:\/\/jirioberfalzer.cz\/index.php?rest_route=%2Fwp%2Fv2%2Fmedia&parent=2249"}],"wp:term":[{"taxonomy":"category","embeddable":true,"href":"https:\/\/jirioberfalzer.cz\/index.php?rest_route=%2Fwp%2Fv2%2Fcategories&post=2249"},{"taxonomy":"post_tag","embeddable":true,"href":"https:\/\/jirioberfalzer.cz\/index.php?rest_route=%2Fwp%2Fv2%2Ftags&post=2249"}],"curies":[{"name":"wp","href":"https:\/\/api.w.org\/{rel}","templated":true}]}}