{"id":2214,"date":"2019-03-17T09:55:26","date_gmt":"2019-03-17T08:55:26","guid":{"rendered":"http:\/\/jirioberfalzer.cz\/?p=2214"},"modified":"2019-03-17T09:55:28","modified_gmt":"2019-03-17T08:55:28","slug":"rozlouceni-s-byvalym-kolegou-senatorem-jirim-striteskym","status":"publish","type":"post","link":"https:\/\/jirioberfalzer.cz\/?p=2214","title":{"rendered":"Rozlou\u010den\u00ed s b\u00fdval\u00fdm kolegou sen\u00e1torem Ji\u0159\u00edm St\u0159\u00edtesk\u00fdm"},"content":{"rendered":"\n<p>V p\u00e1tek 15. b\u0159ezna se v pardubick\u00e9 ob\u0159adn\u00ed za Sen\u00e1t P\u010cR a za Sen\u00e1torsk\u00fd klub ODS spolu s rodinou, p\u0159\u00e1teli a zn\u00e1m\u00fdmi rozlou\u010dil m\u00edstop\u0159edseda Ji\u0159\u00ed Oberfalzer s b\u00fdval\u00fdm kolegou, p\u0159edsedou Sen\u00e1torsk\u00e9ho klubu ODS, Ji\u0159\u00edm St\u0159\u00edtesk\u00fdm. &#8222;Byl to slu\u0161n\u00fd, pracovit\u00fd a skromn\u00fd \u010dlov\u011bk a skv\u011bl\u00fd kolega. \u010cest jeho pam\u00e1tce,&#8220; \u0159ekl p\u0159i smute\u010dn\u00edm aktu J. Oberfalzer. <\/p>\n","protected":false},"excerpt":{"rendered":"<p>V p\u00e1tek 15. b\u0159ezna se v pardubick\u00e9 ob\u0159adn\u00ed za Sen\u00e1t P\u010cR a za Sen\u00e1torsk\u00fd klub ODS spolu s rodinou, p\u0159\u00e1teli a zn\u00e1m\u00fdmi rozlou\u010dil m\u00edstop\u0159edseda Ji\u0159\u00ed Oberfalzer s b\u00fdval\u00fdm kolegou, p\u0159edsedou Sen\u00e1torsk\u00e9ho klubu ODS, Ji\u0159\u00edm&#46;&#46;&#46;<\/p>\n","protected":false},"author":2,"featured_media":2215,"comment_status":"open","ping_status":"open","sticky":false,"template":"","format":"standard","meta":{"footnotes":""},"categories":[3],"tags":[],"class_list":["post-2214","post","type-post","status-publish","format-standard","has-post-thumbnail","hentry","category-udalosti-a-komentare"],"_links":{"self":[{"href":"https:\/\/jirioberfalzer.cz\/index.php?rest_route=\/wp\/v2\/posts\/2214","targetHints":{"allow":["GET"]}}],"collection":[{"href":"https:\/\/jirioberfalzer.cz\/index.php?rest_route=\/wp\/v2\/posts"}],"about":[{"href":"https:\/\/jirioberfalzer.cz\/index.php?rest_route=\/wp\/v2\/types\/post"}],"author":[{"embeddable":true,"href":"https:\/\/jirioberfalzer.cz\/index.php?rest_route=\/wp\/v2\/users\/2"}],"replies":[{"embeddable":true,"href":"https:\/\/jirioberfalzer.cz\/index.php?rest_route=%2Fwp%2Fv2%2Fcomments&post=2214"}],"version-history":[{"count":2,"href":"https:\/\/jirioberfalzer.cz\/index.php?rest_route=\/wp\/v2\/posts\/2214\/revisions"}],"predecessor-version":[{"id":2217,"href":"https:\/\/jirioberfalzer.cz\/index.php?rest_route=\/wp\/v2\/posts\/2214\/revisions\/2217"}],"wp:featuredmedia":[{"embeddable":true,"href":"https:\/\/jirioberfalzer.cz\/index.php?rest_route=\/wp\/v2\/media\/2215"}],"wp:attachment":[{"href":"https:\/\/jirioberfalzer.cz\/index.php?rest_route=%2Fwp%2Fv2%2Fmedia&parent=2214"}],"wp:term":[{"taxonomy":"category","embeddable":true,"href":"https:\/\/jirioberfalzer.cz\/index.php?rest_route=%2Fwp%2Fv2%2Fcategories&post=2214"},{"taxonomy":"post_tag","embeddable":true,"href":"https:\/\/jirioberfalzer.cz\/index.php?rest_route=%2Fwp%2Fv2%2Ftags&post=2214"}],"curies":[{"name":"wp","href":"https:\/\/api.w.org\/{rel}","templated":true}]}}