{"id":2200,"date":"2019-03-09T09:25:21","date_gmt":"2019-03-09T08:25:21","guid":{"rendered":"http:\/\/jirioberfalzer.cz\/?p=2200"},"modified":"2019-03-09T09:25:21","modified_gmt":"2019-03-09T08:25:21","slug":"oslava-dne-zen-v-klubu-duchodcu-v-beroune","status":"publish","type":"post","link":"https:\/\/jirioberfalzer.cz\/?p=2200","title":{"rendered":"Oslava Dne \u017een v Klubu d\u016fchodc\u016f v Beroun\u011b"},"content":{"rendered":"<p><a href=\"https:\/\/jirioberfalzer.cz\/wp-content\/uploads\/2019\/03\/md\u017e_compressed.jpg\"><img loading=\"lazy\" decoding=\"async\" class=\"aligncenter size-medium wp-image-2202\" src=\"https:\/\/jirioberfalzer.cz\/wp-content\/uploads\/2019\/03\/md\u017e_compressed-300x169.jpg\" alt=\"\" width=\"300\" height=\"169\" srcset=\"https:\/\/jirioberfalzer.cz\/wp-content\/uploads\/2019\/03\/md\u017e_compressed-300x169.jpg 300w, https:\/\/jirioberfalzer.cz\/wp-content\/uploads\/2019\/03\/md\u017e_compressed-768x432.jpg 768w, https:\/\/jirioberfalzer.cz\/wp-content\/uploads\/2019\/03\/md\u017e_compressed.jpg 900w\" sizes=\"auto, (max-width: 300px) 100vw, 300px\" \/><\/a>R\u00e1d jsem p\u0159ijal pozv\u00e1n\u00ed na leto\u0161n\u00ed oslavu sv\u00e1tku \u017een v Klubu d\u016fchodc\u016f v Beroun\u011b, proto\u017ee \u00fa\u010dast na minul\u00fdch akc\u00edch Klubu mi bohu\u017eel ji\u017e n\u011bkolikr\u00e1t znemo\u017enilo kon\u00e1n\u00ed pl\u00e9na Sen\u00e1tu. Tak jsem mohl p\u0159in\u00e9st symbolick\u00fd d\u00e1re\u010dek a osobn\u011b pod\u011bkovat \u017een\u00e1m za to, \u017ee jsou t\u00edm nejd\u016fle\u017eit\u011bj\u0161\u00edm v \u017eivot\u011b mu\u017e\u016f i hybatelkami d\u011bn\u00ed, a p\u0159itom zvl\u00e1daj\u00ed i vytvo\u0159it z\u00e1zem\u00ed a zajistit fungov\u00e1n\u00ed rodiny. A je\u0161t\u011b jsem m\u011bl tu \u010dest rozdat v\u0161em p\u0159\u00edtomn\u00fdm d\u00e1m\u00e1m jarn\u00ed kyti\u010dku.<\/p>\n","protected":false},"excerpt":{"rendered":"<p>V Klubu d\u016fchodc\u016f v Beroun\u011b jsem blahop\u0159\u00e1l \u017een\u00e1m k jejich sv\u00e1tku a ocenil jejich v\u00fdznamnou roli v rodin\u011b i ve spole\u010dnosti.<\/p>\n","protected":false},"author":2,"featured_media":2202,"comment_status":"open","ping_status":"open","sticky":false,"template":"","format":"standard","meta":{"footnotes":""},"categories":[2],"tags":[],"class_list":["post-2200","post","type-post","status-publish","format-standard","has-post-thumbnail","hentry","category-z-regionu"],"_links":{"self":[{"href":"https:\/\/jirioberfalzer.cz\/index.php?rest_route=\/wp\/v2\/posts\/2200","targetHints":{"allow":["GET"]}}],"collection":[{"href":"https:\/\/jirioberfalzer.cz\/index.php?rest_route=\/wp\/v2\/posts"}],"about":[{"href":"https:\/\/jirioberfalzer.cz\/index.php?rest_route=\/wp\/v2\/types\/post"}],"author":[{"embeddable":true,"href":"https:\/\/jirioberfalzer.cz\/index.php?rest_route=\/wp\/v2\/users\/2"}],"replies":[{"embeddable":true,"href":"https:\/\/jirioberfalzer.cz\/index.php?rest_route=%2Fwp%2Fv2%2Fcomments&post=2200"}],"version-history":[{"count":1,"href":"https:\/\/jirioberfalzer.cz\/index.php?rest_route=\/wp\/v2\/posts\/2200\/revisions"}],"predecessor-version":[{"id":2203,"href":"https:\/\/jirioberfalzer.cz\/index.php?rest_route=\/wp\/v2\/posts\/2200\/revisions\/2203"}],"wp:featuredmedia":[{"embeddable":true,"href":"https:\/\/jirioberfalzer.cz\/index.php?rest_route=\/wp\/v2\/media\/2202"}],"wp:attachment":[{"href":"https:\/\/jirioberfalzer.cz\/index.php?rest_route=%2Fwp%2Fv2%2Fmedia&parent=2200"}],"wp:term":[{"taxonomy":"category","embeddable":true,"href":"https:\/\/jirioberfalzer.cz\/index.php?rest_route=%2Fwp%2Fv2%2Fcategories&post=2200"},{"taxonomy":"post_tag","embeddable":true,"href":"https:\/\/jirioberfalzer.cz\/index.php?rest_route=%2Fwp%2Fv2%2Ftags&post=2200"}],"curies":[{"name":"wp","href":"https:\/\/api.w.org\/{rel}","templated":true}]}}