{"id":2190,"date":"2019-03-03T09:05:26","date_gmt":"2019-03-03T08:05:26","guid":{"rendered":"http:\/\/jirioberfalzer.cz\/?p=2190"},"modified":"2019-03-03T09:06:26","modified_gmt":"2019-03-03T08:06:26","slug":"mezinarodni-konference-pronasledovani-rodin-v-dobe-nesvobody","status":"publish","type":"post","link":"https:\/\/jirioberfalzer.cz\/?p=2190","title":{"rendered":"Mezin\u00e1rodn\u00ed konference &#8222;Pron\u00e1sledov\u00e1n\u00ed rodin v dob\u011b nesvobody&#8220;"},"content":{"rendered":"<p><a href=\"https:\/\/jirioberfalzer.cz\/wp-content\/uploads\/2019\/03\/Mene-tekel-s-publikem_compressed.jpg\"><img loading=\"lazy\" decoding=\"async\" class=\"aligncenter size-medium wp-image-2191\" src=\"https:\/\/jirioberfalzer.cz\/wp-content\/uploads\/2019\/03\/Mene-tekel-s-publikem_compressed-300x200.jpg\" alt=\"\" width=\"300\" height=\"200\" srcset=\"https:\/\/jirioberfalzer.cz\/wp-content\/uploads\/2019\/03\/Mene-tekel-s-publikem_compressed-300x200.jpg 300w, https:\/\/jirioberfalzer.cz\/wp-content\/uploads\/2019\/03\/Mene-tekel-s-publikem_compressed-768x512.jpg 768w, https:\/\/jirioberfalzer.cz\/wp-content\/uploads\/2019\/03\/Mene-tekel-s-publikem_compressed.jpg 930w\" sizes=\"auto, (max-width: 300px) 100vw, 300px\" \/><\/a>Komunismus nen\u00ed p\u0159ekonanou d\u011bjinnou etapou, nebo\u0165 se jeho hr\u016fznost nepovedlo dostate\u010dn\u011b vysv\u011btlit t\u011bm, kte\u0159\u00ed jej neza\u017eili. Na dne\u0161n\u00ed konferenci v\u011bnovan\u00e9 pron\u00e1sledov\u00e1n\u00ed rodin v dob\u011b nesvobody, kter\u00e1 se uskute\u010dnila v Sen\u00e1tu jako sou\u010d\u00e1st mezin\u00e1rodn\u00edho projektu proti totalit\u011b Mene Tekel, to \u0159ekl m\u00edstop\u0159edseda Sen\u00e1tu Ji\u0159\u00ed Oberfalzer (ODS).<\/p>\n<p>\u201eNejen\u017ee se n\u00e1m nepoda\u0159ilo vnit\u0159n\u011b vyrovnat se zlo\u010diny komunismu, ale ani p\u0159ibl\u00ed\u017eit jeho hr\u016fznou podstatu zem\u00edm, kter\u00e9 si j\u00edm nepro\u0161ly, ba ani mlad\u0161\u00edm generac\u00edm, kter\u00e9 ho neza\u017eily,\u201c uvedl Oberfalzer. \u201eKomunismus jako touha podmanit si sv\u011bt a uspo\u0159\u00e1dat jej podle jedin\u00e9ho p\u0159\u00edpustn\u00e9ho modelu, vtla\u010dit \u010dlov\u011bka a jeho individualitu do prefabrikovan\u00e9ho mustru absolutn\u00edho dobra, jedin\u00e9 mo\u017en\u00e9 podoby, nen\u00ed p\u0159ekonanou d\u011bjinnou etapou, ale trval\u00fdm ohro\u017een\u00edm svobody,\u201c dodal.<\/p>\n<p>P\u0159ipomn\u011bl, \u017ee po 30 letech od p\u00e1du komunistick\u00e9ho re\u017eimu v n\u011bkdej\u0161\u00edm \u010ceskoslovensku se vl\u00e1da se op\u00edr\u00e1 o podporu komunist\u016f a \u017ee v \u010dele n\u011bkter\u00fdch parlamentn\u00edch stran stoj\u00ed \u201eb\u00fdval\u00e9 komunistick\u00e9 nomenklaturn\u00ed k\u00e1dry a agenti St\u00e1tn\u00ed bezpe\u010dnosti\u201c. Nov\u00e9 generace podle Oberfalzera podl\u00e9haj\u00ed iluzi, \u017ee komunismus vlastn\u011b nebyl tak \u0161patn\u00fd. Objevuj\u00ed se tendence spojit demokracii a socialismus do jak\u00e9hosi nov\u00e9ho demokratick\u00e9ho centralismu.<\/p>\n<p>V r\u00e1mci konference byly ocen\u011bny osobnosti, kter\u00e9 se ve sv\u00e9 tvorb\u011b zab\u00fdvaj\u00ed p\u0159ipom\u00edn\u00e1n\u00ed ned\u00e1vn\u00e9 minulosti. Cenu Fragmenty pam\u011bti dostali signat\u00e1\u0159 Charty 77 a vydavatel samizdatov\u00e9 literatury Ji\u0159\u00ed Gruntor\u00e1d, publicistka Hana Bene\u0161ov\u00e1, kter\u00e1 se v\u011bnuje t\u00e9matice druh\u00e9ho a t\u0159et\u00edho odboje, a u\u010ditelka d\u011bjepisu a spole\u010densk\u00fdch v\u011bd na z\u00e1kladn\u00ed \u0161kole v Uhersk\u00e9m Brod\u011b Jitka Hude\u010dkov\u00e1. Studentskou cenu dostala doktorandka Daniela N\u011bme\u010dkov\u00e1, kter\u00e1 se v\u011bnuje komunistick\u00e9mu soudnictv\u00ed.<\/p>\n<p>Zdroj: https:\/\/www.denik.cz\/z_domova\/komunismus-jsme-neprekonali-domniva-se-mistopredseda-senatu-oberfalzer-20190301.html (kr\u00e1ceno)<\/p>\n","protected":false},"excerpt":{"rendered":"<p>Mezin\u00e1rodn\u00ed konference u p\u0159\u00edle\u017eitosti v\u00fdro\u010d\u00ed Pochodu student\u016f za svobodu a demokracii &#8222;Pron\u00e1sledov\u00e1n\u00ed rodin v dob\u011b nesvobody&#8220;, 1. 3. 2019<\/p>\n","protected":false},"author":2,"featured_media":2191,"comment_status":"open","ping_status":"open","sticky":false,"template":"","format":"standard","meta":{"footnotes":""},"categories":[16],"tags":[],"class_list":["post-2190","post","type-post","status-publish","format-standard","has-post-thumbnail","hentry","category-ze-senatu"],"_links":{"self":[{"href":"https:\/\/jirioberfalzer.cz\/index.php?rest_route=\/wp\/v2\/posts\/2190","targetHints":{"allow":["GET"]}}],"collection":[{"href":"https:\/\/jirioberfalzer.cz\/index.php?rest_route=\/wp\/v2\/posts"}],"about":[{"href":"https:\/\/jirioberfalzer.cz\/index.php?rest_route=\/wp\/v2\/types\/post"}],"author":[{"embeddable":true,"href":"https:\/\/jirioberfalzer.cz\/index.php?rest_route=\/wp\/v2\/users\/2"}],"replies":[{"embeddable":true,"href":"https:\/\/jirioberfalzer.cz\/index.php?rest_route=%2Fwp%2Fv2%2Fcomments&post=2190"}],"version-history":[{"count":2,"href":"https:\/\/jirioberfalzer.cz\/index.php?rest_route=\/wp\/v2\/posts\/2190\/revisions"}],"predecessor-version":[{"id":2193,"href":"https:\/\/jirioberfalzer.cz\/index.php?rest_route=\/wp\/v2\/posts\/2190\/revisions\/2193"}],"wp:featuredmedia":[{"embeddable":true,"href":"https:\/\/jirioberfalzer.cz\/index.php?rest_route=\/wp\/v2\/media\/2191"}],"wp:attachment":[{"href":"https:\/\/jirioberfalzer.cz\/index.php?rest_route=%2Fwp%2Fv2%2Fmedia&parent=2190"}],"wp:term":[{"taxonomy":"category","embeddable":true,"href":"https:\/\/jirioberfalzer.cz\/index.php?rest_route=%2Fwp%2Fv2%2Fcategories&post=2190"},{"taxonomy":"post_tag","embeddable":true,"href":"https:\/\/jirioberfalzer.cz\/index.php?rest_route=%2Fwp%2Fv2%2Ftags&post=2190"}],"curies":[{"name":"wp","href":"https:\/\/api.w.org\/{rel}","templated":true}]}}