{"id":2178,"date":"2019-02-22T21:14:39","date_gmt":"2019-02-22T20:14:39","guid":{"rendered":"http:\/\/jirioberfalzer.cz\/?p=2178"},"modified":"2019-02-22T21:19:22","modified_gmt":"2019-02-22T20:19:22","slug":"rozhovor-pro-tetinsky-zpravodaj","status":"publish","type":"post","link":"https:\/\/jirioberfalzer.cz\/?p=2178","title":{"rendered":"Rozhovor pro Tet\u00ednsk\u00fd zpravodaj"},"content":{"rendered":"<p><a href=\"https:\/\/jirioberfalzer.cz\/wp-content\/uploads\/2019\/02\/tetin-zima_compressed.jpg\"><img loading=\"lazy\" decoding=\"async\" class=\"aligncenter size-medium wp-image-2182\" src=\"https:\/\/jirioberfalzer.cz\/wp-content\/uploads\/2019\/02\/tetin-zima_compressed-300x169.jpg\" alt=\"\" width=\"300\" height=\"169\" srcset=\"https:\/\/jirioberfalzer.cz\/wp-content\/uploads\/2019\/02\/tetin-zima_compressed-300x169.jpg 300w, https:\/\/jirioberfalzer.cz\/wp-content\/uploads\/2019\/02\/tetin-zima_compressed-768x432.jpg 768w, https:\/\/jirioberfalzer.cz\/wp-content\/uploads\/2019\/02\/tetin-zima_compressed-1024x576.jpg 1024w, https:\/\/jirioberfalzer.cz\/wp-content\/uploads\/2019\/02\/tetin-zima_compressed.jpg 1080w\" sizes=\"auto, (max-width: 300px) 100vw, 300px\" \/><\/a>TZ: Byl jste zvolen do nov\u00e9ho veden\u00ed Sen\u00e1tu, jak vn\u00edm\u00e1te svou roli m\u00edstop\u0159edsedy Sen\u00e1tu?<\/p>\n<p>JO: Role je d\u00e1na jednac\u00edm \u0159\u00e1dem. M\u00edstop\u0159edseda je \u010dlenem organiza\u010dn\u00edho v\u00fdboru, kter\u00fd ur\u010duje \u010dinnost Sen\u00e1tu, pod\u00edl\u00ed se na \u0159\u00edzen\u00ed sch\u016fz\u00ed a zastupuje p\u0159edsedu p\u0159i r\u016fzn\u00fdch diplomatick\u00fdch, protokol\u00e1rn\u00edch akc\u00edch a zahrani\u010dn\u011b politick\u00fdch jedn\u00e1n\u00edch.<\/p>\n<p>R\u00e1d bych mimo r\u00e1mec t\u011bchto povinnost\u00ed tak\u00e9 po\u0159\u00e1dal r\u016fzn\u00e1 sly\u0161en\u00ed nebo kulat\u00e9 stoly na podporu obrany demokracie, prohlubov\u00e1n\u00ed historick\u00e9 pam\u011bti n\u00e1roda a prosazov\u00e1n\u00ed zdrav\u00e9ho rozumu ve spr\u00e1v\u011b v\u011bc\u00ed ve\u0159ejn\u00fdch.<\/p>\n<p>TZ: M\u00e1te nyn\u00ed v\u00edce zodpov\u011bdnosti ne\u017e d\u0159\u00edve?<\/p>\n<p>JO: Ano.<\/p>\n<p>TZ: Je Sen\u00e1t d\u016fle\u017eit\u00fdm org\u00e1nem pro fungov\u00e1n\u00ed parlamentn\u00ed demokracie u n\u00e1s?<\/p>\n<p>JO:\u00a0Nechci opakovat u\u017e ot\u0159epanou tezi o obran\u011b \u00fastavnosti. Jestli se v\u00a0d\u0159\u00edv\u011bj\u0161\u00edch letech zd\u00e1l Sen\u00e1t jako zbyte\u010dn\u00fd p\u0159epych, v\u00a0dne\u0161n\u00edch dnech je ji\u017e ka\u017ed\u00e9mu mysl\u00edc\u00edmu \u010dlov\u011bku z\u0159ejm\u00e9, \u017ee zachov\u00e1n\u00ed demokratick\u00fdch princip\u016f a ob\u010dansk\u00fdch svobod nen\u00ed d\u00e1no samo sebou nav\u017edy. Komunist\u00e9 se vlamuj\u00ed do vl\u00e1dy, nacion\u00e1ln\u00ed SPD \u010d\u00edh\u00e1, aby je mohla nahradit, a Andrej Babi\u0161 se zaj\u00edm\u00e1 jen o sv\u016fj ekonomick\u00fd prosp\u011bch a neomezenou moc. Prakticky ovl\u00e1dl represivn\u00ed org\u00e1ny st\u00e1tu, pomoc\u00ed EET a jin\u00fdch praktik finan\u010dn\u00ed spr\u00e1vy m\u00e1 ji\u017e monopol na ekonomick\u00e9 informace a decimuje podnikatelskou sf\u00e9ru. Sm\u011b\u0159uje zemi do podoby centr\u00e1ln\u011b ovl\u00e1dan\u00e9ho kartelu. A nebudeme-li dostate\u010dn\u011b bd\u011bl\u00ed, m\u016f\u017eeme brzy zjistit, \u017ee u\u017e n\u00e1m n\u00e1\u0161 st\u00e1t vlastn\u011b nepat\u0159\u00ed.<\/p>\n<p>TZ: Chov\u00e1 se sou\u010dasn\u00e1 vl\u00e1dn\u00ed koalice zodpov\u011bdn\u011b, co se ve\u0159ejn\u00fdch financ\u00ed t\u00fd\u010de?<\/p>\n<p>JO: Nechov\u00e1, netvo\u0159\u00ed rezervy na hor\u0161\u00ed \u010dasy, nedb\u00e1 o ozdraven\u00ed st\u00e1tn\u00edch financ\u00ed, ne\u0159e\u0161\u00ed probl\u00e9m demografick\u00e9 bomby, kter\u00e1 za p\u00e1r des\u00edtek let m\u016f\u017ee zcela zlikvidovat d\u016fchodov\u00fd syst\u00e9m. Teprve nyn\u00ed, kdy\u017e se rapidn\u011b zhor\u0161ily odhady budouc\u00edho v\u00fdvoje, za\u010d\u00edn\u00e1 uva\u017eovat o sn\u00ed\u017een\u00ed provozn\u00edch n\u00e1klad\u016f st\u00e1tu \u2013 dosud je bez starost\u00ed markantn\u011b zvy\u0161ovala.<\/p>\n<p>TZ: Minul\u00fd rok na podzim prob\u011bhly komun\u00e1ln\u00ed volby, jak hodnot\u00edte v\u00fdsledky ve va\u0161em sen\u00e1torsk\u00e9m volebn\u00edm okrsku, tedy Berounsku?<\/p>\n<p>JO:\u00a0Celkov\u011b jako p\u0159\u00edslib zm\u011bny trendu. V\u00a0mnoha m\u00edstech z\u016fstal podobn\u00fd pom\u011br sil jako dosud, ale leckde pos\u00edlily strany, kter\u00e9 p\u0159edstavuj\u00ed opozici k\u00a0sou\u010dasn\u00e9 vl\u00e1dn\u00ed formaci. Posiluje i ODS. Nemohu nezm\u00ednit, \u017ee u n\u00e1s \u2013 v Kr\u00e1lov\u011b Dvo\u0159e \u2013 jsme z\u00edskali p\u0159es 50\u00a0% v\u0161ech hlas\u016f. Trvalou podporu m\u00e1me v\u00a0Ni\u017eboru, m\u00edrn\u011b se lep\u0161\u00edme v\u00a0Beroun\u011b, kde je v\u00fdsledkem povolebn\u00edch jedn\u00e1n\u00ed pozice starostky Soni Chalupov\u00e9 za ODS.<\/p>\n<p>Ur\u010dit\u011b stoj\u00ed za zm\u00ednku tak\u00e9 v\u00fdsledky sen\u00e1tn\u00edch voleb. ODS z\u00edskala 10 mand\u00e1t\u016f z 27, co\u017e je 37 %. To je velk\u00e9 v\u00edt\u011bzstv\u00ed.<\/p>\n<p>TZ: Je spolupr\u00e1ce mezi obcemi d\u016fle\u017eit\u00e1?<\/p>\n<p>JO:\u00a0Spolupr\u00e1ce mezi obcemi je v\u00a0cel\u00e9 \u0159ad\u011b ohled\u016f d\u016fle\u017eit\u00e1. Tam, kde maj\u00ed obce spole\u010dn\u00e9 z\u00e1jmy, mohou ve spolupr\u00e1ci pos\u00edlit tlak na \u00fa\u0159ady a krajskou samospr\u00e1vu a l\u00e9pe prosazovat sv\u00e9 c\u00edle. Nemal\u00fd v\u00fdznam m\u00e1 spolupr\u00e1ce obc\u00ed na p\u011bstov\u00e1n\u00ed region\u00e1ln\u00ed identity a posilov\u00e1n\u00ed odpov\u011bdnosti k\u00a0historick\u00e9mu odkazu na\u0161ich p\u0159edk\u016f.<\/p>\n<p>TZ: Vrac\u00edte se r\u00e1d na Tet\u00edn?<\/p>\n<p>JO:\u00a0Tet\u00edn je moje obl\u00edben\u00e9 m\u00edsto. M\u00e1 nesm\u00edrn\u00e9 p\u0159\u00edrodn\u00ed kouzlo, ale tak\u00e9 spiritu\u00e1ln\u00ed n\u00e1boj. Je to mal\u00e1 obec, ale c\u00edt\u00edte zde hlubokou historii na\u0161eho n\u00e1roda.<\/p>\n<p>TZ: Co se V\u00e1m nejv\u00edce na Tet\u00ednu l\u00edb\u00ed?<\/p>\n<p>JO:\u00a0Nejrad\u011bji m\u00e1m pahorek se star\u00fdm h\u0159bitovem a kostel\u00edkem sv. Jana Nepomuck\u00e9ho. Od h\u0159bitovn\u00ed zdi je kr\u00e1sn\u00fd v\u00fdhled na Berounku i na Beroun. Taky nikdy nevynech\u00e1m p\u0159\u00edle\u017eitost zastavit se na chv\u00edli na ostrohu s\u00a0poz\u016fstatky hradu Tet\u00edn a s malebn\u00fdm v\u00fdhledem na meandry na\u0161\u00ed \u0159eky.<\/p>\n<p>Hodn\u011b na m\u011b p\u016fsob\u00ed ten po\u010det c\u00edrkevn\u00edch staveb na tak mal\u00e9m \u00fazem\u00ed, kostel sv. Kate\u0159iny i kostel sv. Ludmily. P\u0159itom ka\u017ed\u00e1 m\u00e1 sv\u016fj r\u00e1z i duchovn\u00ed poselstv\u00ed.<\/p>\n<p>S\u00a0uzn\u00e1n\u00edm tak\u00e9 sleduji, jak rodina Durasova zvelebuje z\u00e1me\u010dek a cel\u00fd statek, v\u010detn\u011b soun\u00e1le\u017e\u00edc\u00edch polnost\u00ed.<\/p>\n<p>TZ: M\u00e1 smysl si v sou\u010dasn\u00e9 dob\u011b p\u0159ipom\u00ednat na\u0161e \u010desk\u00e9 a evropsk\u00e9 ko\u0159eny?<\/p>\n<p>JO:\u00a0M\u00e1 to velk\u00fd smysl. To jsou hodnoty, kter\u00e9 n\u00e1\u0161 n\u00e1rod tvo\u0159\u00ed. Pokud by n\u00e1m z\u016fstalo jen teritorium a ka\u017edodenn\u00ed chl\u00e9b, n\u00e1rod by se vypr\u00e1zdnil a brzy by se stal op\u011bt h\u0159\u00ed\u010dkou v\u00a0rukou mocn\u00fdch.<\/p>\n<p>TZ: P\u0159isp\u00edv\u00e1 k tomu i projekt Svat\u00e1 Ludmila 1100 let?<\/p>\n<p>JO:\u00a0Samoz\u0159ejm\u011b. Christianizace a z\u00e1pas o p\u0159in\u00e1le\u017eitost k\u00a0z\u00e1padn\u00ed evropsk\u00e9 civilizaci, to jsou hlavn\u00ed t\u00e9mata doby sv. Ludmily. A kdy\u017e si uv\u011bdom\u00edme, jakou cestou n\u00e1\u0161 n\u00e1rod od t\u00e9 doby pro\u0161el a co bolesti a str\u00e1d\u00e1n\u00ed a pon\u00ed\u017een\u00ed musel un\u00e9st, aby se kone\u010dn\u011b dostal zp\u011bt do tohoto civiliza\u010dn\u00edho okruhu, mus\u00edme hled\u011bt s\u00a0\u00factou na tuto d\u00e1vnou panovnici, kter\u00e1 st\u00e1la u za\u010d\u00e1tk\u016f t\u00e9to pouti.<\/p>\n<p>Oce\u0148uji veden\u00ed obce, s\u00a0jakou energi\u00ed p\u0159ipravuje oslavy tohoto v\u00fdznamn\u00e9ho v\u00fdro\u010d\u00ed.<\/p>\n<p>TZ: Lid\u00e9 si v\u00e1s mohou z televize pamatovat nejen z politick\u00fdch debat, ale i z p\u00e1r film\u016f\/seri\u00e1l\u016f, nap\u0159\u00edklad z filmu Ra\u0161\u00edn, kde jste hr\u00e1l velice d\u016fle\u017eitou postavu \u010deskoslovensk\u00fdch d\u011bjin Anton\u00edna \u0160vehlu \u2013 jak\u00e9 to je, hr\u00e1t politika?<\/p>\n<p>JO:\u00a0V\u00a0tom nen\u00ed \u017e\u00e1dn\u00fd velk\u00fd rozd\u00edl, ka\u017ed\u00fd politik je tak\u00e9 \u010dlov\u011bk, to jen \u010dasov\u00fd odstup n\u00e1m z\u00a0t\u011bchto lid\u00ed postupn\u011b d\u011bl\u00e1 \u201epomn\u00edky\u201c. \u0160vehla byl mimo\u0159\u00e1dn\u00fd \u010dlov\u011bk a mimo\u0159\u00e1dn\u00e1 osobnost. Zap\u00e1len\u00fd pro samostatn\u00fd st\u00e1t a skromn\u00fd \u201ed\u011bln\u00edk\u201c tohoto c\u00edle. V\u00edte, \u017ee ministersk\u00e9 a premi\u00e9rsk\u00e9 platy nikdy neutratil? Rodina je nalezla v\u0161echny v\u00a0z\u00e1suvce jeho pracovn\u00edho stolu v\u00a0Hostiva\u0159i. \u017dili z\u00a0v\u00fdnos\u016f rodinn\u00e9ho statku, kter\u00fd asi v\u00edce \u0159\u00eddila jeho \u017eena, proto\u017ee hlava rodiny se pln\u011b odd\u00e1vala politice.<\/p>\n<p>TZ: M\u00e1te v pl\u00e1nu n\u011bjak\u00e9 dal\u0161\u00ed filmov\u00e9 anga\u017em\u00e1?<\/p>\n<p>JO:\u00a0To ani nem\u016f\u017eu, role p\u0159id\u011bluj\u00ed re\u017eis\u00e9\u0159i. Snad je\u0161t\u011b n\u011bco p\u0159ijde.<\/p>\n<p>&nbsp;<\/p>\n<p>&nbsp;<\/p>\n","protected":false},"excerpt":{"rendered":"<p>M\u00edstop\u0159edseda Ji\u0159\u00ed Oberfalzer odpov\u00edd\u00e1 na ot\u00e1zky Tet\u00ednsk\u00e9ho zpravodaje<\/p>\n","protected":false},"author":2,"featured_media":2182,"comment_status":"open","ping_status":"open","sticky":false,"template":"","format":"standard","meta":{"footnotes":""},"categories":[17],"tags":[],"class_list":["post-2178","post","type-post","status-publish","format-standard","has-post-thumbnail","hentry","category-nazory-a-rozhovory"],"_links":{"self":[{"href":"https:\/\/jirioberfalzer.cz\/index.php?rest_route=\/wp\/v2\/posts\/2178","targetHints":{"allow":["GET"]}}],"collection":[{"href":"https:\/\/jirioberfalzer.cz\/index.php?rest_route=\/wp\/v2\/posts"}],"about":[{"href":"https:\/\/jirioberfalzer.cz\/index.php?rest_route=\/wp\/v2\/types\/post"}],"author":[{"embeddable":true,"href":"https:\/\/jirioberfalzer.cz\/index.php?rest_route=\/wp\/v2\/users\/2"}],"replies":[{"embeddable":true,"href":"https:\/\/jirioberfalzer.cz\/index.php?rest_route=%2Fwp%2Fv2%2Fcomments&post=2178"}],"version-history":[{"count":3,"href":"https:\/\/jirioberfalzer.cz\/index.php?rest_route=\/wp\/v2\/posts\/2178\/revisions"}],"predecessor-version":[{"id":2183,"href":"https:\/\/jirioberfalzer.cz\/index.php?rest_route=\/wp\/v2\/posts\/2178\/revisions\/2183"}],"wp:featuredmedia":[{"embeddable":true,"href":"https:\/\/jirioberfalzer.cz\/index.php?rest_route=\/wp\/v2\/media\/2182"}],"wp:attachment":[{"href":"https:\/\/jirioberfalzer.cz\/index.php?rest_route=%2Fwp%2Fv2%2Fmedia&parent=2178"}],"wp:term":[{"taxonomy":"category","embeddable":true,"href":"https:\/\/jirioberfalzer.cz\/index.php?rest_route=%2Fwp%2Fv2%2Fcategories&post=2178"},{"taxonomy":"post_tag","embeddable":true,"href":"https:\/\/jirioberfalzer.cz\/index.php?rest_route=%2Fwp%2Fv2%2Ftags&post=2178"}],"curies":[{"name":"wp","href":"https:\/\/api.w.org\/{rel}","templated":true}]}}