{"id":2152,"date":"2018-12-15T11:28:23","date_gmt":"2018-12-15T10:28:23","guid":{"rendered":"http:\/\/jirioberfalzer.cz\/?p=2152"},"modified":"2019-01-25T13:02:55","modified_gmt":"2019-01-25T12:02:55","slug":"detska-lidova-muzika-noticky-obdrzela-od-senatora-oberfalzera-financni-dar","status":"publish","type":"post","link":"https:\/\/jirioberfalzer.cz\/?p=2152","title":{"rendered":"D\u011btsk\u00e1 lidov\u00e1 muzika Noti\u010dky obdr\u017eela od sen\u00e1tora Oberfalzera finan\u010dn\u00ed dar"},"content":{"rendered":"<p>Sen\u00e1tor Ji\u0159\u00ed Oberfalzer je ji\u017e dlouh\u00e1 l\u00e9ta fandou d\u011btsk\u00e9 lidov\u00e9 muziky Noti\u010dky z \u0158evnic. I letos mlad\u00fdm nadan\u00fdm muzikant\u016fm p\u0159isp\u011bl finan\u010dn\u00edm darem u p\u0159\u00edle\u017eitosti jejich v\u00e1no\u010dn\u00edho koncertu 1. 12. v kostele sv. \u0160imona a Judy, kde se poslucha\u010di do\u010dkali bohat\u00e9 nad\u00edlky koled i p\u00edsn\u00ed z celoro\u010dn\u00edho reperto\u00e1ru Noti\u010dek.<\/p>\n<p>Noti\u010dky jsou soubor z \u0158evnic u Prahy o p\u011btapades\u00e1ti \u010dlenech ve v\u011bku 4-19 let, kte\u0159\u00ed ji\u017e dvacet let rozd\u00e1vaj\u00ed radost nejen v Praze a Poberoun\u00ed, ale i po cel\u00e9 \u010cesk\u00e9 republice. P\u011btkr\u00e1t se tak\u00e9 pod\u00edvaly na mezin\u00e1rodn\u00ed folklorn\u00ed festivaly do USA, nato\u010dily osm CD a za ta dlouh\u00e1 l\u00e9ta sv\u00e9ho p\u016fsoben\u00ed se p\u0159edstavily na nejv\u00fdznamn\u011bj\u0161\u00edch p\u00f3di\u00edch v \u010cR, k nim\u017e pat\u0159\u00ed i Dvo\u0159\u00e1kova s\u00ed\u0148 pra\u017esk\u00e9ho Rudolfina nebo nap\u0159\u00edklad pr\u00e1v\u011b kostel sv. \u0160imona a Judy. V minulosti zde soubor vystoupil s cimb\u00e1lovou muzikou Harafica, sborem Gospel Limited nebo duem Kaplan-Fiala, d\u00e1le pak n\u011bkolik let spolupracoval i s cimb\u00e1lovou muzikou Hradi\u0161\u0165an \u010di kapelou The Tap Tap.<\/p>\n<p>Po dvou letech, kdy tu Noti\u010dky prezentovaly zhudebn\u011bn\u00e9 b\u00e1sn\u011b Jaroslava Seiferta ze sv\u00e9ho nejnov\u011bj\u0161\u00edho CD Mamince, uvedly v Kostele sv. \u0160imona a Judy op\u011bt tradi\u010dn\u011bj\u0161\u00ed program. Byly to koledy ze st\u0159edn\u00edch a z\u00e1padn\u00edch \u010cech, ale i z Moravy, a samoz\u0159ejm\u011b nechyb\u011blo ani n\u011bkolik obl\u00edben\u00fdch zahrani\u010dn\u00edch kousk\u016f<\/p>\n<div id=\"attachment_2153\" style=\"width: 310px\" class=\"wp-caption aligncenter\"><a href=\"https:\/\/jirioberfalzer.cz\/wp-content\/uploads\/2019\/01\/noti\u010dky_compressed.jpg\"><img loading=\"lazy\" decoding=\"async\" aria-describedby=\"caption-attachment-2153\" class=\"size-medium wp-image-2153\" src=\"https:\/\/jirioberfalzer.cz\/wp-content\/uploads\/2019\/01\/noti\u010dky_compressed-300x271.jpg\" alt=\"\" width=\"300\" height=\"271\" srcset=\"https:\/\/jirioberfalzer.cz\/wp-content\/uploads\/2019\/01\/noti\u010dky_compressed-300x271.jpg 300w, https:\/\/jirioberfalzer.cz\/wp-content\/uploads\/2019\/01\/noti\u010dky_compressed-768x693.jpg 768w, https:\/\/jirioberfalzer.cz\/wp-content\/uploads\/2019\/01\/noti\u010dky_compressed.jpg 823w\" sizes=\"auto, (max-width: 300px) 100vw, 300px\" \/><\/a><p id=\"caption-attachment-2153\" class=\"wp-caption-text\">D\u011btsk\u00e1 lidov\u00e1 muzika Noti\u010dky<\/p><\/div>\n<p>.<\/p>\n","protected":false},"excerpt":{"rendered":"<p>Sen\u00e1tor Oberfalzer ji\u017e po n\u011bkolik\u00e1t\u00e9 podpo\u0159il \u010dinnost d\u011btsk\u00e9 lidov\u00e9 muziky Noti\u010dky.<\/p>\n","protected":false},"author":2,"featured_media":2153,"comment_status":"open","ping_status":"open","sticky":false,"template":"","format":"standard","meta":{"footnotes":""},"categories":[2],"tags":[],"class_list":["post-2152","post","type-post","status-publish","format-standard","has-post-thumbnail","hentry","category-z-regionu"],"_links":{"self":[{"href":"https:\/\/jirioberfalzer.cz\/index.php?rest_route=\/wp\/v2\/posts\/2152","targetHints":{"allow":["GET"]}}],"collection":[{"href":"https:\/\/jirioberfalzer.cz\/index.php?rest_route=\/wp\/v2\/posts"}],"about":[{"href":"https:\/\/jirioberfalzer.cz\/index.php?rest_route=\/wp\/v2\/types\/post"}],"author":[{"embeddable":true,"href":"https:\/\/jirioberfalzer.cz\/index.php?rest_route=\/wp\/v2\/users\/2"}],"replies":[{"embeddable":true,"href":"https:\/\/jirioberfalzer.cz\/index.php?rest_route=%2Fwp%2Fv2%2Fcomments&post=2152"}],"version-history":[{"count":2,"href":"https:\/\/jirioberfalzer.cz\/index.php?rest_route=\/wp\/v2\/posts\/2152\/revisions"}],"predecessor-version":[{"id":2155,"href":"https:\/\/jirioberfalzer.cz\/index.php?rest_route=\/wp\/v2\/posts\/2152\/revisions\/2155"}],"wp:featuredmedia":[{"embeddable":true,"href":"https:\/\/jirioberfalzer.cz\/index.php?rest_route=\/wp\/v2\/media\/2153"}],"wp:attachment":[{"href":"https:\/\/jirioberfalzer.cz\/index.php?rest_route=%2Fwp%2Fv2%2Fmedia&parent=2152"}],"wp:term":[{"taxonomy":"category","embeddable":true,"href":"https:\/\/jirioberfalzer.cz\/index.php?rest_route=%2Fwp%2Fv2%2Fcategories&post=2152"},{"taxonomy":"post_tag","embeddable":true,"href":"https:\/\/jirioberfalzer.cz\/index.php?rest_route=%2Fwp%2Fv2%2Ftags&post=2152"}],"curies":[{"name":"wp","href":"https:\/\/api.w.org\/{rel}","templated":true}]}}