{"id":2148,"date":"2019-01-25T11:26:21","date_gmt":"2019-01-25T10:26:21","guid":{"rendered":"http:\/\/jirioberfalzer.cz\/?p=2148"},"modified":"2019-01-25T11:26:42","modified_gmt":"2019-01-25T10:26:42","slug":"deti-se-seznamily-se-senatem","status":"publish","type":"post","link":"https:\/\/jirioberfalzer.cz\/?p=2148","title":{"rendered":"D\u011bti se sezn\u00e1mily se Sen\u00e1tem"},"content":{"rendered":"<p>\u010cty\u0159i skupiny \u0161koln\u00edch d\u011bt\u00ed p\u0159iv\u00edtal m\u00edstop\u0159edseda Sen\u00e1tu Ji\u0159\u00ed Oberfalzer b\u011bhem ledna, aby jim uk\u00e1zal historick\u00e9 prostory a sezn\u00e1mil je bl\u00ed\u017ee s \u010dinnost\u00ed a chodem horn\u00ed komory. D\u011bti byly n\u00e1v\u0161t\u011bvou nad\u0161en\u00e9 a aktivn\u011b diskutovaly. Mnoh\u00e9 sen\u00e1tora p\u0159ekvapily sv\u00fdmi znalostmi ze spole\u010densk\u00fdch v\u011bd a tak\u00e9 t\u00edm, co v\u0161echno si z koment\u00e1\u0159e pr\u016fvodkyn\u011b p\u0159i prohl\u00eddce Sen\u00e1tu zapamatovaly.<\/p>\n<div id=\"attachment_2149\" style=\"width: 310px\" class=\"wp-caption aligncenter\"><a href=\"https:\/\/jirioberfalzer.cz\/wp-content\/uploads\/2019\/01\/skola-1_compressed.jpg\"><img loading=\"lazy\" decoding=\"async\" aria-describedby=\"caption-attachment-2149\" class=\"size-medium wp-image-2149\" src=\"https:\/\/jirioberfalzer.cz\/wp-content\/uploads\/2019\/01\/skola-1_compressed-300x169.jpg\" alt=\"\" width=\"300\" height=\"169\" srcset=\"https:\/\/jirioberfalzer.cz\/wp-content\/uploads\/2019\/01\/skola-1_compressed-300x169.jpg 300w, https:\/\/jirioberfalzer.cz\/wp-content\/uploads\/2019\/01\/skola-1_compressed-768x432.jpg 768w, https:\/\/jirioberfalzer.cz\/wp-content\/uploads\/2019\/01\/skola-1_compressed.jpg 900w\" sizes=\"auto, (max-width: 300px) 100vw, 300px\" \/><\/a><p id=\"caption-attachment-2149\" class=\"wp-caption-text\">\u0160koln\u00ed d\u011bti v Sen\u00e1tu<\/p><\/div>\n","protected":false},"excerpt":{"rendered":"<p>N\u011bkolik \u0161koln\u00edch t\u0159\u00edd si prohloubilo znalosti o Sen\u00e1tu a jeho fungov\u00e1n\u00ed na besed\u011b s m\u00edstop\u0159edsedou Oberfalzerem.<\/p>\n","protected":false},"author":2,"featured_media":2149,"comment_status":"open","ping_status":"open","sticky":false,"template":"","format":"standard","meta":{"footnotes":""},"categories":[2],"tags":[],"class_list":["post-2148","post","type-post","status-publish","format-standard","has-post-thumbnail","hentry","category-z-regionu"],"_links":{"self":[{"href":"https:\/\/jirioberfalzer.cz\/index.php?rest_route=\/wp\/v2\/posts\/2148","targetHints":{"allow":["GET"]}}],"collection":[{"href":"https:\/\/jirioberfalzer.cz\/index.php?rest_route=\/wp\/v2\/posts"}],"about":[{"href":"https:\/\/jirioberfalzer.cz\/index.php?rest_route=\/wp\/v2\/types\/post"}],"author":[{"embeddable":true,"href":"https:\/\/jirioberfalzer.cz\/index.php?rest_route=\/wp\/v2\/users\/2"}],"replies":[{"embeddable":true,"href":"https:\/\/jirioberfalzer.cz\/index.php?rest_route=%2Fwp%2Fv2%2Fcomments&post=2148"}],"version-history":[{"count":2,"href":"https:\/\/jirioberfalzer.cz\/index.php?rest_route=\/wp\/v2\/posts\/2148\/revisions"}],"predecessor-version":[{"id":2151,"href":"https:\/\/jirioberfalzer.cz\/index.php?rest_route=\/wp\/v2\/posts\/2148\/revisions\/2151"}],"wp:featuredmedia":[{"embeddable":true,"href":"https:\/\/jirioberfalzer.cz\/index.php?rest_route=\/wp\/v2\/media\/2149"}],"wp:attachment":[{"href":"https:\/\/jirioberfalzer.cz\/index.php?rest_route=%2Fwp%2Fv2%2Fmedia&parent=2148"}],"wp:term":[{"taxonomy":"category","embeddable":true,"href":"https:\/\/jirioberfalzer.cz\/index.php?rest_route=%2Fwp%2Fv2%2Fcategories&post=2148"},{"taxonomy":"post_tag","embeddable":true,"href":"https:\/\/jirioberfalzer.cz\/index.php?rest_route=%2Fwp%2Fv2%2Ftags&post=2148"}],"curies":[{"name":"wp","href":"https:\/\/api.w.org\/{rel}","templated":true}]}}