{"id":2129,"date":"2019-01-25T09:46:05","date_gmt":"2019-01-25T08:46:05","guid":{"rendered":"http:\/\/jirioberfalzer.cz\/?p=2129"},"modified":"2019-01-25T10:51:52","modified_gmt":"2019-01-25T09:51:52","slug":"ucteni-pamatky-jana-palacha","status":"publish","type":"post","link":"https:\/\/jirioberfalzer.cz\/?p=2129","title":{"rendered":"Uct\u011bn\u00ed pam\u00e1tky Jana Palacha"},"content":{"rendered":"<p><strong><a href=\"https:\/\/jirioberfalzer.cz\/wp-content\/uploads\/2019\/01\/Pam\u011btn\u00ed-deska-J.-Palacha.jpg\"><img loading=\"lazy\" decoding=\"async\" class=\"aligncenter size-medium wp-image-2144\" src=\"https:\/\/jirioberfalzer.cz\/wp-content\/uploads\/2019\/01\/Pam\u011btn\u00ed-deska-J.-Palacha-274x300.jpg\" alt=\"\" width=\"274\" height=\"300\" srcset=\"https:\/\/jirioberfalzer.cz\/wp-content\/uploads\/2019\/01\/Pam\u011btn\u00ed-deska-J.-Palacha-274x300.jpg 274w, https:\/\/jirioberfalzer.cz\/wp-content\/uploads\/2019\/01\/Pam\u011btn\u00ed-deska-J.-Palacha.jpg 516w\" sizes=\"auto, (max-width: 274px) 100vw, 274px\" \/><\/a>M\u00edstop\u0159edseda Sen\u00e1tu P\u010cR Ji\u0159\u00ed Oberfalzer se 16. 1. 2019 v Karolinu z\u00fa\u010dastnil pietn\u00edho aktu a odhalen\u00ed pam\u011btn\u00ed desky k uct\u011bn\u00ed pam\u00e1tky Jana Palacha.<\/strong><\/p>\n\n<p>&nbsp;<\/p>\n","protected":false},"excerpt":{"rendered":"<p>Pietn\u00ed akt znovuodhalen\u00ed pam\u011btn\u00ed desky Janu Palachovi v Karolinu.<\/p>\n","protected":false},"author":2,"featured_media":2144,"comment_status":"open","ping_status":"open","sticky":false,"template":"","format":"standard","meta":{"footnotes":""},"categories":[3],"tags":[],"class_list":["post-2129","post","type-post","status-publish","format-standard","has-post-thumbnail","hentry","category-udalosti-a-komentare"],"_links":{"self":[{"href":"https:\/\/jirioberfalzer.cz\/index.php?rest_route=\/wp\/v2\/posts\/2129","targetHints":{"allow":["GET"]}}],"collection":[{"href":"https:\/\/jirioberfalzer.cz\/index.php?rest_route=\/wp\/v2\/posts"}],"about":[{"href":"https:\/\/jirioberfalzer.cz\/index.php?rest_route=\/wp\/v2\/types\/post"}],"author":[{"embeddable":true,"href":"https:\/\/jirioberfalzer.cz\/index.php?rest_route=\/wp\/v2\/users\/2"}],"replies":[{"embeddable":true,"href":"https:\/\/jirioberfalzer.cz\/index.php?rest_route=%2Fwp%2Fv2%2Fcomments&post=2129"}],"version-history":[{"count":5,"href":"https:\/\/jirioberfalzer.cz\/index.php?rest_route=\/wp\/v2\/posts\/2129\/revisions"}],"predecessor-version":[{"id":2145,"href":"https:\/\/jirioberfalzer.cz\/index.php?rest_route=\/wp\/v2\/posts\/2129\/revisions\/2145"}],"wp:featuredmedia":[{"embeddable":true,"href":"https:\/\/jirioberfalzer.cz\/index.php?rest_route=\/wp\/v2\/media\/2144"}],"wp:attachment":[{"href":"https:\/\/jirioberfalzer.cz\/index.php?rest_route=%2Fwp%2Fv2%2Fmedia&parent=2129"}],"wp:term":[{"taxonomy":"category","embeddable":true,"href":"https:\/\/jirioberfalzer.cz\/index.php?rest_route=%2Fwp%2Fv2%2Fcategories&post=2129"},{"taxonomy":"post_tag","embeddable":true,"href":"https:\/\/jirioberfalzer.cz\/index.php?rest_route=%2Fwp%2Fv2%2Ftags&post=2129"}],"curies":[{"name":"wp","href":"https:\/\/api.w.org\/{rel}","templated":true}]}}