{"id":2125,"date":"2019-01-25T09:35:04","date_gmt":"2019-01-25T08:35:04","guid":{"rendered":"http:\/\/jirioberfalzer.cz\/?p=2125"},"modified":"2019-01-25T09:35:04","modified_gmt":"2019-01-25T08:35:04","slug":"predseda-dolni-snemovny-parlamentu-kanady-navstivil-senat","status":"publish","type":"post","link":"https:\/\/jirioberfalzer.cz\/?p=2125","title":{"rendered":"P\u0159edseda Doln\u00ed sn\u011bmovny Parlamentu Kanady nav\u0161t\u00edvil Sen\u00e1t"},"content":{"rendered":"<p>M\u00edstop\u0159edseda Sen\u00e1tu P\u010cR J. Oberfalzer se v Sen\u00e1tu z\u00fa\u010dastnil slavnostn\u00ed ve\u010de\u0159e na po\u010dest p\u0159edsedy Doln\u00ed sn\u011bmovny Parlamentu Kanady J.E. pana Geoffa Regana.<a href=\"https:\/\/jirioberfalzer.cz\/wp-content\/uploads\/2019\/01\/Kanadsk\u00e1-delegace-p\u0159ijet\u00ed_compressed.jpg\"><img loading=\"lazy\" decoding=\"async\" class=\"aligncenter size-medium wp-image-2127\" src=\"https:\/\/jirioberfalzer.cz\/wp-content\/uploads\/2019\/01\/Kanadsk\u00e1-delegace-p\u0159ijet\u00ed_compressed-300x200.jpg\" alt=\"\" width=\"300\" height=\"200\" srcset=\"https:\/\/jirioberfalzer.cz\/wp-content\/uploads\/2019\/01\/Kanadsk\u00e1-delegace-p\u0159ijet\u00ed_compressed-300x200.jpg 300w, https:\/\/jirioberfalzer.cz\/wp-content\/uploads\/2019\/01\/Kanadsk\u00e1-delegace-p\u0159ijet\u00ed_compressed-768x512.jpg 768w, https:\/\/jirioberfalzer.cz\/wp-content\/uploads\/2019\/01\/Kanadsk\u00e1-delegace-p\u0159ijet\u00ed_compressed.jpg 930w\" sizes=\"auto, (max-width: 300px) 100vw, 300px\" \/><\/a><\/p>\n","protected":false},"excerpt":{"rendered":"<p>M\u00edstop\u0159edseda Sen\u00e1tu J. Oberfalzer v \u010desk\u00e9 delegaci p\u0159i setk\u00e1n\u00ed s p\u0159edsedou Doln\u00ed komory Parlamentu Kanady.<\/p>\n","protected":false},"author":2,"featured_media":2127,"comment_status":"open","ping_status":"open","sticky":false,"template":"","format":"standard","meta":{"footnotes":""},"categories":[16],"tags":[],"class_list":["post-2125","post","type-post","status-publish","format-standard","has-post-thumbnail","hentry","category-ze-senatu"],"_links":{"self":[{"href":"https:\/\/jirioberfalzer.cz\/index.php?rest_route=\/wp\/v2\/posts\/2125","targetHints":{"allow":["GET"]}}],"collection":[{"href":"https:\/\/jirioberfalzer.cz\/index.php?rest_route=\/wp\/v2\/posts"}],"about":[{"href":"https:\/\/jirioberfalzer.cz\/index.php?rest_route=\/wp\/v2\/types\/post"}],"author":[{"embeddable":true,"href":"https:\/\/jirioberfalzer.cz\/index.php?rest_route=\/wp\/v2\/users\/2"}],"replies":[{"embeddable":true,"href":"https:\/\/jirioberfalzer.cz\/index.php?rest_route=%2Fwp%2Fv2%2Fcomments&post=2125"}],"version-history":[{"count":1,"href":"https:\/\/jirioberfalzer.cz\/index.php?rest_route=\/wp\/v2\/posts\/2125\/revisions"}],"predecessor-version":[{"id":2128,"href":"https:\/\/jirioberfalzer.cz\/index.php?rest_route=\/wp\/v2\/posts\/2125\/revisions\/2128"}],"wp:featuredmedia":[{"embeddable":true,"href":"https:\/\/jirioberfalzer.cz\/index.php?rest_route=\/wp\/v2\/media\/2127"}],"wp:attachment":[{"href":"https:\/\/jirioberfalzer.cz\/index.php?rest_route=%2Fwp%2Fv2%2Fmedia&parent=2125"}],"wp:term":[{"taxonomy":"category","embeddable":true,"href":"https:\/\/jirioberfalzer.cz\/index.php?rest_route=%2Fwp%2Fv2%2Fcategories&post=2125"},{"taxonomy":"post_tag","embeddable":true,"href":"https:\/\/jirioberfalzer.cz\/index.php?rest_route=%2Fwp%2Fv2%2Ftags&post=2125"}],"curies":[{"name":"wp","href":"https:\/\/api.w.org\/{rel}","templated":true}]}}