{"id":2066,"date":"2018-11-06T13:58:07","date_gmt":"2018-11-06T12:58:07","guid":{"rendered":"http:\/\/jirioberfalzer.cz\/?p=2066"},"modified":"2018-11-06T14:16:05","modified_gmt":"2018-11-06T13:16:05","slug":"slavnostni-zasazeni-lipy-ke-100-vyroci-republiky","status":"publish","type":"post","link":"https:\/\/jirioberfalzer.cz\/?p=2066","title":{"rendered":"Slavnostn\u00ed zasazen\u00ed l\u00edpy ke 100. v\u00fdro\u010d\u00ed republiky"},"content":{"rendered":"<p><a href=\"https:\/\/jirioberfalzer.cz\/wp-content\/uploads\/2018\/11\/l\u00edpa_compressed.jpg\"><img loading=\"lazy\" decoding=\"async\" class=\"aligncenter size-medium wp-image-2067\" src=\"https:\/\/jirioberfalzer.cz\/wp-content\/uploads\/2018\/11\/l\u00edpa_compressed-300x169.jpg\" alt=\"\" width=\"300\" height=\"169\" srcset=\"https:\/\/jirioberfalzer.cz\/wp-content\/uploads\/2018\/11\/l\u00edpa_compressed-300x169.jpg 300w, https:\/\/jirioberfalzer.cz\/wp-content\/uploads\/2018\/11\/l\u00edpa_compressed-768x431.jpg 768w, https:\/\/jirioberfalzer.cz\/wp-content\/uploads\/2018\/11\/l\u00edpa_compressed.jpg 899w\" sizes=\"auto, (max-width: 300px) 100vw, 300px\" \/><\/a>Podobn\u011b jako v\u00a0mnoha m\u011bstech a obc\u00edch byly i v\u00a0obci Ni\u017ebor a ve \u017dloukovic\u00edch slavnostn\u011b vysazeny pam\u011btn\u00ed l\u00edpy a odhalen pam\u00e1tn\u00ed\u010dek u p\u0159\u00edle\u017eitosti 100. v\u00fdro\u010d\u00ed \u010deskoslovensk\u00e9ho st\u00e1tu. Pozv\u00e1n\u00ed na slavnostn\u00ed akt ve \u017dloukovic\u00edch p\u0159ijal i sen\u00e1tor Ji\u0159\u00ed Oberfalzer. Akci po\u0159\u00e1dal v\u00a0p\u0159edve\u010der st\u00e1tn\u00edho sv\u00e1tku, 27. 10., ve spolupr\u00e1ci s\u00a0O\u00da Ni\u017ebor a Klubem p\u0159\u00e1tel \u017dloukovic m\u00edstn\u00ed Sbor dobrovoln\u00fdch hasi\u010d\u016f, kter\u00fd se postaral o d\u016fstojn\u00fd a slavnostn\u00ed r\u00e1z ceremoni\u00e1lu. Po vysazen\u00ed l\u00edpy \u2013 stromu republiky byly po zazn\u011bn\u00ed \u010deskoslovensk\u00e9 hymny polo\u017eeny v\u011bnce k\u00a0pomn\u00edku padl\u00fdch a pot\u00e9 se \u00fa\u010dastn\u00edci se\u0161li v\u00a0s\u00e1le m\u00edstn\u00ed restaurace, kde starosta SDH Franti\u0161ek Lemon spolu se starostkou obce Ni\u017ebor Kate\u0159inou Zuskovou a sen\u00e1torem Ji\u0159\u00edm Oberfalzerem p\u0159edali pam\u011btn\u00ed medaile zaslou\u017eil\u00fdm hasi\u010d\u016fm m\u00edstn\u00edho sboru. K\u00a0zhl\u00e9dnut\u00ed byla v\u00a0s\u00e1le tak\u00e9 mal\u00e1 pam\u011btn\u00ed v\u00fdstava \u2013 100 let \u017dloukovic.<\/p>\n","protected":false},"excerpt":{"rendered":"<p>Na oslav\u00e1ch 100. v\u00fdro\u010d\u00ed vzniku \u010ceskoslovensk\u00e9 republiky.<\/p>\n","protected":false},"author":2,"featured_media":2067,"comment_status":"open","ping_status":"open","sticky":false,"template":"","format":"standard","meta":{"footnotes":""},"categories":[2],"tags":[],"class_list":["post-2066","post","type-post","status-publish","format-standard","has-post-thumbnail","hentry","category-z-regionu"],"_links":{"self":[{"href":"https:\/\/jirioberfalzer.cz\/index.php?rest_route=\/wp\/v2\/posts\/2066","targetHints":{"allow":["GET"]}}],"collection":[{"href":"https:\/\/jirioberfalzer.cz\/index.php?rest_route=\/wp\/v2\/posts"}],"about":[{"href":"https:\/\/jirioberfalzer.cz\/index.php?rest_route=\/wp\/v2\/types\/post"}],"author":[{"embeddable":true,"href":"https:\/\/jirioberfalzer.cz\/index.php?rest_route=\/wp\/v2\/users\/2"}],"replies":[{"embeddable":true,"href":"https:\/\/jirioberfalzer.cz\/index.php?rest_route=%2Fwp%2Fv2%2Fcomments&post=2066"}],"version-history":[{"count":2,"href":"https:\/\/jirioberfalzer.cz\/index.php?rest_route=\/wp\/v2\/posts\/2066\/revisions"}],"predecessor-version":[{"id":2072,"href":"https:\/\/jirioberfalzer.cz\/index.php?rest_route=\/wp\/v2\/posts\/2066\/revisions\/2072"}],"wp:featuredmedia":[{"embeddable":true,"href":"https:\/\/jirioberfalzer.cz\/index.php?rest_route=\/wp\/v2\/media\/2067"}],"wp:attachment":[{"href":"https:\/\/jirioberfalzer.cz\/index.php?rest_route=%2Fwp%2Fv2%2Fmedia&parent=2066"}],"wp:term":[{"taxonomy":"category","embeddable":true,"href":"https:\/\/jirioberfalzer.cz\/index.php?rest_route=%2Fwp%2Fv2%2Fcategories&post=2066"},{"taxonomy":"post_tag","embeddable":true,"href":"https:\/\/jirioberfalzer.cz\/index.php?rest_route=%2Fwp%2Fv2%2Ftags&post=2066"}],"curies":[{"name":"wp","href":"https:\/\/api.w.org\/{rel}","templated":true}]}}