{"id":2059,"date":"2018-11-06T13:33:42","date_gmt":"2018-11-06T12:33:42","guid":{"rendered":"http:\/\/jirioberfalzer.cz\/?p=2059"},"modified":"2018-11-06T13:59:17","modified_gmt":"2018-11-06T12:59:17","slug":"zaci-ze-zs-zadni-treban-navstivili-senatora","status":"publish","type":"post","link":"https:\/\/jirioberfalzer.cz\/?p=2059","title":{"rendered":"\u017d\u00e1ci ze Z\u0160 Zadn\u00ed T\u0159eba\u0148 nav\u0161t\u00edvili sen\u00e1tora"},"content":{"rendered":"<p><a href=\"https:\/\/jirioberfalzer.cz\/wp-content\/uploads\/2018\/11\/z\u0161-t\u0159eban_compressed.jpg\"><img loading=\"lazy\" decoding=\"async\" class=\"aligncenter size-medium wp-image-2063\" src=\"https:\/\/jirioberfalzer.cz\/wp-content\/uploads\/2018\/11\/z\u0161-t\u0159eban_compressed-300x192.jpg\" alt=\"\" width=\"300\" height=\"192\" srcset=\"https:\/\/jirioberfalzer.cz\/wp-content\/uploads\/2018\/11\/z\u0161-t\u0159eban_compressed-300x192.jpg 300w, https:\/\/jirioberfalzer.cz\/wp-content\/uploads\/2018\/11\/z\u0161-t\u0159eban_compressed-768x492.jpg 768w, https:\/\/jirioberfalzer.cz\/wp-content\/uploads\/2018\/11\/z\u0161-t\u0159eban_compressed.jpg 853w\" sizes=\"auto, (max-width: 300px) 100vw, 300px\" \/><\/a>Po\u010d\u00e1tkem listopadu nav\u0161t\u00edvili sv\u00e9ho sen\u00e1tora \u017e\u00e1ci Z\u00e1kladn\u00ed \u0161koly ze Zadn\u00ed T\u0159eban\u011b. S pr\u016fvodkyn\u00ed si prohl\u00e9dli historick\u00e9 prostory Vald\u0161tejnsk\u00e9ho pal\u00e1ce a pak si v jednac\u00edm s\u00e1le popov\u00eddali se sen\u00e1torem Ji\u0159\u00edm Oberfalzerem.<\/p>\n","protected":false},"excerpt":{"rendered":"<p>\u017d\u00e1ci ze Z\u0160 Zadn\u00ed T\u0159eba\u0148 si v Sen\u00e1tu pov\u00eddali se sen\u00e1torem Oberfalzerem.<\/p>\n","protected":false},"author":2,"featured_media":2063,"comment_status":"open","ping_status":"open","sticky":false,"template":"","format":"standard","meta":{"footnotes":""},"categories":[16],"tags":[],"class_list":["post-2059","post","type-post","status-publish","format-standard","has-post-thumbnail","hentry","category-ze-senatu"],"_links":{"self":[{"href":"https:\/\/jirioberfalzer.cz\/index.php?rest_route=\/wp\/v2\/posts\/2059","targetHints":{"allow":["GET"]}}],"collection":[{"href":"https:\/\/jirioberfalzer.cz\/index.php?rest_route=\/wp\/v2\/posts"}],"about":[{"href":"https:\/\/jirioberfalzer.cz\/index.php?rest_route=\/wp\/v2\/types\/post"}],"author":[{"embeddable":true,"href":"https:\/\/jirioberfalzer.cz\/index.php?rest_route=\/wp\/v2\/users\/2"}],"replies":[{"embeddable":true,"href":"https:\/\/jirioberfalzer.cz\/index.php?rest_route=%2Fwp%2Fv2%2Fcomments&post=2059"}],"version-history":[{"count":3,"href":"https:\/\/jirioberfalzer.cz\/index.php?rest_route=\/wp\/v2\/posts\/2059\/revisions"}],"predecessor-version":[{"id":2065,"href":"https:\/\/jirioberfalzer.cz\/index.php?rest_route=\/wp\/v2\/posts\/2059\/revisions\/2065"}],"wp:featuredmedia":[{"embeddable":true,"href":"https:\/\/jirioberfalzer.cz\/index.php?rest_route=\/wp\/v2\/media\/2063"}],"wp:attachment":[{"href":"https:\/\/jirioberfalzer.cz\/index.php?rest_route=%2Fwp%2Fv2%2Fmedia&parent=2059"}],"wp:term":[{"taxonomy":"category","embeddable":true,"href":"https:\/\/jirioberfalzer.cz\/index.php?rest_route=%2Fwp%2Fv2%2Fcategories&post=2059"},{"taxonomy":"post_tag","embeddable":true,"href":"https:\/\/jirioberfalzer.cz\/index.php?rest_route=%2Fwp%2Fv2%2Ftags&post=2059"}],"curies":[{"name":"wp","href":"https:\/\/api.w.org\/{rel}","templated":true}]}}