{"id":2019,"date":"2008-01-03T04:25:30","date_gmt":"2008-01-03T03:25:30","guid":{"rendered":"http:\/\/jirioberfalzer.cz\/?p=2019"},"modified":"2018-09-25T04:27:01","modified_gmt":"2018-09-25T03:27:01","slug":"televizni-trh-se-diky-digitalizaci-otevre","status":"publish","type":"post","link":"https:\/\/jirioberfalzer.cz\/?p=2019","title":{"rendered":"Televizn\u00ed trh se d\u00edky digitalizaci otev\u0159e"},"content":{"rendered":"<p><img loading=\"lazy\" decoding=\"async\" class=\"aligncenter size-full wp-image-1869\" src=\"https:\/\/jirioberfalzer.cz\/wp-content\/uploads\/2018\/09\/oberfalzer-neformalni-kosile_compressed.jpg\" alt=\"\" width=\"800\" height=\"600\" srcset=\"https:\/\/jirioberfalzer.cz\/wp-content\/uploads\/2018\/09\/oberfalzer-neformalni-kosile_compressed.jpg 800w, https:\/\/jirioberfalzer.cz\/wp-content\/uploads\/2018\/09\/oberfalzer-neformalni-kosile_compressed-300x225.jpg 300w, https:\/\/jirioberfalzer.cz\/wp-content\/uploads\/2018\/09\/oberfalzer-neformalni-kosile_compressed-768x576.jpg 768w\" sizes=\"auto, (max-width: 800px) 100vw, 800px\" \/>Moder\u00e1tor<br \/>\nP\u0159eji v\u00e1m hezk\u00fd podve\u010der, hostem m\u00e9 dne\u0161n\u00ed besedy je p\u0159edseda st\u00e1l\u00e9 komise Sen\u00e1tu pro sd\u011blovac\u00ed prost\u0159edky pan Ji\u0159\u00ed Oberfalzer. V\u00edt\u00e1m V\u00e1s, pane sen\u00e1tore.<\/p>\n<p>Ji\u0159\u00ed Oberfalzer (ODS), p\u0159edseda med. komise Sen\u00e1tu P\u010cR:<br \/>\nDobr\u00fd den.<\/p>\n<p>Moder\u00e1tor<br \/>\nPod\u00edvejte se na kr\u00e1tk\u00e9 informace.<\/p>\n<p>Autor<br \/>\nNovela z\u00e1kona o digit\u00e1ln\u00edm vys\u00edl\u00e1n\u00ed otev\u0159e televizn\u00ed trh dal\u0161\u00edm z\u00e1jemc\u016fm. Licenci by tak m\u011bl z\u00edskat ka\u017ed\u00fd, kdo o ni po\u017e\u00e1d\u00e1 a spln\u00ed ur\u010dit\u00e9 podm\u00ednky. V \u010cR se lid\u00e9 budou muset na digi vys\u00edl\u00e1n\u00ed p\u0159ipravit, do srpna se prodalo asi jen 300 tis\u00edc set-top box\u016f pro digit\u00e1ln\u00ed p\u0159\u00edjem.<\/p>\n<p>Moder\u00e1tor<br \/>\nPane sen\u00e1tore, kdy si mysl\u00edte, \u017ee technick\u00fd pl\u00e1n p\u0159echodu umo\u017en\u00ed digit\u00e1ln\u00ed vys\u00edl\u00e1n\u00ed v moravskoslezsk\u00e9m regionu?<\/p>\n<p>Ji\u0159\u00ed Oberfalzer (ODS), p\u0159edseda med. komise Sen\u00e1tu P\u010cR:<br \/>\nTak mus\u00edm za\u010d\u00edt t\u00edm, \u017ee technick\u00fd pl\u00e1n p\u0159echodu je te\u010fko v diskusi i v odborn\u00fdch kruz\u00edch, \u010dili nen\u00ed definitivn\u00ed. Podle toho, co jsem v n\u011bm zjistil, tak se po\u010d\u00edt\u00e1 s p\u0159echodem Moravskoslezsk\u00e9ho kraje a\u017e vlastn\u011b jako v z\u00e1v\u011bre\u010dn\u00e9 f\u00e1zi. \u010cili pokud by \u0161lo v\u0161echno rychle, tak by to bylo ji\u017e v roce 2010. Pokud ten proces bude komplikovan\u011bj\u0161\u00ed, tak se odhaduje, \u017ee nejpozd\u011bji v roce 2012.<\/p>\n<p>Moder\u00e1tor<br \/>\n2012, to tak\u00e9 doporu\u010duje \u010dlen\u016fm unie Evropsk\u00e1 komise, to vyp\u00edn\u00e1n\u00ed toho analogu.<\/p>\n<p>Ji\u0159\u00ed Oberfalzer (ODS), p\u0159edseda med. komise Sen\u00e1tu P\u010cR:<br \/>\n\u010cR se k tomu tak\u00e9 zav\u00e1zala a vlastn\u011b je to takov\u00fd Damokl\u016fv me\u010d nad cel\u00fdm procesem.<\/p>\n<p>Moder\u00e1tor<br \/>\nS t\u00edm p\u0159\u00edmo souvis\u00ed vyp\u00edn\u00e1n\u00ed analog\u016f. Vy mluv\u00edte o roce 2012. Co by do t\u00e9 doby m\u011bl ud\u011blat ka\u017ed\u00fd, kdo vlastn\u00ed televizn\u00ed p\u0159ij\u00edma\u010d?<\/p>\n<p>Ji\u0159\u00ed Oberfalzer (ODS), p\u0159edseda med. komise Sen\u00e1tu P\u010cR:<br \/>\nM\u011bl by se na to p\u0159ipravit technologicky, tzn. bu\u010fto, pokud p\u0159ipravuje obnovu televize, tak by si m\u011bl u\u017e vlastn\u011b koupit p\u0159\u00edstroj, kter\u00fd m\u00e1 tu schopnost p\u0159ij\u00edmat digit\u00e1ln\u00ed vys\u00edl\u00e1n\u00ed p\u0159\u00edmo zabudovanou, anebo, pokud to nehodl\u00e1, tedy jin\u00fdmi slovy nechce investovat tolik pen\u011bz, tak je t\u0159eba si koupit za\u0159\u00edzen\u00ed, tzv. set-top box.<\/p>\n<p>Moder\u00e1tor<br \/>\nNa kolik pen\u011bz to vyjde \u010deskou dom\u00e1cnost?<\/p>\n<p>Ji\u0159\u00ed Oberfalzer (ODS), p\u0159edseda med. komise Sen\u00e1tu P\u010cR:<br \/>\nAdapt\u00e9r na to digit\u00e1ln\u00ed vys\u00edl\u00e1n\u00ed. No, cena set-top box\u016f se pohybuje mezi tis\u00edcem a n\u011bkolika tis\u00edci korun podle toho, jak je technologicky vysp\u011bl\u00fd. \u010cili \u0159ekn\u011bme, ty minim\u00e1ln\u00ed investice se budou pohybovat n\u011bkde kolem tis\u00edce korun, proto\u017ee i v\u011bt\u0161\u00ed odbyt zp\u016fsob\u00ed potom pokles cen.<\/p>\n<p>Moder\u00e1tor<br \/>\n\u0158ekn\u011bte mi, m\u016f\u017eete dop\u0159edu \u0159\u00edci, zdali by lid\u00e9 m\u011bli \u010dekat t\u0159eba n\u011bjak\u00e9 probl\u00e9my ve spojen\u00ed s p\u0159echodem na digi vys\u00edl\u00e1n\u00ed?<\/p>\n<p>Ji\u0159\u00ed Oberfalzer (ODS), p\u0159edseda med. komise Sen\u00e1tu P\u010cR:<br \/>\nJ\u00e1 si to nemysl\u00edm. Sp\u00ed\u0161 bych \u0159ekl, \u017ee obecn\u011b ne, mo\u017en\u00e1 v n\u011bkter\u00fdch lokalit\u00e1ch, proto\u017ee prom\u011b\u0159en\u00ed sign\u00e1lu a dokryt\u00ed n\u011bkter\u00fdch oblast\u00ed, kam dodate\u010dn\u011b nedol\u00e9h\u00e1, je proces, kter\u00fd n\u011bjakou dobu trv\u00e1. Ale to je proces, kter\u00fd bude prob\u00edhat soub\u011b\u017en\u011b je\u0161t\u011b v dob\u011b, kdy budou paraleln\u011b vys\u00edlat televize digit\u00e1ln\u011b i analogov\u011b, \u010dili by to div\u00e1ky nem\u011blo po\u0161kodit.<\/p>\n<p>Moder\u00e1tor<br \/>\nDobr\u00e1, d\u011bkuji V\u00e1m, pane p\u0159edsedo, m\u011bjte se moc hezky. V\u00e1m, mil\u00ed div\u00e1ci, hezk\u00fd ve\u010der, na shledanou.<\/p>\n<p>Ji\u0159\u00ed Oberfalzer (ODS), p\u0159edseda med. komise Sen\u00e1tu P\u010cR:<br \/>\nNa shledanou.<\/p>\n<p>Zdroj: PRIMA TV<\/p>\n","protected":false},"excerpt":{"rendered":"<p>Novela z\u00e1kona o digit\u00e1ln\u00edm vys\u00edl\u00e1n\u00ed otev\u0159e televizn\u00ed trh dal\u0161\u00edm z\u00e1jemc\u016fm. Licenci by tak m\u011bl z\u00edskat ka\u017ed\u00fd, kdo o ni po\u017e\u00e1d\u00e1 a spln\u00ed ur\u010dit\u00e9 podm\u00ednky. V \u010cR se lid\u00e9 budou muset na digi vys\u00edl\u00e1n\u00ed p\u0159ipravit, do srpna se prodalo asi jen 300 tis\u00edc set-top box\u016f pro digit\u00e1ln\u00ed p\u0159\u00edjem.<\/p>\n","protected":false},"author":1,"featured_media":1869,"comment_status":"closed","ping_status":"closed","sticky":false,"template":"","format":"standard","meta":{"footnotes":""},"categories":[17],"tags":[],"class_list":["post-2019","post","type-post","status-publish","format-standard","has-post-thumbnail","hentry","category-nazory-a-rozhovory"],"_links":{"self":[{"href":"https:\/\/jirioberfalzer.cz\/index.php?rest_route=\/wp\/v2\/posts\/2019","targetHints":{"allow":["GET"]}}],"collection":[{"href":"https:\/\/jirioberfalzer.cz\/index.php?rest_route=\/wp\/v2\/posts"}],"about":[{"href":"https:\/\/jirioberfalzer.cz\/index.php?rest_route=\/wp\/v2\/types\/post"}],"author":[{"embeddable":true,"href":"https:\/\/jirioberfalzer.cz\/index.php?rest_route=\/wp\/v2\/users\/1"}],"replies":[{"embeddable":true,"href":"https:\/\/jirioberfalzer.cz\/index.php?rest_route=%2Fwp%2Fv2%2Fcomments&post=2019"}],"version-history":[{"count":1,"href":"https:\/\/jirioberfalzer.cz\/index.php?rest_route=\/wp\/v2\/posts\/2019\/revisions"}],"predecessor-version":[{"id":2020,"href":"https:\/\/jirioberfalzer.cz\/index.php?rest_route=\/wp\/v2\/posts\/2019\/revisions\/2020"}],"wp:featuredmedia":[{"embeddable":true,"href":"https:\/\/jirioberfalzer.cz\/index.php?rest_route=\/wp\/v2\/media\/1869"}],"wp:attachment":[{"href":"https:\/\/jirioberfalzer.cz\/index.php?rest_route=%2Fwp%2Fv2%2Fmedia&parent=2019"}],"wp:term":[{"taxonomy":"category","embeddable":true,"href":"https:\/\/jirioberfalzer.cz\/index.php?rest_route=%2Fwp%2Fv2%2Fcategories&post=2019"},{"taxonomy":"post_tag","embeddable":true,"href":"https:\/\/jirioberfalzer.cz\/index.php?rest_route=%2Fwp%2Fv2%2Ftags&post=2019"}],"curies":[{"name":"wp","href":"https:\/\/api.w.org\/{rel}","templated":true}]}}