{"id":2011,"date":"2005-03-18T04:14:37","date_gmt":"2005-03-18T03:14:37","guid":{"rendered":"http:\/\/jirioberfalzer.cz\/?p=2011"},"modified":"2018-11-08T09:53:04","modified_gmt":"2018-11-08T08:53:04","slug":"tv-prima-jiri-oberfalzer-k-veci","status":"publish","type":"post","link":"https:\/\/jirioberfalzer.cz\/?p=2011","title":{"rendered":"TV Prima, Ji\u0159\u00ed Oberfalzer: K v\u011bci"},"content":{"rendered":"<p><img loading=\"lazy\" decoding=\"async\" class=\"aligncenter size-full wp-image-2033\" src=\"https:\/\/jirioberfalzer.cz\/wp-content\/uploads\/2018\/10\/Oberfalzer-portr\u00e9t-2005_compressed.jpg\" alt=\"\" width=\"800\" height=\"600\" srcset=\"https:\/\/jirioberfalzer.cz\/wp-content\/uploads\/2018\/10\/Oberfalzer-portr\u00e9t-2005_compressed.jpg 800w, https:\/\/jirioberfalzer.cz\/wp-content\/uploads\/2018\/10\/Oberfalzer-portr\u00e9t-2005_compressed-300x225.jpg 300w, https:\/\/jirioberfalzer.cz\/wp-content\/uploads\/2018\/10\/Oberfalzer-portr\u00e9t-2005_compressed-768x576.jpg 768w\" sizes=\"auto, (max-width: 800px) 100vw, 800px\" \/>Moder\u00e1tor (\u0160t\u011bp\u00e1nka Duchkov\u00e1):<br \/>\nPane sen\u00e1tore, te\u010f tedy proti sob\u011b stoj\u00ed dva n\u00e1vrhy. Ten vl\u00e1dn\u00ed, kter\u00fd chce spojit referendum o euro\u00fastav\u011b s volbami do poslaneck\u00e9 sn\u011bmovny a ten, kter\u00fd m\u00e1 ODS, tedy jednor\u00e1zov\u00e9 referendum. \u0158ekn\u011bte, naleznete n\u011bjak\u00fd kompromis a nebo nakonec opravdu bude euro\u00fastavu ratifikovat parlament.<\/p>\n<p>Ji\u0159\u00ed Oberfalzer \/ODS\/, sen\u00e1tor:<br \/>\nPokud jde o obsah toho na\u0161eho n\u00e1vrhu z\u00e1kona o jednor\u00e1zov\u00e9m referendu ve v\u011bci evropsk\u00e9 \u00fastavy, tam jsme schopni hledat n\u011bjak\u00e9 kompromisy v diskusi, kter\u00e1 zat\u00edm prob\u011bhla v sen\u00e1tu. Jsou identifikov\u00e1ny body, ve kter\u00fdch by nakonec ODS byla ochotn\u00e1 p\u0159istoupit na kompromisy. Je ale jeden bod, ve kter\u00e9m pravd\u011bpodobn\u011b nebudeme souhlasit a to je pr\u00e1v\u011b ot\u00e1zka kon\u00e1n\u00ed referenda soub\u011b\u017en\u011b s parlamentn\u00edmi volbami.<\/p>\n<p>Moder\u00e1tor (\u0160t\u011bp\u00e1nka Duchkov\u00e1):<br \/>\nCo v\u00e1m se na tom konkr\u00e9tn\u011b nel\u00edb\u00ed?<\/p>\n<p>Ji\u0159\u00ed Oberfalzer \/ODS\/, sen\u00e1tor:<br \/>\nMy se domn\u00edv\u00e1me, \u017ee zaprv\u00e9 rozhodnut\u00ed o dal\u0161\u00ed m\u00ed\u0159e, prohlouben\u00ed a roz\u0161\u00ed\u0159en\u00ed evropsk\u00e9 integrace je z\u00e1sadn\u00ed ot\u00e1zka, kter\u00e1 by nem\u011bla b\u00fdt zam\u00edch\u00e1na do jin\u00e9 politick\u00e9 agendy, tak\u017ee to je jedna v\u011bc. Toto rozhodov\u00e1n\u00ed je d\u016fle\u017eit\u00e9 a z\u00e1sadn\u00ed. A druh\u00e1 v\u011bc je, \u017ee parlamentn\u00ed volby jsou do zna\u010dn\u00e9 m\u00edry tak\u00e9 jak\u00fdmsi vy\u00fa\u010dtov\u00e1n\u00edm p\u016fsoben\u00ed sou\u010dasn\u00e9 vl\u00e1dn\u00ed koalice a my bychom byli velice neradi, aby se evropsk\u00e1 problematika stala jakousi z\u00e1st\u011brkou nebo z\u00e1clonou, za kterou by se schovalo po\u010d\u00edn\u00e1n\u00ed vl\u00e1dy veden\u00e9 soci\u00e1ln\u00ed demokraci\u00ed.<\/p>\n<p>Moder\u00e1tor (\u0160t\u011bp\u00e1nka Duchkov\u00e1):<br \/>\nJednou z t\u011bch n\u00e1mitek p\u0159\u00edznivc\u016f obecn\u00e9ho referenda je pro\u010d zat\u011b\u017eovat lidi dvoj\u00edmi volbami?<\/p>\n<p>Ji\u0159\u00ed Oberfalzer \/ODS\/, sen\u00e1tor:<br \/>\nRozum\u00edm tomuto argumentu. Jist\u011b se objev\u00ed ot\u00e1zky v\u00fddaj\u016f. J\u00e1 si ale mysl\u00edm, \u017ee ten argument, kter\u00fd jsem \u0159ekl, je do t\u00e9 m\u00edry siln\u00fd, \u017ee si to \u010cesk\u00e1 republika m\u016f\u017ee a mus\u00ed dovolit, aby to rozhodov\u00e1n\u00ed bylo opravdu kvalitn\u00ed a kvalifikovan\u00e9 a aby ob\u010dan\u00e9 v\u011bd\u011bli, \u017ee rozhoduj\u00ed o t\u00e9to v\u011bci a nikoliv o cel\u00e9 \u0159ad\u011b dal\u0161\u00edch.<\/p>\n<p>Moder\u00e1tor (\u0160t\u011bp\u00e1nka Duchkov\u00e1):<br \/>\nPodle pr\u016fzkum\u016f by to zaveden\u00edm v\u0161elidov\u00e9ho hlasov\u00e1n\u00ed p\u0159iv\u00edtalo 83 procenta lid\u00ed. ODS tedy nevysly\u0161\u00ed hlas lidu?<\/p>\n<p>Ji\u0159\u00ed Oberfalzer \/ODS\/, sen\u00e1tor:<br \/>\nMy m\u00e1me v tomto ohledu n\u00e1zor v podstat\u011b konzistentn\u00ed a my prost\u011b nejsme p\u0159\u00edznivci referenda, nejsme p\u0159\u00edznivci obecn\u00e9ho referenda, teda abychom si rozum\u011bli nejsme p\u0159\u00edznivci toho, abychom o ka\u017ed\u00e9 z\u00e1le\u017eitosti rozhodovali lidov\u00fdm hlasov\u00e1n\u00edm a to je ur\u010dit\u00e9 nebezpe\u010d\u00ed z\u00e1konu o obecn\u00e9m referendu. Jsou zem\u011b v Evrop\u011b, kter\u00e9 referendum maj\u00ed zakotveno v \u00fastav\u011b. Nejv\u00edce to vyu\u017e\u00edv\u00e1 nap\u0159\u00edklad \u0160v\u00fdcarsko. A jsou zem\u011b, kde to nen\u00ed, to je nap\u0159\u00edklad Holandsko. Ned\u00e1vno jsme se z\u00e1stupci holandsk\u00e9ho sen\u00e1tu se\u0161li a znovu n\u00e1m potvrdili, \u017ee jsou nep\u0159\u00edznivci referenda a \u017ee si p\u0159ijali zvl\u00e1\u0161tn\u00ed z\u00e1kon jenom na referendum o p\u0159ijet\u00ed evropsk\u00e9 \u00fastavy.<\/p>\n<p>Moder\u00e1tor (\u0160t\u011bp\u00e1nka Duchkov\u00e1):<br \/>\nPokud bude referendum k euro\u00fastav\u011b, kdy by m\u011blo b\u00fdt?<\/p>\n<p>Ji\u0159\u00ed Oberfalzer \/ODS\/, sen\u00e1tor:<br \/>\nTak dob\u0159e v\u00edte, \u017ee v na\u0161em n\u00e1vrhu je, aby se nekonalo p\u016fl roku p\u0159ed volbami. \u010cili jin\u00fdmi slovy, aby nesplynulo s volebn\u00ed kampan\u00ed do parlamentn\u00edch voleb, \u010dili m\u011blo by b\u00fdt p\u0159edt\u00edm nebo potom. Kdy\u017e jsem mluvil o t\u011bch kompromisech, tak jedn\u00edm z kompromis\u016f je taky d\u00e9lka t\u00e9to ochrann\u00e9 lh\u016fty nap\u0159\u00edklad, \u010dili n\u00e1\u0161 n\u00e1vrh je p\u016fl roku, ale mysl\u00edm si, \u017ee jsme ochotni jednat i o n\u011bjak\u00e9m zkr\u00e1cen\u00ed, aby nevznikalo nebezpe\u010d\u00ed, \u017ee by se z term\u00ednov\u00fdch d\u016fvod\u016f to referendum t\u0159eba nepoda\u0159ilo uskute\u010dnit. \u010cili my bychom byli, kdy\u017e ale m\u00e1m opov\u011bd\u011bt \u00fapln\u011b p\u0159\u00edmo na va\u0161i ot\u00e1zku, my bychom byli nejrad\u0161i, kdyby se uskute\u010dnilo na podzim tohoto roku a nebo \u010dasn\u011b z kraje p\u0159\u00ed\u0161t\u00edho roku.<\/p>\n<p>Moder\u00e1tor (\u0160t\u011bp\u00e1nka Duchkov\u00e1):<br \/>\nJakou p\u0159edpokl\u00e1d\u00e1te \u00fa\u010dast?<\/p>\n<p>Ji\u0159\u00ed Oberfalzer \/ODS\/, sen\u00e1tor:<br \/>\nT\u011b\u017eko \u0159\u00edci. Rozum\u00edm va\u0161\u00ed ot\u00e1zce, proto\u017ee \u00fa\u010dast v n\u011bkter\u00fdch typech voleb systematicky kles\u00e1 v \u010cesk\u00e9 republice. Nicm\u00e9n\u011b \u00fa\u010dast o \u010dlenstv\u00ed v EU o na\u0161em p\u0159istoupen\u00ed do EU byla velice vysok\u00e1. J\u00e1 si mysl\u00edm, \u017ee to bude ot\u00e1zka kampan\u011b a ot\u00e1zka p\u016fsoben\u00ed na ve\u0159ejnost, aby si uv\u011bdomili, \u017ee rozhodnut\u00ed o evropsk\u00e9 \u00fastav\u011b je dal\u0161\u00edm v\u00fdznamn\u00fdm krokem v evropsk\u00e9 integraci, bude m\u011bnit postaven\u00ed \u010cesk\u00e9 republiky EU a \u017ee se toho hlasov\u00e1n\u00ed z\u00fa\u010dastn\u00ed.<\/p>\n<p>Moder\u00e1tor (\u0160t\u011bp\u00e1nka Duchkov\u00e1):<br \/>\nChyst\u00e1 se tedy ODS ob\u010dan\u016fm doporu\u010dit, aby \u00fastavu odm\u00edtli?<\/p>\n<p>Ji\u0159\u00ed Oberfalzer \/ODS\/, sen\u00e1tor:<br \/>\nM\u00e1me samoz\u0159ejm\u011b docela bohatou diskusi vnitrostranickou o t\u00e9to z\u00e1le\u017eitosti. Je mezi n\u00e1mi \u0159ada velmi siln\u00fdch kritik\u016f, je mezi n\u00e1mi i \u0159ada celkem um\u00edrn\u011bn\u00fdch n\u00e1zor\u016f. My jsme zejm\u00e9na.<\/p>\n<p>Moder\u00e1tor (\u0160t\u011bp\u00e1nka Duchkov\u00e1):<br \/>\nVy pat\u0159\u00edte kam?<\/p>\n<p>Ji\u0159\u00ed Oberfalzer \/ODS\/, sen\u00e1tor:<br \/>\nJ\u00e1 jsem \u0159ekn\u011bme m\u00edrn\u011bj\u0161\u00ed, ale m\u00e1m hodn\u011b kritick\u00fdch v\u00fdhrad tak\u00e9. To neznamen\u00e1, \u017ee jsem bezv\u00fdhradn\u00ed optimista v t\u00e9to z\u00e1le\u017eitosti. Nicm\u00e9n\u011b n\u00e1\u0161 postoj je, \u017ee je t\u0159eba lidem opravdu vysv\u011btlit o jak\u00e9 zm\u011bny vlastn\u011b p\u016fjde bude-li evropsk\u00e1 \u00fastava p\u0159ijata a jak\u00fdm zp\u016fsobem se zm\u011bn\u00ed postaven\u00ed, \u010dili vlastn\u011b suverenita \u010cesk\u00e9 republiky t\u00edmto rozhodnut\u00edm. A objektivn\u00ed informace, kter\u00e9 mus\u00ed b\u00fdt samoz\u0159ejm\u011b za ob\u011b strany, to u\u017e si mysl\u00edm, \u017ee je hlavn\u00ed \u00fakol kampan\u011b. A j\u00e1 nev\u00edm, jestli m\u00e1me je\u0161t\u011b vte\u0159inu, tak se zm\u00edn\u00edm o jedn\u00e9 zaj\u00edmav\u00e9 v\u011bci, v n\u011bkter\u00fdch zem\u00edch tak postupuj\u00ed, \u017ee pen\u00edze, kter\u00e9 vl\u00e1da vy\u010dlen\u00ed na tu kampa\u0148 k t\u00e9to ot\u00e1zce, tedy k tomu referendu, jsou rovnom\u011brn\u011b rozd\u011bleny mezi zast\u00e1nce obou t\u00e1bor\u016f. A j\u00e1 se velmi p\u0159imlouval, aby to u n\u00e1s bylo t\u0159eba jako v Holandsku, kde dali na zast\u00e1nce i odp\u016frce evropsk\u00e9 \u00fastavy stejn\u00e9 prost\u0159edky, aby mohli na ve\u0159ejnost p\u016fsobit a d\u00e1vat jim p\u0159ehled o sv\u00fdch n\u00e1zorech.<\/p>\n<p>Moder\u00e1tor (\u0160t\u011bp\u00e1nka Duchkov\u00e1):<br \/>\nTak u\u017e jste odpov\u011bd\u011bl na moji posledn\u00ed ot\u00e1zku, kterou jsem v\u00e1m cht\u011bla d\u00e1t, jste m\u011b p\u0159edb\u011bhl. D\u00edky za rozhovor pane sen\u00e1tore. Na shledanou.<\/p>\n<p>Ji\u0159\u00ed Oberfalzer \/ODS\/, sen\u00e1tor:<br \/>\nD\u011bkuju, na shledanou.<\/p>\n","protected":false},"excerpt":{"rendered":"<p>Pane sen\u00e1tore, te\u010f tedy proti sob\u011b stoj\u00ed dva n\u00e1vrhy. Ten vl\u00e1dn\u00ed, kter\u00fd chce spojit referendum o euro\u00fastav\u011b s volbami do poslaneck\u00e9 sn\u011bmovny a ten, kter\u00fd m\u00e1 ODS, tedy jednor\u00e1zov\u00e9 referendum. <\/p>\n","protected":false},"author":1,"featured_media":2033,"comment_status":"closed","ping_status":"closed","sticky":false,"template":"","format":"standard","meta":{"footnotes":""},"categories":[17],"tags":[],"class_list":["post-2011","post","type-post","status-publish","format-standard","has-post-thumbnail","hentry","category-nazory-a-rozhovory"],"_links":{"self":[{"href":"https:\/\/jirioberfalzer.cz\/index.php?rest_route=\/wp\/v2\/posts\/2011","targetHints":{"allow":["GET"]}}],"collection":[{"href":"https:\/\/jirioberfalzer.cz\/index.php?rest_route=\/wp\/v2\/posts"}],"about":[{"href":"https:\/\/jirioberfalzer.cz\/index.php?rest_route=\/wp\/v2\/types\/post"}],"author":[{"embeddable":true,"href":"https:\/\/jirioberfalzer.cz\/index.php?rest_route=\/wp\/v2\/users\/1"}],"replies":[{"embeddable":true,"href":"https:\/\/jirioberfalzer.cz\/index.php?rest_route=%2Fwp%2Fv2%2Fcomments&post=2011"}],"version-history":[{"count":2,"href":"https:\/\/jirioberfalzer.cz\/index.php?rest_route=\/wp\/v2\/posts\/2011\/revisions"}],"predecessor-version":[{"id":2035,"href":"https:\/\/jirioberfalzer.cz\/index.php?rest_route=\/wp\/v2\/posts\/2011\/revisions\/2035"}],"wp:featuredmedia":[{"embeddable":true,"href":"https:\/\/jirioberfalzer.cz\/index.php?rest_route=\/wp\/v2\/media\/2033"}],"wp:attachment":[{"href":"https:\/\/jirioberfalzer.cz\/index.php?rest_route=%2Fwp%2Fv2%2Fmedia&parent=2011"}],"wp:term":[{"taxonomy":"category","embeddable":true,"href":"https:\/\/jirioberfalzer.cz\/index.php?rest_route=%2Fwp%2Fv2%2Fcategories&post=2011"},{"taxonomy":"post_tag","embeddable":true,"href":"https:\/\/jirioberfalzer.cz\/index.php?rest_route=%2Fwp%2Fv2%2Ftags&post=2011"}],"curies":[{"name":"wp","href":"https:\/\/api.w.org\/{rel}","templated":true}]}}