{"id":2009,"date":"2006-12-05T04:12:08","date_gmt":"2006-12-05T03:12:08","guid":{"rendered":"http:\/\/jirioberfalzer.cz\/?p=2009"},"modified":"2018-10-15T19:43:03","modified_gmt":"2018-10-15T18:43:03","slug":"vanocni-povidani-se-senatorem-jirim-oberfalzrem","status":"publish","type":"post","link":"https:\/\/jirioberfalzer.cz\/?p=2009","title":{"rendered":"V\u00e1no\u010dn\u00ed pov\u00edd\u00e1n\u00ed se sen\u00e1torem Ji\u0159\u00edm Oberfalzrem"},"content":{"rendered":"<p><img loading=\"lazy\" decoding=\"async\" class=\"aligncenter size-full wp-image-2032\" src=\"https:\/\/jirioberfalzer.cz\/wp-content\/uploads\/2018\/10\/Oberfalzer-portr\u00e9t-2006_compressed.jpg\" alt=\"\" width=\"800\" height=\"554\" srcset=\"https:\/\/jirioberfalzer.cz\/wp-content\/uploads\/2018\/10\/Oberfalzer-portr\u00e9t-2006_compressed.jpg 800w, https:\/\/jirioberfalzer.cz\/wp-content\/uploads\/2018\/10\/Oberfalzer-portr\u00e9t-2006_compressed-300x208.jpg 300w, https:\/\/jirioberfalzer.cz\/wp-content\/uploads\/2018\/10\/Oberfalzer-portr\u00e9t-2006_compressed-768x532.jpg 768w\" sizes=\"auto, (max-width: 800px) 100vw, 800px\" \/><strong>Pozvolna si zvyk\u00e1me, \u017ee pokud se n\u011bco v na\u0161em regionu d\u011bje, tak tam s nejv\u011bt\u0161\u00ed pravd\u011bpodobnost\u00ed potk\u00e1me sen\u00e1tora Ji\u0159\u00edho Oberfalzera (ODS). To d\u0159\u00edve neb\u00fdvalo zvykem, je\u0161t\u011b tak v p\u0159edvolebn\u00edm kl\u00e1n\u00ed se i do zapomenut\u00fdch Kot\u011bh\u016flek ur\u00e1\u010dila n\u011bjak\u00e1 ta hlava pomazan\u00e1\u2026<\/strong><\/p>\n<p>Pan sen\u00e1tor nasadil ji\u017e v prvn\u00edm roce sv\u00e9ho sen\u00e1torsk\u00e9ho \u00fa\u0159adov\u00e1n\u00ed \u010f\u00e1belsk\u00e9 pracovn\u00ed tempo, \u010d\u00edm\u017e dokazuje, \u017ee jemu sv\u011b\u0159en\u00fd sen\u00e1torsk\u00fd post nebere jako trafiku pro vyslou\u017eilce, a sebe jako sen\u00e1tora rozhodn\u011b nepova\u017euje pouze za okrasu presti\u017en\u00edch ve\u010d\u00edrk\u016f.<\/p>\n<p>A tak jsme ho potk\u00e1vali v Domovech d\u016fchodc\u016f, v \u00fastavech soci\u00e1ln\u00ed p\u00e9\u010de, na koncertech v kostelech, na vernis\u00e1\u017e\u00edch v\u00fdstav, na r\u016fzn\u00fdch besed\u00e1ch atd.<\/p>\n<p>Objevil se tak\u00e9 na setk\u00e1n\u00ed podnikatel\u016f v Ho\u0159ovic\u00edch, kam p\u0159ijel p\u0159\u00edmo ze zahrani\u010dn\u00ed n\u00e1v\u0161t\u011bvy v Bratislav\u011b. Po\u017e\u00e1dali jsme ho, aby zhodnotil rok sv\u00e9ho p\u016fsoben\u00ed v Sen\u00e1tu a v na\u0161em regionu.<\/p>\n<p>\u201eV Sen\u00e1tu p\u016fsob\u00edm jako m\u00edstop\u0159edseda v\u00fdboru pro Evropskou unii, tak\u00e9 jsem v mand\u00e1tov\u00e9m a imunitn\u00edm v\u00fdboru, p\u0159edsedou st\u00e1l\u00e9 komise Sen\u00e1tu pro m\u00e9dia a \u010dlenem organiza\u010dn\u00edho v\u00fdboru a veden\u00ed na\u0161eho politick\u00e9ho klubu.<\/p>\n<p>Pokud jde o region, t\u00e9m\u011b\u0159 ka\u017ed\u00e9 pond\u011bl\u00ed, a\u017e na vz\u00e1cn\u00e9 v\u00fdjimky, se zdr\u017euju v kancel\u00e1\u0159i, kde organizuji sch\u016fzky a potk\u00e1v\u00e1m se s lidmi.<\/p>\n<p>Nej\u010dast\u011bji se na mne obracej\u00ed starostov\u00e9, pak ob\u010dan\u00e9, ale i podnikatel\u00e9 a firmy. Starostov\u00e9 nej\u010dast\u011bji pot\u0159ebuj\u00ed pomoci v komunikaci s \u00fa\u0159ady. Jde o celou \u0159adu probl\u00e9m\u016f nap\u0159. o povolen\u00ed n\u011bjak\u00e9ho provozu ze strany ministerstva \u017eivotn\u00edho prost\u0159ed\u00ed, z\u0159\u00edzen\u00ed protihlukov\u00e9 st\u011bny, prominut\u00ed pen\u00e1le za form\u00e1ln\u00ed nedostatky ve zp\u016fsobu pou\u017eit\u00ed dotace. Hlavn\u00ed v\u00fdhodou je, \u017ee se m\u00fdm prost\u0159ednictv\u00edm povede dostat k jedn\u00e1n\u00ed osoby, kter\u00e9 o v\u011bcech rozhoduj\u00ed. V\u011bt\u0161inu projedn\u00e1van\u00fdch z\u00e1le\u017eitost\u00ed se da\u0159\u00ed prosadit.<\/p>\n<p>Ob\u010dan\u00e9 se mne obracej\u00ed zejm\u00e9na, pokud maj\u00ed probl\u00e9my ve vztahu k obc\u00edm, nap\u0159. vy\u0159\u00edzen\u00ed stavebn\u00edho povolen\u00ed, spory kolem pozemk\u016f. Jsou to velmi r\u016fznorod\u00e9 z\u00e1le\u017eitosti, tak\u00e9 za mnou chod\u00ed lid\u00e9, pokud poci\u0165uj\u00ed k\u0159ivdu kv\u016fli n\u011bjak\u00e9mu \u00fa\u0159edn\u00edmu rozhodnut\u00ed. Firmy pot\u0159ebuj\u00ed vy\u0159\u00eddit n\u011bjak\u00e1 povolen\u00ed v souvislosti s rozvojem, a vy\u0159izov\u00e1n\u00ed se ne\u00fam\u011brn\u011b vle\u010de. \u010casto se podnikatel dost\u00e1v\u00e1 do st\u0159etu se st\u00e1tn\u00ed spr\u00e1vou, a ta se k n\u011bmu nechov\u00e1 v\u017edy tak vst\u0159\u00edcn\u011b, jak by m\u011bla.<\/p>\n<p>*Sv\u00e9ho \u010dasu jste m\u011bl p\u0159edstavu, \u017ee byste pravideln\u011b jednou za m\u011bs\u00edc \u00fa\u0159adoval tak\u00e9 v Ho\u0159ovic\u00edch.<\/p>\n<p>Zat\u00edm se mi zd\u00e1, \u017ee bych tady nebyl vyu\u017eit. Ale v Ho\u0159ovic\u00edch jsem jednou, dvakr\u00e1t za m\u011bs\u00edc ur\u010dit\u011b p\u0159\u00edtomen na n\u011bjak\u00e9 akci, a tam mne m\u016f\u017ee oslovit kdokoliv. Tak\u00e9 pro mne nen\u00ed probl\u00e9mem zajet i do men\u0161\u00edch obc\u00ed, pokud se dozv\u00edm o n\u011bjak\u00e9m probl\u00e9mu. Nen\u00ed tedy nutn\u00e9 jezdit za mnou. U\u017e jsem n\u011bkolikr\u00e1t jel i za zcela soukromou osobou, pokud pot\u0159ebovala moji pomoc a bylo pro ni obt\u00ed\u017en\u00e9 n\u011bkam cestovat.<\/p>\n<p>*Ve va\u0161em volebn\u00edm programu jste m\u011bl \u0159adu pl\u00e1n\u016f, povedlo se v\u00e1m z nich u\u017e n\u011bco uskute\u010dnit?<\/p>\n<p>Volebn\u00ed t\u00e9mata, kter\u00e1 se t\u00fdkala dan\u00ed, rozpo\u010dtov\u00e1n\u00ed obc\u00ed a reforem penzijn\u00edho syst\u00e9mu a zdravotnictv\u00ed, vy\u017eaduj\u00ed ke skute\u010dn\u00e9 zm\u011bn\u011b v\u011bt\u0161inovou podporu nejen v Sen\u00e1tu, ale i v Poslaneck\u00e9 sn\u011bmovn\u011b. Na tu teprve \u010dek\u00e1me.<\/p>\n<p>Ale nap\u0159\u00edklad rozpo\u010dtov\u00e9mu ur\u010den\u00ed dan\u00ed jsme v\u011bnovali ve\u0159ejn\u00fd semin\u00e1\u0159, kter\u00e9ho se z\u00fa\u010dastnili i z\u00e1stupci obc\u00ed (z na\u0161eho regionu tam bylo okolo dvaceti starost\u016f) a ministerstva m\u00edstn\u00edho rozvoje a hlavn\u011b financ\u00ed. Na leden p\u0159ipravuji semin\u00e1\u0159 o dopravn\u00ed infrastruktu\u0159e na okrese Praha z\u00e1pad, co\u017e je op\u011bt jedno z m\u00fdch volebn\u00edch t\u00e9mat, ale hlavn\u011b velice pal\u010div\u00e1 ot\u00e1zka, kter\u00e1 se dot\u00fdk\u00e1 des\u00edtek tis\u00edc\u016f ob\u010dan\u016f.<\/p>\n<p>*Politik\u016fm se \u010dasto vyt\u00fdk\u00e1, \u017ee zapom\u00ednaj\u00ed na lidi.<\/p>\n<p>Sama u\u017e jste zm\u00ednila, \u017ee chod\u00edm mezi lidi \u010dasto. Mysl\u00edm, \u017ee nelze \u0159\u00edct, \u017ee ob\u010dan\u00e9 nemaj\u00ed mo\u017enost mne oslovit. Ale jezd\u00edm i za star\u0161\u00edmi ob\u010dany, kte\u0159\u00ed u\u017e maj\u00ed sv\u016fj ak\u010dn\u00ed r\u00e1dius omezen.<\/p>\n<p>Nap\u0159\u00edklad za\u010d\u00e1tkem prosince jsem ukon\u010dil t\u00e9m\u011b\u0159 m\u011bs\u00ed\u010dn\u00ed t\u00faru po domovech d\u016fchodc\u016f, kterou jsem pojal jako p\u0159edv\u00e1no\u010dn\u00ed setk\u00e1n\u00ed. Ne\u0161lo o ofici\u00e1ln\u00ed prohl\u00eddky domov\u016f, s veden\u00edm jsem se sice pozdravil, ale hlavn\u011b jsem hovo\u0159il s jejich obyvateli, ptal jsem se jich, co je tr\u00e1p\u00ed, jak se jim tam \u017eije, bav\u00edme se i o oby\u010dejn\u00fdch v\u011bcech. V\u017edycky m\u011b pot\u011b\u0161\u00ed jejich z\u00e1jem a moudr\u00fd nadhled. *Um\u00edte si p\u0159edstavit, \u017ee byste se v takov\u00e9m domov\u011b ocitl?<\/p>\n<p>Snad m\u00e1m je\u0161t\u011b do t\u00e9 doby daleko, ale dovedu si p\u0159edstavit, \u017ee v ur\u010dit\u00e9 f\u00e1zi \u017eivota budu pot\u0159ebovat zv\u00fd\u0161enou p\u00e9\u010di a z\u00e1zem\u00ed, kter\u00e9 mi rodina nebude moci d\u00e1t. Nikdy jsem tam nesly\u0161el \u017e\u00e1dn\u00fd projev nespokojenosti. V\u011bt\u0161inou jsou to velice nov\u00e1 za\u0159\u00edzen\u00ed (snad krom\u011b Dob\u0159ichovic a Z\u00e1tora) a je tam o klienty dob\u0159e postar\u00e1no.<\/p>\n<p>Samoz\u0159ejm\u011b, \u017ee by n\u011bkte\u0159\u00ed senio\u0159i byli rad\u011bji v kruhu sv\u00e9 rodiny, ale v dne\u0161n\u00edch podm\u00ednk\u00e1ch a pracovn\u00edch n\u00e1roc\u00edch, kter\u00e9 jsou na rodiny kladeny, to prost\u011b nen\u00ed mo\u017en\u00e9. Z\u00e1jem o p\u0159ijet\u00ed do Domov\u016f d\u016fchodc\u016f je velik\u00fd a jejich kapacita rozhodn\u011b nesta\u010d\u00ed. Nap\u0159. ve Zdic\u00edch jsem se dozv\u011bd\u011bl, \u017ee v po\u0159adn\u00edk\u016f maj\u00ed asi 170 \u017e\u00e1dost\u00ed a kapacita je n\u011bco kolem 70.<\/p>\n<p>*Kam byste za\u0159adil n\u00e1v\u0161t\u011bvy koncert\u016f v kostelech?<\/p>\n<p>To je m\u016fj z\u00e1jem o charitativn\u00ed \u010dinnost, ale tak\u00e9 o kulturu. Nap\u0159. jsem po\u0159\u00e1dal benefi\u010dn\u00ed koncert u Sv. Jakuba v Beroun\u011b, v\u00fdt\u011b\u017eek byl v\u011bnov\u00e1n na \u010dinnost Farn\u00ed charity v Beroun\u011b, konkr\u00e9tn\u011b pro pe\u010dovatelskou slu\u017ebu. Moj\u00ed nejv\u011bt\u0161\u00ed akc\u00ed je zalo\u017een\u00ed festivalu Berounsk\u00e9 Letorosty, kter\u00fd se kon\u00e1 v autokempu Na Hr\u00e1zi, v\u00fdt\u011b\u017eek ze vstupn\u00e9ho byl v\u011bnov\u00e1n projektu spole\u010dnosti Lomik\u00e1men. T\u00edm se s\u00e1m sna\u017e\u00edm p\u0159ich\u00e1zet s aktivitami, kter\u00e9 by obohatily \u017eivot v regionu. V Ho\u0159ovic\u00edch ji\u017e druh\u00fdm rokem podporuji \u017e\u00e1kovsk\u00fd fotbal, kter\u00fd m\u00e1 velmi dobr\u00e9 v\u00fdsledky a uva\u017euji o uspo\u0159\u00e1d\u00e1n\u00ed sen\u00e1torsk\u00e9ho \u017e\u00e1kovsk\u00e9ho turnaje, kter\u00e9ho by se z\u00fa\u010dastnila dru\u017estva i z dal\u0161\u00edch okres\u016f.<\/p>\n<p>*Va\u0161e \u00fa\u010dast na koncertech v kostelech mne vede k ot\u00e1zce, &#8211; jste v\u011b\u0159\u00edc\u00ed?<\/p>\n<p>Jsem takov\u00fd nedbal\u00fd v\u011b\u0159\u00edc\u00ed, nejsem p\u0159\u00edslu\u0161n\u00edkem \u017e\u00e1dn\u00e9 c\u00edrkve a nez\u00fa\u010dast\u0148uji se aktivn\u011b n\u00e1bo\u017eensk\u00e9ho \u017eivota. Av\u0161ak velice hluboce mne oslovuj\u00ed k\u0159es\u0165ansk\u00e9 tradice, m\u00e1m svoji vlastn\u00ed v\u00edru, kter\u00e1 nem\u00e1 \u017e\u00e1dn\u00fd pevn\u00fd form\u00e1ln\u00ed r\u00e1mec.<\/p>\n<p>*V\u011b\u0159ily nebo v\u011b\u0159\u00ed je\u0161t\u011b va\u0161e \u010dty\u0159i d\u011bti na Je\u017e\u00ed\u0161ka?<\/p>\n<p>Nejd\u00e9le to vydr\u017eelo nejstar\u0161\u00edmu, nejkrat\u0161\u00ed dobu v\u011b\u0159il na Je\u017e\u00ed\u0161ka nejmlad\u0161\u00ed, kter\u00e9mu je te\u010f deset let. Ti star\u0161\u00ed mu to tajemstv\u00ed brzo prozradili a tak byl na Je\u017e\u00ed\u0161kovi nejv\u00edce ukr\u00e1cen.<\/p>\n<p>*Zd\u00e1 se, \u017ee v\u00e1\u0161 program je \u010d\u00edm d\u00e1l v\u00edc nabit\u00fd, d\u00e1 se to je\u0161t\u011b zvl\u00e1dat?<\/p>\n<p>U\u017e v p\u0159edvolebn\u00ed kampani jsem zd\u016fraz\u0148oval, \u017ee jsem p\u0159ipraven se z\u00fa\u010dast\u0148ovat \u017eivota v regionu, \u017ee \u017e\u00e1dn\u00e9 m\u00edsto nen\u00ed tak vzd\u00e1len\u00e9, abych se tam nedostal, a \u017e\u00e1dn\u00e1 akce tak m\u00e1lo v\u00fdznamn\u00e1, abych j\u00ed nev\u011bnoval pozornost. Krom\u011b velk\u00fdch akc\u00ed se z\u00fa\u010dast\u0148uji i setk\u00e1n\u00ed n\u011bkolika lid\u00ed, nap\u0159. v Nov\u00e9m J\u00e1chymov\u011b se na pracovn\u00edm jedn\u00e1n\u00ed setkala skupina asi p\u011bti aktivn\u00edch podnikatel\u016f z K\u0159ivokl\u00e1tska se skupinou Ir\u016f, kte\u0159\u00ed podnikaj\u00ed v agroturistice. Taky jsem nap\u0159. nav\u0161t\u00edvil obec Vi\u017einu, kde otev\u00edrali d\u011btsk\u00e9 h\u0159i\u0161t\u011b, dost \u010dasto se setk\u00e1v\u00e1m s hasi\u010di i na v\u00fdro\u010dn\u00edch sch\u016fz\u00edch. R\u00e1d nap\u0159. vzpom\u00edn\u00e1m na oslavy tis\u00edce let od prvn\u00ed historick\u00e9 zm\u00ednky o obci Otro\u010din\u011bves. Ji\u017e podruh\u00e9 jsem byl letos na Cibulov\u00e9m jarmarku v Ho\u0159ovic\u00edch. Hezk\u00fd byl \u0160em\u00edk\u016fv memori\u00e1l, co\u017e byla cyklistick\u00e1 t\u00fara od Vy\u0161ehradu do Neum\u011btel a nakonec do Ho\u0159ovic. P\u011bkn\u00e1 akce bylo s\u00e1zen\u00ed strom\u016f u Host\u00edmi. Hezk\u00e9 byly tak\u00e9 oslavy Jungmannova v\u00fdro\u010d\u00ed v Hudlic\u00edch\u2026 Vych\u00e1z\u00edm vst\u0159\u00edc t\u011bm, kdo mne zvou a nav\u0161t\u011bvuji i akce, o nich\u017e se dozv\u00edd\u00e1m z novin.<\/p>\n<p>\u00da\u010dast na t\u011bchto akc\u00edch mne t\u011b\u0161\u00ed, r\u00e1d vid\u00edm, co v\u0161echno lid\u00e9 dok\u00e1\u017e\u00ed ud\u011blat. Ze sv\u00e9 \u017eivotn\u00ed zku\u0161enosti v\u00edm, kolik \u00fasil\u00ed stoj\u00ed, pokud chce \u010dlov\u011bk cokoliv u\u017eite\u010dn\u00e9ho uspo\u0159\u00e1dat a jak to b\u00fdv\u00e1 mnohdy nevd\u011b\u010dn\u00e9.<\/p>\n<p>*Zb\u00fdv\u00e1 v\u00e1m v\u016fbec n\u011bjak\u00fd voln\u00fd \u010das?<\/p>\n<p>Voln\u00e9 v\u00edkendy za ten rok p\u016fsoben\u00ed v Sen\u00e1tu bzch mohl spo\u010d\u00edtat na prstech jedn\u00e9 ruky. V\u011bt\u0161ina akc\u00ed je pr\u00e1v\u011b o v\u00edkendech a j\u00e1 na nich chci b\u00fdt.<\/p>\n<p>M\u00fdm nejv\u011bt\u0161\u00edm probl\u00e9mem je uchr\u00e1nit si tro\u0161ku \u010dasu na sportovn\u00ed aktivity. Jezd\u00edm na kole, hraju tenis a volejbal. Rekrea\u010dn\u00ed sport pova\u017euji pro sv\u00e9 zdrav\u00ed za naprosto nezbytn\u00fd. R\u00e1d bych si uchoval fyzickou kondici. Pokud by se pracovn\u00ed tempo m\u011blo je\u0161t\u011b v\u00edce stup\u0148ovat, musel bych n\u011bco omezovat. Nejv\u00edc na mou pr\u00e1ci samoz\u0159ejm\u011b dopl\u00e1c\u00ed rodina. Ji ukr\u00e1tit nechci, av\u0161ak omezit svou p\u0159\u00edtomnost v regionu taky ne\u2026<\/p>\n<p>*Z\u0159ejm\u011b jde o velice pestr\u00e9 z\u00e1\u017eitky, zaj\u00edmav\u00e9 osudy lid\u00ed, nevede v\u00e1s to k tomu, abyste si je zapisoval?<\/p>\n<p>Potk\u00e1v\u00e1m hrozn\u011b moc lid\u00ed a skute\u010dn\u011b nen\u00ed ani v m\u00e9 pam\u011b\u0165ov\u00e9 kapacit\u011b si je v\u0161echny pamatovat. Na zapisov\u00e1n\u00ed nen\u00ed \u010das, ale ob\u010das by se to hodilo. Vybavuji si tv\u00e1\u0159e, ale m\u00e1m probl\u00e9m k nim p\u0159i\u0159adit jm\u00e9no i konkr\u00e9tn\u00ed ud\u00e1lost, kde jsme se potkali. Kdy\u017e ale n\u011bkoho vid\u00edm v\u00edckr\u00e1t, u\u017e je to lep\u0161\u00ed, je to takov\u00fd hezk\u00fd pocit sousedstv\u00ed, kdy\u017e u\u017e lidi zn\u00e1m a m\u00e1me spole\u010dn\u00e9 z\u00e1\u017eitky.<\/p>\n<p>*M\u00e1te pro obyvatele sv\u00e9ho sen\u00e1torsk\u00e9ho obvodu n\u011bjak\u00e9 v\u00e1no\u010dn\u00ed a novoro\u010dn\u00ed p\u0159\u00e1n\u00ed?<\/p>\n<p>P\u0159edev\u0161\u00edm v\u0161em p\u0159eju zdrav\u00ed a spokojenost. A jako politik jim p\u0159eju, aby jim politika nebrala n\u00e1ladu a chu\u0165 do \u017eivota, a aby jim slou\u017eila, proto\u017ee to jej\u00ed hlavn\u00ed posl\u00e1n\u00ed. Osobn\u011b bych se toho r\u00e1d do\u010dkal, a\u017e to taky lid\u00e9 budou takto vn\u00edmat. Alespo\u0148 m\u00fdm c\u00edlem je pom\u00e1hat lidem a ne sob\u011b.<\/p>\n<p>Marta \u0160evac<\/p>\n","protected":false},"excerpt":{"rendered":"<p>Pozvolna si zvyk\u00e1me, \u017ee pokud se n\u011bco v na\u0161em regionu d\u011bje, tak tam s nejv\u011bt\u0161\u00ed pravd\u011bpodobnost\u00ed potk\u00e1me sen\u00e1tora Ji\u0159\u00edho Oberfalzera (ODS). <\/p>\n","protected":false},"author":1,"featured_media":2032,"comment_status":"closed","ping_status":"closed","sticky":false,"template":"","format":"standard","meta":{"footnotes":""},"categories":[17],"tags":[],"class_list":["post-2009","post","type-post","status-publish","format-standard","has-post-thumbnail","hentry","category-nazory-a-rozhovory"],"_links":{"self":[{"href":"https:\/\/jirioberfalzer.cz\/index.php?rest_route=\/wp\/v2\/posts\/2009","targetHints":{"allow":["GET"]}}],"collection":[{"href":"https:\/\/jirioberfalzer.cz\/index.php?rest_route=\/wp\/v2\/posts"}],"about":[{"href":"https:\/\/jirioberfalzer.cz\/index.php?rest_route=\/wp\/v2\/types\/post"}],"author":[{"embeddable":true,"href":"https:\/\/jirioberfalzer.cz\/index.php?rest_route=\/wp\/v2\/users\/1"}],"replies":[{"embeddable":true,"href":"https:\/\/jirioberfalzer.cz\/index.php?rest_route=%2Fwp%2Fv2%2Fcomments&post=2009"}],"version-history":[{"count":2,"href":"https:\/\/jirioberfalzer.cz\/index.php?rest_route=\/wp\/v2\/posts\/2009\/revisions"}],"predecessor-version":[{"id":2041,"href":"https:\/\/jirioberfalzer.cz\/index.php?rest_route=\/wp\/v2\/posts\/2009\/revisions\/2041"}],"wp:featuredmedia":[{"embeddable":true,"href":"https:\/\/jirioberfalzer.cz\/index.php?rest_route=\/wp\/v2\/media\/2032"}],"wp:attachment":[{"href":"https:\/\/jirioberfalzer.cz\/index.php?rest_route=%2Fwp%2Fv2%2Fmedia&parent=2009"}],"wp:term":[{"taxonomy":"category","embeddable":true,"href":"https:\/\/jirioberfalzer.cz\/index.php?rest_route=%2Fwp%2Fv2%2Fcategories&post=2009"},{"taxonomy":"post_tag","embeddable":true,"href":"https:\/\/jirioberfalzer.cz\/index.php?rest_route=%2Fwp%2Fv2%2Ftags&post=2009"}],"curies":[{"name":"wp","href":"https:\/\/api.w.org\/{rel}","templated":true}]}}