{"id":2007,"date":"2006-05-17T04:09:57","date_gmt":"2006-05-17T03:09:57","guid":{"rendered":"http:\/\/jirioberfalzer.cz\/?p=2007"},"modified":"2018-09-25T04:11:19","modified_gmt":"2018-09-25T03:11:19","slug":"staroceske-maje","status":"publish","type":"post","link":"https:\/\/jirioberfalzer.cz\/?p=2007","title":{"rendered":"Staro\u010desk\u00e9 m\u00e1je"},"content":{"rendered":"<div id=\"attachment_1645\" style=\"width: 810px\" class=\"wp-caption aligncenter\"><img loading=\"lazy\" decoding=\"async\" aria-describedby=\"caption-attachment-1645\" class=\"size-full wp-image-1645\" src=\"https:\/\/jirioberfalzer.cz\/wp-content\/uploads\/2018\/08\/oberfalzer-neform\u00e1ln\u00ed_compressed.jpg\" alt=\"\" width=\"800\" height=\"600\" srcset=\"https:\/\/jirioberfalzer.cz\/wp-content\/uploads\/2018\/08\/oberfalzer-neform\u00e1ln\u00ed_compressed.jpg 800w, https:\/\/jirioberfalzer.cz\/wp-content\/uploads\/2018\/08\/oberfalzer-neform\u00e1ln\u00ed_compressed-300x225.jpg 300w, https:\/\/jirioberfalzer.cz\/wp-content\/uploads\/2018\/08\/oberfalzer-neform\u00e1ln\u00ed_compressed-768x576.jpg 768w\" sizes=\"auto, (max-width: 800px) 100vw, 800px\" \/><p id=\"caption-attachment-1645\" class=\"wp-caption-text\">oberfalzer-neform\u00e1ln\u00ed_<\/p><\/div>\n<p>V\u0161echno z\u00e1le\u017e\u00ed na lidech.<br \/>\nJedine\u010dnost \u017eivota v obci d\u011blaj\u00ed tradice, m\u00edstn\u00ed zvl\u00e1\u0161tnosti, origin\u00e1lnost a aktivita jednotlivc\u016f. Tam, kde takov\u00ed lid\u00e9 \u017eij\u00ed, tam je veselo. Kde se jich nedost\u00e1v\u00e1, obec sp\u00ed, nem\u00e1 du\u0161i, v\u00edt\u011bz\u00ed televize.<br \/>\n\u010casto sl\u00fdch\u00e1me, co v\u0161echno nejde, proto\u017ee\u2026 Proto\u017ee je m\u00e1lo pen\u011bz, proto\u017ee nen\u00ed dost lid\u00ed, kte\u0159\u00ed by pomohli, proto\u017ee by se muselo nejd\u0159\u00edv to \u010di ono za\u0159\u00eddit, a to je slo\u017eit\u00e9 atd. atd.<br \/>\nKde je v\u016fle, je i \u00fasp\u011bch.<br \/>\nTo je pravidlo, kter\u00e9 se v\u017edy znovu a znovu potvrzuje v nejr\u016fzn\u011bj\u0161\u00edch podob\u00e1ch a na nejr\u016fzn\u011bj\u0161\u00edch m\u00edstech. V\u0161echno toti\u017e z\u00e1le\u017e\u00ed na lidech.<br \/>\nPoberoun\u00ed takov\u00e9 lidi na\u0161t\u011bst\u00ed m\u00e1. Jsou to lid\u00e9 kolem Na\u0161ich novin a T\u0159ehusku. Jejich z\u00e1sluhou a jejich aktivitou se v polistopadov\u00e9 \u00e9\u0159e znovu probudily tradi\u010dn\u00ed akce, kter\u00e9 obohacovaly \u017eivot vesnice. A tak se doslova ze zem\u011b vydupaly tradi\u010dn\u00ed masopustn\u00ed ma\u0161karn\u00ed pr\u016fvody, ochotnick\u00e9 soubory, posv\u00edcensk\u00e9 tradice a tak\u00e9 staro\u010desk\u00e9 m\u00e1je.<br \/>\nNic nen\u00ed nemo\u017en\u00e9\u2026<br \/>\n\u2026 notuje se v jedn\u00e9 televizn\u00ed reklam\u011b. Na po\u010d\u00e1tku by ur\u010dit\u011b jen m\u00e1lokdo v\u011b\u0159il tomu, \u017ee je mo\u017eno v mal\u00fdch obc\u00edch kolem doln\u00ed Berounky uspo\u0159\u00e1dat n\u011bkolikadenn\u00ed festival folkl\u00f3rn\u00ed hudby a tance. V\u017edy\u0165 toto prost\u0159ed\u00ed \u2013 tak bl\u00edzk\u00e9 Praze \u2013 u\u017e nem\u00e1 ten prav\u00fd vesnick\u00fd r\u00e1z. A vida, nejen \u017ee to jde, festival Staro\u010desk\u00e9 m\u00e1je m\u00e1 letos u\u017e sedm\u00fd ro\u010dn\u00edk, ale dokonce je to mezin\u00e1rodn\u00ed akce.<br \/>\nR\u00e1d bych T\u0159ehusku pod\u011bkoval a vyj\u00e1d\u0159il pot\u011b\u0161en\u00ed, \u017ee mohu osobn\u011b tuto akci za\u0161t\u00edtit.<br \/>\nT\u011b\u0161\u00edm se na shledanou v Letech, obou T\u0159eban\u00edch a v \u010cerno\u0161ic\u00edch, zkr\u00e1tka u n\u00e1s na doln\u00ed Berounce.<br \/>\nJi\u0159\u00ed Oberfalzer<br \/>\nsen\u00e1tor<\/p>\n","protected":false},"excerpt":{"rendered":"<p>V\u0161echno z\u00e1le\u017e\u00ed na lidech.<br \/>\nJedine\u010dnost \u017eivota v obci d\u011blaj\u00ed tradice, m\u00edstn\u00ed zvl\u00e1\u0161tnosti, origin\u00e1lnost a aktivita jednotlivc\u016f. Tam, kde takov\u00ed lid\u00e9 \u017eij\u00ed, tam je veselo. Kde se jich nedost\u00e1v\u00e1, obec sp\u00ed, nem\u00e1 du\u0161i, v\u00edt\u011bz\u00ed televize. <\/p>\n","protected":false},"author":1,"featured_media":1645,"comment_status":"closed","ping_status":"closed","sticky":false,"template":"","format":"standard","meta":{"footnotes":""},"categories":[2],"tags":[],"class_list":["post-2007","post","type-post","status-publish","format-standard","has-post-thumbnail","hentry","category-z-regionu"],"_links":{"self":[{"href":"https:\/\/jirioberfalzer.cz\/index.php?rest_route=\/wp\/v2\/posts\/2007","targetHints":{"allow":["GET"]}}],"collection":[{"href":"https:\/\/jirioberfalzer.cz\/index.php?rest_route=\/wp\/v2\/posts"}],"about":[{"href":"https:\/\/jirioberfalzer.cz\/index.php?rest_route=\/wp\/v2\/types\/post"}],"author":[{"embeddable":true,"href":"https:\/\/jirioberfalzer.cz\/index.php?rest_route=\/wp\/v2\/users\/1"}],"replies":[{"embeddable":true,"href":"https:\/\/jirioberfalzer.cz\/index.php?rest_route=%2Fwp%2Fv2%2Fcomments&post=2007"}],"version-history":[{"count":2,"href":"https:\/\/jirioberfalzer.cz\/index.php?rest_route=\/wp\/v2\/posts\/2007\/revisions"}],"predecessor-version":[{"id":2043,"href":"https:\/\/jirioberfalzer.cz\/index.php?rest_route=\/wp\/v2\/posts\/2007\/revisions\/2043"}],"wp:featuredmedia":[{"embeddable":true,"href":"https:\/\/jirioberfalzer.cz\/index.php?rest_route=\/wp\/v2\/media\/1645"}],"wp:attachment":[{"href":"https:\/\/jirioberfalzer.cz\/index.php?rest_route=%2Fwp%2Fv2%2Fmedia&parent=2007"}],"wp:term":[{"taxonomy":"category","embeddable":true,"href":"https:\/\/jirioberfalzer.cz\/index.php?rest_route=%2Fwp%2Fv2%2Fcategories&post=2007"},{"taxonomy":"post_tag","embeddable":true,"href":"https:\/\/jirioberfalzer.cz\/index.php?rest_route=%2Fwp%2Fv2%2Ftags&post=2007"}],"curies":[{"name":"wp","href":"https:\/\/api.w.org\/{rel}","templated":true}]}}