{"id":1997,"date":"2015-03-17T07:05:21","date_gmt":"2015-03-17T06:05:21","guid":{"rendered":"http:\/\/jirioberfalzer.cz\/?p=1997"},"modified":"2018-10-15T20:05:34","modified_gmt":"2018-10-15T19:05:34","slug":"podnet-rade-ct-o-nevyvazenosti-reportaze-o-hornim-jiretine","status":"publish","type":"post","link":"https:\/\/jirioberfalzer.cz\/?p=1997","title":{"rendered":"Podn\u011bt Rad\u011b \u010cT o nevyv\u00e1\u017eenosti report\u00e1\u017ee o Horn\u00edm Ji\u0159et\u00edn\u011b"},"content":{"rendered":"<p><strong><img loading=\"lazy\" decoding=\"async\" class=\"aligncenter size-full wp-image-1869\" src=\"https:\/\/jirioberfalzer.cz\/wp-content\/uploads\/2018\/09\/oberfalzer-neformalni-kosile_compressed.jpg\" alt=\"\" width=\"800\" height=\"600\" srcset=\"https:\/\/jirioberfalzer.cz\/wp-content\/uploads\/2018\/09\/oberfalzer-neformalni-kosile_compressed.jpg 800w, https:\/\/jirioberfalzer.cz\/wp-content\/uploads\/2018\/09\/oberfalzer-neformalni-kosile_compressed-300x225.jpg 300w, https:\/\/jirioberfalzer.cz\/wp-content\/uploads\/2018\/09\/oberfalzer-neformalni-kosile_compressed-768x576.jpg 768w\" sizes=\"auto, (max-width: 800px) 100vw, 800px\" \/>Sen\u00e1tor Ji\u0159\u00ed Oberfalzer (ODS) dnes podal podn\u011bt Rad\u011b \u010cesk\u00e9 televize kv\u016fli report\u00e1\u017ei, je\u017e byla odvys\u00edl\u00e1na dne 11. b\u0159ezna v po\u0159adu Zpr\u00e1vi\u010dky na d\u011btsk\u00e9m programu \u010cT D\u00e9\u010dko.<\/strong> <strong>Report\u00e1\u017e, dle n\u00e1zoru sen\u00e1tora, neodpov\u00edd\u00e1 po\u017eadavk\u016fm na objektivn\u00ed a vyv\u00e1\u017een\u00e9 zpravodajstv\u00ed, kter\u00e9 by \u010cesk\u00e1 televize m\u011bla podle z\u00e1kona poskytovat.<\/strong><\/p>\n<p>\u201e<em>Na report\u00e1\u017e m\u011b upozornil server iUhli.cz, kter\u00fd oslovil i dal\u0161\u00ed kolegyn\u011b a kolegy ze Sen\u00e1tu. Po jej\u00edm zhl\u00e9dnut\u00ed jsem dosp\u011bl k n\u00e1zoru, \u017ee obsah report\u00e1\u017ee je d\u016fvodem k pod\u00e1n\u00ed podn\u011btu Rad\u011b. Jsem p\u0159esv\u011bd\u010den, \u017ee jde o nevyv\u00e1\u017een\u00fd materi\u00e1l, kter\u00fd byl nav\u00edc vys\u00edl\u00e1n pro d\u011bti, kter\u00e9 si samy neum\u00ed obstarat protiargumenty,<\/em>\u201c vysv\u011btluje Oberfalzer.<\/p>\n<p>Podle sen\u00e1tora report\u00e1\u017e pojedn\u00e1v\u00e1 o slo\u017eit\u00e9m probl\u00e9mu limit\u016f povrchov\u00e9 t\u011b\u017eby hn\u011bd\u00e9ho uhl\u00ed, o kter\u00e9m bude rozhodovat vl\u00e1da, a kter\u00fd se t\u00fdk\u00e1 jak regionu, tak p\u0159enesen\u011b prakticky v\u0161ech ob\u010dan\u016f \u010cesk\u00e9 republiky, av\u0161ak prezentuje pouze n\u00e1zor odp\u016frc\u016f tzv. prolomen\u00ed limit\u016f. \u201e<em>Pova\u017euji za jasn\u00e9 selh\u00e1n\u00ed, \u017ee v report\u00e1\u017ei nebyl d\u00e1n prostor n\u00e1zor\u016fm a argument\u016fm druh\u00e9 strany, tedy z\u00e1stupc\u016f firem pop\u0159. odbor\u016f, kter\u00e9 pokra\u010dov\u00e1n\u00ed t\u011b\u017eby uhl\u00ed prosazuj\u00ed. Chyb\u00ed rovn\u011b\u017e n\u00e1zor odborn\u00edka na energetiku, kter\u00fd by mohl poskytnout argumenty pro a proti. Je toti\u017e nesporn\u00e9, \u017ee uhl\u00ed je a je\u0161t\u011b n\u011bjak\u00fd \u010das mus\u00ed b\u00fdt i nad\u00e1le sou\u010d\u00e1st\u00ed energetick\u00e9ho mixu. V report\u00e1\u017ei v\u016fbec nezazn\u011bly informace o vlivu uhl\u00ed na ceny elekt\u0159iny a tepla, ot\u00e1zka zam\u011bstnanosti a podobn\u011b, co\u017e je podle m\u00e9ho n\u00e1zoru chyba<\/em>,\u201c \u0159\u00edk\u00e1 sen\u00e1tor.<\/p>\n<p>Podle Oberfalzera nem\u00e1 jeho podn\u011bt Rad\u011b \u010cesk\u00e9 televize \u017e\u00e1dnou souvislost s aktu\u00e1ln\u00edmi ud\u00e1lostmi kolem tohoto m\u00e9dia ve\u0159ejn\u00e9 slu\u017eby. V minul\u00fdch dnech toti\u017e televizi kritizoval prezident Milo\u0161 Zeman a sen\u00e1tor Veleba dokonce pod\u00e1v\u00e1 n\u00e1vrh z\u00e1kona, kter\u00fd by m\u011bl umo\u017enit neplatit koncesion\u00e1\u0159sk\u00e9 poplatky. \u201e<em>Jde o zcela odli\u0161n\u00fd p\u0159\u00edb\u011bh, kter\u00fd za\u010dal t\u00edm, \u017ee jsem byl upozorn\u011bn na zm\u00edn\u011bnou report\u00e1\u017e. Pod\u00e1v\u00e1m podn\u011bt pouze v t\u00e9to konkr\u00e9tn\u00ed z\u00e1le\u017eitosti, proto\u017ee jsem p\u0159esv\u011bd\u010den, \u017ee budoucnost energetiky je natolik z\u00e1va\u017en\u00e9 a citliv\u00e9 t\u00e9ma, \u017ee je nep\u0159\u00edpustn\u00e9, aby o n\u011bm ve\u0159ejnopr\u00e1vn\u00ed televize informovala takto jednostrann\u011b<\/em>\u201c uzav\u00edr\u00e1 Ji\u0159\u00ed Oberfalzer.<\/p>\n","protected":false},"excerpt":{"rendered":"<p>Sen\u00e1tor Ji\u0159\u00ed Oberfalzer (ODS) dnes podal podn\u011bt Rad\u011b \u010cesk\u00e9 televize kv\u016fli report\u00e1\u017ei, je\u017e byla odvys\u00edl\u00e1na dne 11. b\u0159ezna v po\u0159adu Zpr\u00e1vi\u010dky na d\u011btsk\u00e9m programu \u010cT D\u00e9\u010dko.<\/p>\n","protected":false},"author":1,"featured_media":1869,"comment_status":"closed","ping_status":"closed","sticky":false,"template":"","format":"standard","meta":{"footnotes":""},"categories":[17],"tags":[],"class_list":["post-1997","post","type-post","status-publish","format-standard","has-post-thumbnail","hentry","category-nazory-a-rozhovory"],"_links":{"self":[{"href":"https:\/\/jirioberfalzer.cz\/index.php?rest_route=\/wp\/v2\/posts\/1997","targetHints":{"allow":["GET"]}}],"collection":[{"href":"https:\/\/jirioberfalzer.cz\/index.php?rest_route=\/wp\/v2\/posts"}],"about":[{"href":"https:\/\/jirioberfalzer.cz\/index.php?rest_route=\/wp\/v2\/types\/post"}],"author":[{"embeddable":true,"href":"https:\/\/jirioberfalzer.cz\/index.php?rest_route=\/wp\/v2\/users\/1"}],"replies":[{"embeddable":true,"href":"https:\/\/jirioberfalzer.cz\/index.php?rest_route=%2Fwp%2Fv2%2Fcomments&post=1997"}],"version-history":[{"count":1,"href":"https:\/\/jirioberfalzer.cz\/index.php?rest_route=\/wp\/v2\/posts\/1997\/revisions"}],"predecessor-version":[{"id":1998,"href":"https:\/\/jirioberfalzer.cz\/index.php?rest_route=\/wp\/v2\/posts\/1997\/revisions\/1998"}],"wp:featuredmedia":[{"embeddable":true,"href":"https:\/\/jirioberfalzer.cz\/index.php?rest_route=\/wp\/v2\/media\/1869"}],"wp:attachment":[{"href":"https:\/\/jirioberfalzer.cz\/index.php?rest_route=%2Fwp%2Fv2%2Fmedia&parent=1997"}],"wp:term":[{"taxonomy":"category","embeddable":true,"href":"https:\/\/jirioberfalzer.cz\/index.php?rest_route=%2Fwp%2Fv2%2Fcategories&post=1997"},{"taxonomy":"post_tag","embeddable":true,"href":"https:\/\/jirioberfalzer.cz\/index.php?rest_route=%2Fwp%2Fv2%2Ftags&post=1997"}],"curies":[{"name":"wp","href":"https:\/\/api.w.org\/{rel}","templated":true}]}}