{"id":1989,"date":"2015-02-07T06:50:47","date_gmt":"2015-02-07T05:50:47","guid":{"rendered":"http:\/\/jirioberfalzer.cz\/?p=1989"},"modified":"2018-09-13T06:57:24","modified_gmt":"2018-09-13T05:57:24","slug":"pamatce-kolegy-karla-sebka","status":"publish","type":"post","link":"https:\/\/jirioberfalzer.cz\/?p=1989","title":{"rendered":"Pam\u00e1tce kolegy Karla \u0160ebka"},"content":{"rendered":"<div id=\"attachment_1990\" style=\"width: 916px\" class=\"wp-caption aligncenter\"><img loading=\"lazy\" decoding=\"async\" aria-describedby=\"caption-attachment-1990\" class=\"size-full wp-image-1990\" src=\"https:\/\/jirioberfalzer.cz\/wp-content\/uploads\/2018\/09\/nature-3048299_1280_compressed.jpg\" alt=\"\" width=\"906\" height=\"600\" srcset=\"https:\/\/jirioberfalzer.cz\/wp-content\/uploads\/2018\/09\/nature-3048299_1280_compressed.jpg 906w, https:\/\/jirioberfalzer.cz\/wp-content\/uploads\/2018\/09\/nature-3048299_1280_compressed-300x199.jpg 300w, https:\/\/jirioberfalzer.cz\/wp-content\/uploads\/2018\/09\/nature-3048299_1280_compressed-768x509.jpg 768w\" sizes=\"auto, (max-width: 906px) 100vw, 906px\" \/><p id=\"caption-attachment-1990\" class=\"wp-caption-text\">Foto: pixabay.com<\/p><\/div>\n<p style=\"text-align: justify;\"><strong>V p\u00e1tek 6. \u00fanora m\u011bl v Neveklov\u011b poh\u0159eb b\u00fdval\u00fd sen\u00e1tor Karel \u0160ebek. Zem\u0159el po t\u011b\u017ek\u00e9 nemoci. V kostele i na h\u0159bitov\u011b se s n\u00edm p\u0159i\u0161ly rozlou\u010dit stovky p\u0159\u00e1tel, zn\u00e1m\u00fdch i spoluob\u010dan\u016f. Nechyb\u011bly a ni osobnosti st\u0159edo\u010desk\u00e9 ODS a zejm\u00e9na jeho b\u00fdval\u00ed kolegov\u00e9 ze sen\u00e1torsk\u00e9ho klubu. Za n\u011b pronesl u hrobu zesnul\u00e9ho smute\u010dn\u00ed \u0159e\u010d sen\u00e1tor za obvod Beroun, Ji\u0159\u00ed Oberfalzer:<\/strong><\/p>\n<p style=\"text-align: justify;\">KAREL \u0160EBEK,<\/p>\n<p style=\"text-align: justify;\">starosta, krajsk\u00fd zastupitel, sen\u00e1tor.<\/p>\n<p style=\"text-align: justify;\">D\u00e1 se o n\u011bm \u0159\u00edci mnoho a mnoho u\u017e jsme tak\u00e9 sly\u0161eli.<\/p>\n<p style=\"text-align: justify;\">Vlastn\u011b by sta\u010dilo konstatovat jedin\u00e9:<\/p>\n<p style=\"text-align: justify;\">byl to dobr\u00fd \u010dlov\u011bk.<\/p>\n<p style=\"text-align: justify;\">Poctiv\u00fd, skromn\u00fd, prost\u00fd, opravdov\u00fd.<\/p>\n<p style=\"text-align: justify;\">V\u00edra v Boha, dobr\u00e1 v\u00fdchova a \u00facta k tradici, zodpov\u011bdnost za sv\u016fj vlastn\u00ed \u017eivot a za sv\u00e9 \u010diny, to byla jeho kl\u00ed\u010dov\u00e1 vod\u00edtka na cest\u011b, kterou ned\u00e1vno zavr\u0161il.<\/p>\n<p style=\"text-align: justify;\">Stoj\u00edm tu ov\u0161em nejen jako jeho kamar\u00e1d, ale tak\u00e9 jako kolega ze sen\u00e1torsk\u00e9ho klubu a st\u0159edo\u010desk\u00e9ho sdru\u017een\u00ed Ob\u010dansk\u00e9 demokratick\u00e9 strany, jej\u00edm\u017e byl zakl\u00e1daj\u00edc\u00edm \u010dlenem, a nemohu proto opominout, \u017ee byl tak\u00e9 politik, a u\u017e v\u016fbec ne to, jak\u00fd byl politik.<\/p>\n<p style=\"text-align: justify;\">Jako slu\u0161n\u00fd \u010dlov\u011bk p\u0159ijal sv\u00e9 anga\u017em\u00e1 v jedn\u00e9 z nejvy\u0161\u0161\u00edch \u00fastavn\u00edch instituc\u00ed zem\u011b s t\u011bmi nejlep\u0161\u00edmi p\u0159edsevzet\u00edmi. P\u0159inesl tam sv\u00e9 zku\u0161enosti, svou moudrost i sv\u016fj charakter. P\u016fsobil zde podle nejlep\u0161\u00edho sv\u011bdom\u00ed, podpo\u0159il \u0159adu u\u017eite\u010dn\u00fdch zm\u011bn z\u00e1kon\u016f a n\u011bkter\u00e9 tak\u00e9 s\u00e1m inicioval.<\/p>\n<p style=\"text-align: justify;\">Tr\u00e1pil se ov\u0161em i stinn\u00fdmi str\u00e1nkami politiky, a proto ve sv\u00fdch vyj\u00e1d\u0159en\u00edch v\u017edy apeloval, aby se rozli\u0161ovalo mezi politikou jako \u00fasil\u00edm v\u00e9st v\u011bci na\u0161\u00ed spole\u010dnosti k lep\u0161\u00edmu a politikou jako n\u00e1strojem vlastn\u00edho prosp\u011bchu k realizaci sobeck\u00fdch z\u00e1jm\u016f.<\/p>\n<p style=\"text-align: justify;\">Citoval slova T. G. Masaryka: &#8222;<em>Demokracie je syst\u00e9m pro lidi slu\u0161n\u00e9 a vzd\u011blan\u00e9.<\/em>&#8220; A dod\u00e1val, \u017ee v\u016f\u010di t\u011bm ostatn\u00edm nen\u00ed demokracie sama od sebe dost imunn\u00ed a z\u00e1le\u017e\u00ed na n\u00e1s v\u0161ech, zda ji uh\u00e1j\u00edme a jakou j\u00ed d\u00e1me tv\u00e1\u0159.<\/p>\n<p style=\"text-align: justify;\">Je obvykl\u00e9, \u017ee lidi skromn\u00e9 a tich\u00e9, jako bychom za jejich \u017eivota nevid\u011bli, po\u0159\u00e1dn\u011b nesly\u0161eli. Jsou tak spolehliv\u00ed a samoz\u0159ejm\u00ed, \u017ee si jich snad nen\u00ed t\u0159eba zvl\u00e1\u0161t\u011b hled\u011bt, je na n\u011b toti\u017e naprost\u00fd spoleh.<\/p>\n<p style=\"text-align: justify;\">Oni nehalas\u00ed, kdy\u017e poctiv\u011b pracuj\u00ed, nestav\u00ed na odiv sv\u00e9 dobr\u00e9 skutky. V\u011b\u0159\u00ed, \u017ee dobro je samo o sob\u011b ocen\u011bn\u00edm pro toho, kdo je kon\u00e1 nebo mu i jen napom\u00e1h\u00e1.<\/p>\n<p style=\"text-align: justify;\">Kdy\u017e v roce 2012 neobh\u00e1jil sv\u016fj mand\u00e1t, bral to v\u011bcn\u011b jako jakoukoli jinou zm\u011bnu ve sv\u00e9m dosavadn\u00edm profesn\u00edm \u017eivot\u011b. Napsal tehdy na sv\u016fj web: \u201eMysl\u00edm, \u017ee v Sen\u00e1tu po mn\u011b z\u016fstane dobr\u00e1 stopa nejen ve stenografick\u00fdch z\u00e1znamech z jedn\u00e1n\u00ed, ale i v mysl\u00edch t\u011bch, kter\u00fdm jsem za dobu sv\u00e9ho v\u00fdkonu funkce dok\u00e1zal pomoci.\u201c<\/p>\n<p style=\"text-align: justify;\">A bylo pro n\u011bj zcela typick\u00e9, \u017ee kdy\u017e dokon\u010dil svou sen\u00e1torskou misi, radoval se p\u0159edev\u0161\u00edm z toho, \u017ee p\u0159i n\u00ed nep\u0159i\u0161el o jedin\u00e9ho kamar\u00e1da. Nen\u00ed divu \u00a0&#8211; z\u016fstal toti\u017e stejn\u00fd.<\/p>\n<p style=\"text-align: justify;\">My, jeho b\u00fdval\u00ed kolegov\u00e9, si Karla pamatujeme jako bezvadn\u00e9ho, vesel\u00e9ho kolegu, p\u0159\u00e1telsk\u00e9ho par\u0165\u00e1ka, ale tak\u00e9 jako v\u00fdborn\u00e9ho fotografa, vyprav\u011b\u010de vesel\u00fdch \u010di absurdn\u00edch z\u00e1\u017eitk\u016f i jako v\u00fdsti\u017en\u00e9ho glos\u00e1tora ve\u0159ejn\u00e9ho d\u011bn\u00ed. A\u0165 mluvil na pl\u00e9nu Sen\u00e1tu nebo psal koment\u00e1\u0159e do novin, v\u017edy pracoval s vtipem, nadhledem a zdravou selskou rozvahou. Dovedl i pohotov\u011b a \u00fasm\u011bvn\u011b ver\u0161ovat.<\/p>\n<p style=\"text-align: justify;\">Nikdy v\u0161ak nebyl ve sv\u00fdch projevech povrchn\u00ed ani lacin\u00fd a u\u017e v\u016fbec ne vulg\u00e1rn\u00ed. To by si jako \u010dlov\u011bk, kter\u00fd ct\u00ed vy\u0161\u0161\u00ed principy, nikdy nedovolil.\u00a0<span style=\"line-height: 1.7;\">\u0158\u00edkal: \u00a0\u201eV m\u00e9m postoji ke sv\u011btu m\u00e1 p\u0159edn\u00ed m\u00edsto slovo pokora,\u201c a dod\u00e1val: <\/span><span style=\"line-height: 1.7;\">\u201eKa\u017ed\u00fd \u010dlov\u011bk je sv\u00fdm zp\u016fsobem jedine\u010dn\u00fd, a pokud se jako \u010dlov\u011bk chov\u00e1, m\u00e1 cit a sv\u011bdom\u00ed, je hoden obdivu a \u00facty.<\/span><\/p>\n<p style=\"text-align: justify;\">Tak jako nen\u00ed mal\u00fdch rol\u00ed na divadle, nen\u00ed mo\u017en\u00e9 \u0159\u00edci, \u017ee n\u011bkter\u00fd lidsk\u00fd osud je jen \u00bboby\u010dejn\u00fd\u00ab.\u201c\u00a0<span style=\"line-height: 1.7;\">Ten Karl\u016fv byl \u2013 relativn\u011b vzato \u2013 kr\u00e1tk\u00fd, ale rozhodn\u011b nebyl oby\u010dejn\u00fd a u\u017e v\u016fbec ne marn\u00fd.<\/span><\/p>\n<p style=\"text-align: justify;\">Vychoval \u010dty\u0159i d\u011bti, v\u00fdznamn\u011b se pod\u00edlel na zveleben\u00ed sv\u00e9ho m\u011bsta. P\u0159isp\u011bl sv\u00fdm vlastn\u00edm d\u00edlem i p\u0159\u00edkladem ke slu\u0161n\u00e9 a odpov\u011bdn\u00e9 politice nejen na obecn\u00ed \u00farovni, ale i na krajsk\u00e9 a celost\u00e1tn\u00ed.\u00a0<span style=\"line-height: 1.7;\">\u017dil a pracoval tak, aby mohl kdykoli bez v\u00fd\u010ditek sv\u011bdom\u00ed odej\u00edt.<\/span><\/p>\n<p style=\"text-align: justify;\">To ostatn\u011b napov\u00edd\u00e1 i jeho obl\u00edben\u00fd cit\u00e1t anglick\u00e9ho myslitele Francise Bacona:\u00a0<span style=\"line-height: 1.7;\">&#8222;Nehledej velk\u00e9 bohatstv\u00ed, ale jen takov\u00e9, jak\u00e9ho m\u016f\u017ee\u0161 nab\u00fdt spravedliv\u011b, u\u017e\u00edt st\u0159\u00eddm\u011b, rozdat vesele a opustit klidn\u011b.&#8220;<\/span><\/p>\n<p style=\"text-align: justify;\">Mysl\u00edm, \u017ee jemu se to povedlo.\u00a0<span style=\"line-height: 1.7;\">Jemu tam na pravd\u011b Bo\u017e\u00ed te\u010f u\u017e nic nechyb\u00ed, ale ON n\u00e1m tady bude chyb\u011bt napo\u0159\u00e1d.<\/span><\/p>\n<p style=\"text-align: justify;\">Karle, bu\u010f s Bohem a d\u011bkujeme ti za v\u0161e.<\/p>\n","protected":false},"excerpt":{"rendered":"<p>V p\u00e1tek 6. \u00fanora m\u011bl v Neveklov\u011b poh\u0159eb b\u00fdval\u00fd sen\u00e1tor Karel \u0160ebek. Zem\u0159el po t\u011b\u017ek\u00e9 nemoci.<\/p>\n","protected":false},"author":1,"featured_media":1990,"comment_status":"closed","ping_status":"closed","sticky":false,"template":"","format":"standard","meta":{"footnotes":""},"categories":[2],"tags":[],"class_list":["post-1989","post","type-post","status-publish","format-standard","has-post-thumbnail","hentry","category-z-regionu"],"_links":{"self":[{"href":"https:\/\/jirioberfalzer.cz\/index.php?rest_route=\/wp\/v2\/posts\/1989","targetHints":{"allow":["GET"]}}],"collection":[{"href":"https:\/\/jirioberfalzer.cz\/index.php?rest_route=\/wp\/v2\/posts"}],"about":[{"href":"https:\/\/jirioberfalzer.cz\/index.php?rest_route=\/wp\/v2\/types\/post"}],"author":[{"embeddable":true,"href":"https:\/\/jirioberfalzer.cz\/index.php?rest_route=\/wp\/v2\/users\/1"}],"replies":[{"embeddable":true,"href":"https:\/\/jirioberfalzer.cz\/index.php?rest_route=%2Fwp%2Fv2%2Fcomments&post=1989"}],"version-history":[{"count":1,"href":"https:\/\/jirioberfalzer.cz\/index.php?rest_route=\/wp\/v2\/posts\/1989\/revisions"}],"predecessor-version":[{"id":1991,"href":"https:\/\/jirioberfalzer.cz\/index.php?rest_route=\/wp\/v2\/posts\/1989\/revisions\/1991"}],"wp:featuredmedia":[{"embeddable":true,"href":"https:\/\/jirioberfalzer.cz\/index.php?rest_route=\/wp\/v2\/media\/1990"}],"wp:attachment":[{"href":"https:\/\/jirioberfalzer.cz\/index.php?rest_route=%2Fwp%2Fv2%2Fmedia&parent=1989"}],"wp:term":[{"taxonomy":"category","embeddable":true,"href":"https:\/\/jirioberfalzer.cz\/index.php?rest_route=%2Fwp%2Fv2%2Fcategories&post=1989"},{"taxonomy":"post_tag","embeddable":true,"href":"https:\/\/jirioberfalzer.cz\/index.php?rest_route=%2Fwp%2Fv2%2Ftags&post=1989"}],"curies":[{"name":"wp","href":"https:\/\/api.w.org\/{rel}","templated":true}]}}