{"id":1985,"date":"2014-07-23T06:46:58","date_gmt":"2014-07-23T05:46:58","guid":{"rendered":"http:\/\/jirioberfalzer.cz\/?p=1985"},"modified":"2018-09-13T06:48:09","modified_gmt":"2018-09-13T05:48:09","slug":"senator-gratuloval-delnicke-besede-havlicek-v-revnicich","status":"publish","type":"post","link":"https:\/\/jirioberfalzer.cz\/?p=1985","title":{"rendered":"Sen\u00e1tor gratuloval D\u011blnick\u00e9 besed\u011b Havl\u00ed\u010dek v \u0158evnic\u00edch"},"content":{"rendered":"<div id=\"attachment_1645\" style=\"width: 810px\" class=\"wp-caption aligncenter\"><img loading=\"lazy\" decoding=\"async\" aria-describedby=\"caption-attachment-1645\" class=\"size-full wp-image-1645\" src=\"https:\/\/jirioberfalzer.cz\/wp-content\/uploads\/2018\/08\/oberfalzer-neform\u00e1ln\u00ed_compressed.jpg\" alt=\"\" width=\"800\" height=\"600\" srcset=\"https:\/\/jirioberfalzer.cz\/wp-content\/uploads\/2018\/08\/oberfalzer-neform\u00e1ln\u00ed_compressed.jpg 800w, https:\/\/jirioberfalzer.cz\/wp-content\/uploads\/2018\/08\/oberfalzer-neform\u00e1ln\u00ed_compressed-300x225.jpg 300w, https:\/\/jirioberfalzer.cz\/wp-content\/uploads\/2018\/08\/oberfalzer-neform\u00e1ln\u00ed_compressed-768x576.jpg 768w\" sizes=\"auto, (max-width: 800px) 100vw, 800px\" \/><p id=\"caption-attachment-1645\" class=\"wp-caption-text\">oberfalzer-neform\u00e1ln\u00ed_<\/p><\/div>\n<p style=\"text-align: justify;\"><strong>D\u011blnick\u00e1 beseda Havl\u00ed\u010dek v \u0158evnic\u00edch oslavila v \u010dervnu 110. v\u00fdro\u010d\u00ed nep\u0159etr\u017eit\u00e9ho trv\u00e1n\u00ed spolku. K tomu ji s finan\u010dn\u00ed podporou pro dal\u0161\u00ed \u010dinnost poblahop\u0159\u00e1l tak\u00e9 sen\u00e1tor Ji\u0159\u00ed Oberfalzer.<\/strong><\/p>\n<p style=\"text-align: justify;\">V sobotu 14. \u010dervna 2014 v dopoledn\u00edch hodin\u00e1ch pr\u016fvod krojovan\u00fdch spolk\u016f Vltavan z Purkarce, Davle, \u0160t\u011bchovic a Prahy v \u010dele s hudbou K\u0159\u00eddlovanka pro\u0161el z parkovi\u0161t\u011b u Lidov\u00e9ho domu do \u0160koln\u00ed ulice, kde prob\u011bhlo jejich ofici\u00e1ln\u00ed uv\u00edt\u00e1n\u00ed. Po uv\u00edt\u00e1n\u00ed dal\u0161\u00edch sp\u0159\u00e1telen\u00fdch spolk\u016f se uskute\u010dnila slavnostn\u00ed sch\u016fze v s\u00e1le Lidov\u00e9ho domu. Po \u00favodn\u00edm slovu p\u0159edsedy bratra Jaroslava Kutmana a po uct\u011bn\u00ed pam\u00e1tky zesnul\u00fdch jednatel spolku bratr Franti\u0161ek Dus\u00edk p\u0159ednesl zpr\u00e1vu o bohat\u00e9 historii na\u0161eho spolku. Sou\u010d\u00e1st\u00ed programu bylo mor\u00e1ln\u00ed ocen\u011bn\u00ed \u010dlen\u016f spolku Havl\u00ed\u010dek, z\u00e1stupc\u016f sp\u0159\u00e1telen\u00fdch spolk\u016f a spolk\u016f jako takov\u00fdch \u010destn\u00fdm uzn\u00e1n\u00edm, zlat\u00fdm odznakem a \u010destn\u00fdm \u010dlenstv\u00edm.<\/p>\n<p style=\"text-align: justify;\">Zdravic\u00ed sen\u00e1tora pana Ji\u0159\u00edho Oberfalzera, kter\u00fd se z\u00fa\u010dastnil na\u0161ich oslav, a zdravicemi, kter\u00e9 se nesly v duchu ocen\u011bn\u00ed d\u00e9lky nep\u0159etr\u017eit\u00e9ho trv\u00e1n\u00ed spolku, byl zd\u016frazn\u011bn v\u00fdznam a d\u016fle\u017eitost udr\u017eov\u00e1n\u00ed tradic v sou\u010dasn\u00e9 dob\u011b.<\/p>\n<p style=\"text-align: justify;\">Vyvrcholen\u00edm oslav byl slavnostn\u00ed pr\u016fvod ulicemi \u0158evnic. Pr\u016fvod se zastavil u pomn\u00edku padl\u00fdch v obou sv\u011btov\u00fdch v\u00e1lk\u00e1ch, kde byla polo\u017eena kytice. Po ukon\u010den\u00ed pr\u016fvodu v Lidov\u00e9m dom\u011b vypukla lidov\u00e1 veselice s hudbou, tancem a bohatou tombolou.<\/p>\n<p style=\"text-align: justify;\">V\u00fdbor D\u011blnick\u00e9 besedy Havl\u00ed\u010dek d\u011bkuje v\u0161em spolk\u016fm, organizac\u00edm, v\u0161em ob\u010dan\u016fm a p\u0159edev\u0161\u00edm rad\u011b m\u011bsta, starostovi m\u011bsta \u0158evnic a sen\u00e1torovi panu Ji\u0159\u00edmu Oberfalzerovi, kte\u0159\u00ed p\u0159evzali z\u00e1\u0161titu nad oslavami a poskytli sponzorsk\u00e9 dary, \u010d\u00edm\u017e nemalou m\u011brou p\u0159isp\u011bli ke zd\u00e1rn\u00e9mu pr\u016fb\u011bhu oslav 110. v\u00fdro\u010d\u00ed zalo\u017een\u00ed na\u0161eho spolku.<\/p>\n<p style=\"text-align: justify;\"><span style=\"line-height: 1.7;\">Spr\u00e1vn\u00ed v\u00fdbor D\u011blnick\u00e9 besedy Havl\u00ed\u010dek v \u0158evnic\u00edch, Pro RUCH Zden\u011bk Buri\u00e1n <\/span><span style=\"line-height: 1.7;\">(kr\u00e1ceno)<\/span><\/p>\n","protected":false},"excerpt":{"rendered":"<p>D\u011blnick\u00e1 beseda Havl\u00ed\u010dek v \u0158evnic\u00edch oslavila v \u010dervnu 110. v\u00fdro\u010d\u00ed nep\u0159etr\u017eit\u00e9ho trv\u00e1n\u00ed spolku. K tomu ji s finan\u010dn\u00ed podporou pro dal\u0161\u00ed \u010dinnost poblahop\u0159\u00e1l tak\u00e9 sen\u00e1tor Ji\u0159\u00ed Oberfalzer.<\/p>\n","protected":false},"author":1,"featured_media":1645,"comment_status":"closed","ping_status":"closed","sticky":false,"template":"","format":"standard","meta":{"footnotes":""},"categories":[2],"tags":[],"class_list":["post-1985","post","type-post","status-publish","format-standard","has-post-thumbnail","hentry","category-z-regionu"],"_links":{"self":[{"href":"https:\/\/jirioberfalzer.cz\/index.php?rest_route=\/wp\/v2\/posts\/1985","targetHints":{"allow":["GET"]}}],"collection":[{"href":"https:\/\/jirioberfalzer.cz\/index.php?rest_route=\/wp\/v2\/posts"}],"about":[{"href":"https:\/\/jirioberfalzer.cz\/index.php?rest_route=\/wp\/v2\/types\/post"}],"author":[{"embeddable":true,"href":"https:\/\/jirioberfalzer.cz\/index.php?rest_route=\/wp\/v2\/users\/1"}],"replies":[{"embeddable":true,"href":"https:\/\/jirioberfalzer.cz\/index.php?rest_route=%2Fwp%2Fv2%2Fcomments&post=1985"}],"version-history":[{"count":1,"href":"https:\/\/jirioberfalzer.cz\/index.php?rest_route=\/wp\/v2\/posts\/1985\/revisions"}],"predecessor-version":[{"id":1986,"href":"https:\/\/jirioberfalzer.cz\/index.php?rest_route=\/wp\/v2\/posts\/1985\/revisions\/1986"}],"wp:featuredmedia":[{"embeddable":true,"href":"https:\/\/jirioberfalzer.cz\/index.php?rest_route=\/wp\/v2\/media\/1645"}],"wp:attachment":[{"href":"https:\/\/jirioberfalzer.cz\/index.php?rest_route=%2Fwp%2Fv2%2Fmedia&parent=1985"}],"wp:term":[{"taxonomy":"category","embeddable":true,"href":"https:\/\/jirioberfalzer.cz\/index.php?rest_route=%2Fwp%2Fv2%2Fcategories&post=1985"},{"taxonomy":"post_tag","embeddable":true,"href":"https:\/\/jirioberfalzer.cz\/index.php?rest_route=%2Fwp%2Fv2%2Ftags&post=1985"}],"curies":[{"name":"wp","href":"https:\/\/api.w.org\/{rel}","templated":true}]}}