{"id":1978,"date":"2014-06-23T06:36:43","date_gmt":"2014-06-23T05:36:43","guid":{"rendered":"http:\/\/jirioberfalzer.cz\/?p=1978"},"modified":"2018-10-15T20:06:16","modified_gmt":"2018-10-15T19:06:16","slug":"senator-oberfalzer-co-neni-udelano-rukama-jako-by-si-nezasluhovalo-uctu-a-ochranu","status":"publish","type":"post","link":"https:\/\/jirioberfalzer.cz\/?p=1978","title":{"rendered":"Sen\u00e1tor Oberfalzer: Co nen\u00ed ud\u011bl\u00e1no rukama, jako by si nezasluhovalo \u00factu a ochranu."},"content":{"rendered":"<p style=\"text-align: justify;\"><strong><strong><img loading=\"lazy\" decoding=\"async\" class=\"aligncenter size-full wp-image-1651\" src=\"https:\/\/jirioberfalzer.cz\/wp-content\/uploads\/2018\/08\/oberfalzer-neformalni-svetr_compressed.jpg\" alt=\"\" width=\"800\" height=\"600\" srcset=\"https:\/\/jirioberfalzer.cz\/wp-content\/uploads\/2018\/08\/oberfalzer-neformalni-svetr_compressed.jpg 800w, https:\/\/jirioberfalzer.cz\/wp-content\/uploads\/2018\/08\/oberfalzer-neformalni-svetr_compressed-300x225.jpg 300w, https:\/\/jirioberfalzer.cz\/wp-content\/uploads\/2018\/08\/oberfalzer-neformalni-svetr_compressed-768x576.jpg 768w\" sizes=\"auto, (max-width: 800px) 100vw, 800px\" \/>Na 22. sch\u016fzi (19. 6. 2014) projedn\u00e1val Sen\u00e1t novelu tzv. autorsk\u00e9ho z\u00e1kona. Do rozpravy aktivn\u011b vstoupil tak\u00e9 sen\u00e1tor Ji\u0159\u00ed Oberfalzer. Jeho \u0159e\u010d k projedn\u00e1van\u00e9mu bodu:<\/strong><\/strong><\/p>\n<p style=\"text-align: justify;\">Pan\u00ed p\u0159edsedaj\u00edc\u00ed, pane minist\u0159e, kolegyn\u011b a kolegov\u00e9. J\u00e1 bych cht\u011bl upozornit p\u0159i projedn\u00e1v\u00e1n\u00ed tohoto n\u00e1vrhu na jeden typick\u00fd, \u0159ekl bych, na\u0161i novodobou demokracii prov\u00e1zej\u00edc\u00ed efekt, a to je ne\u00facta k\u00a0duchovn\u00edmu vlastnictv\u00ed. J\u00e1 m\u00e1m pocit, \u017ee n\u011bkde po\u0159\u00e1d hluboce v\u00a0sob\u011b m\u00e1me zak\u00f3dov\u00e1no, \u017ee jedin\u00fd produkt je klikov\u00e1 h\u0159\u00eddel nebo nasb\u00edran\u00e9 brambory, zkr\u00e1tka \u017ee co nen\u00ed ud\u011bl\u00e1no rukama, jako by si nezasluhovalo \u00factu a ochranu.<\/p>\n<p style=\"text-align: justify;\">Tento z\u00e1kon je o\u00a0n\u00e1roc\u00edch a pr\u00e1vech autor\u016f. A my tradi\u010dn\u011b p\u0159i projedn\u00e1v\u00e1n\u00ed takov\u00fdchto p\u0159edloh \u0159e\u0161\u00edme probl\u00e9m chov\u00e1n\u00ed jejich kolektivn\u00edch spr\u00e1vc\u016f a dokonce bych \u0159ekl je\u0161t\u011b sp\u00ed\u0161e chov\u00e1n\u00ed jejich v\u00fdb\u011br\u010d\u00edch. Ano, j\u00e1 souhlas\u00edm s\u00a0t\u00edm, \u017ee je tam mnoho exces\u016f, \u017ee by m\u011bli v\u00a0tomto ohledu m\u00edt daleko v\u011bt\u0161\u00ed kontrolu, \u017ee by si kolektivn\u00ed spr\u00e1vci m\u011bli hled\u011bt toho, jak\u00fdm zp\u016fsobem ve ve\u0159ejnosti vystupuj\u00ed jimi najat\u00ed z\u00e1stupci v\u00a0regionech. S\u00a0t\u00edm v\u0161\u00edm souhlas\u00edm, ale jak to souvis\u00ed s\u00a0t\u00edm, \u017ee autorovi n\u00e1le\u017e\u00ed p\u0159ece \u00fapln\u011b stejn\u00e1 odm\u011bna, m\u00e1 stejn\u00e1 pr\u00e1va jako t\u0159eba majitel patentu. Ten p\u0159ece s\u00a0t\u00edm tak\u00e9 obchoduje, prod\u00e1v\u00e1 licenci k\u00a0n\u011bmu oboustrann\u00fdm obchodn\u00edm jedn\u00e1n\u00edm a z\u00faro\u010duje svoji duchovn\u00ed invenci \u00fapln\u011b b\u011b\u017en\u00fdm zp\u016fsobem. Tam n\u00e1m to nevad\u00ed. Pro\u010d n\u00e1m to vad\u00ed u spisovatele, u instrument\u00e1ln\u00edho interpreta, pro\u010d n\u00e1m to vad\u00ed u skladatele, tomu j\u00e1 nerozum\u00edm.<\/p>\n<p style=\"text-align: justify;\">Mysl\u00edm si, \u017ee by bylo dobr\u00e9, abychom se na tuto p\u0159edlohu d\u00edvali pr\u00e1v\u011b z\u00a0tohoto pohledu a ne\u0159e\u0161ili v\u00fdb\u011br\u010d\u00ed v\u00a0regionech. \u017de zazn\u011bla v\u00a0diskusi ve v\u00fdboru nebo v\u00a0komisi tak\u00e9 pozn\u00e1mka, \u017ee kolektivn\u00ed spr\u00e1vci autory \u0161id\u00ed, kdy\u017e to p\u0159elo\u017e\u00edm jin\u00fdmi slovy \u2013 kdov\u00ed kolik oni vlastn\u011b t\u011bm autor\u016fm daj\u00ed. No, je to spravedliv\u00e9, ale pak bychom se m\u011bli zast\u00e1vat autor\u016f v\u016f\u010di kolektivn\u00edm spr\u00e1vc\u016fm a neup\u00edrat autor\u016fm n\u00e1rok na odm\u011bnu. \u017de jsou vyb\u00edr\u00e1ny kolektivn\u00edmi spr\u00e1vci, to je prost\u011b syst\u00e9m, kter\u00fd je b\u011b\u017en\u00fd v\u00a0demokratick\u00e9m sv\u011bt\u011b a j\u00e1 si t\u011b\u017eko um\u00edm p\u0159edstavit jin\u00fd. Neum\u00edm si p\u0159edstavit, jak Zden\u011bk Sv\u011br\u00e1k ob\u00edh\u00e1 hotely a restaurace a \u017e\u00e1d\u00e1 si od nich 50 hal\u00e9\u0159\u016f, nebo kolik za to, \u017ee n\u011bkde zazn\u011blo v\u00a0r\u00e1diu nebo v\u00a0televizi jeho d\u00edlo. Prost\u011b to nejde. Jin\u00fdm zp\u016fsobem se to d\u011blat ned\u00e1.<\/p>\n<p style=\"text-align: justify;\">Jedna \u010d\u00e1st t\u00e9 p\u0159edlohy je evropsk\u00e1 direktiva, druh\u00e1 \u010d\u00e1st jsou legislativn\u011b technick\u00e9 opravy. A pak je tam jedna \u010d\u00e1st, a to je mezi t\u011bmi pozm\u011b\u0148ovac\u00edmi n\u00e1vrhy uvedeno pod \u010d. 22, kde se \u0159e\u0161\u00ed ot\u00e1zka dal\u0161\u00ed \u00falevy pro hotely a restaurace. J\u00e1 ch\u00e1pu, \u017ee to je n\u011bco, \u010demu rozum\u00edme v\u0161ichni l\u00e9pe ne\u017e intelektu\u00e1ln\u00edmu vlastnictv\u00ed, a \u017ee zkr\u00e1tka hoteli\u00e9\u0159i jsou chud\u00e1ci, kte\u0159\u00ed jinak zbankrotuj\u00ed. J\u00e1 bych zde r\u00e1d zm\u00ednil jednu skute\u010dnost, kterou jsem zjistil, a to, \u017ee Asociace hotel\u016f a restaurac\u00ed vede s\u00a0n\u011bkter\u00fdmi kolektivn\u00edmi spr\u00e1vci autorsk\u00fdch pr\u00e1v jedn\u00e1n\u00ed dva roky, s\u00a0jin\u00fdmi dva a p\u016fl roku, s\u00a0jin\u00fdmi rok. A po celou dobu tedy vlastn\u011b prodlu\u017euj\u00ed n\u011bjak\u00fd z\u00e1v\u011br o\u00a0vz\u00e1jemn\u00e9m obchodn\u00edm vztahu.<\/p>\n<p style=\"text-align: justify;\">D\u00e1le bych cht\u011bl \u0159\u00edci, \u017ee nen\u00ed z\u00e1kon naps\u00e1n tak, \u017ee by museli provozovatel\u00e9 hotel\u016fm platit za ka\u017ed\u00e9 l\u016f\u017eko, i kdy\u017e tam nikdo nebydl\u00ed, i kdy\u017e na n\u011bm nikdo nele\u017e\u00ed.\u00a0V \u00a7 100 odst. 6 je zohledn\u011bno, \u017ee p\u0159i vyjedn\u00e1v\u00e1n\u00ed o\u00a0odm\u011bn\u011b se bere v\u00a0\u00favahu \u00fa\u010del i zp\u016fsob podnik\u00e1n\u00ed. Tak\u00e9 jeho rozsah a okolnosti. Na z\u00e1klad\u011b tohoto paragrafu mohou, a tak\u00e9 u\u017e jednaj\u00ed, spr\u00e1vci s\u00a0provozovateli hotel\u016f \u010di obr\u00e1cen\u011b; provozovatel\u00e9 hotel\u016f s\u00a0nimi o\u00a0mo\u017en\u00fdch \u00falev\u00e1ch.\u00a0<span style=\"line-height: 1.7;\">Stejn\u011b tak existuje v\u00a0z\u00e1konu \u00a7 99, kter\u00fd dovoluje, aby se povinn\u00fd subjekt, v\u00a0na\u0161em p\u0159\u00edpad\u011b hoteli\u00e9r nebo jejich asociace obr\u00e1tili na ministerstvo kultury k\u00a0zah\u00e1jen\u00ed spr\u00e1vn\u00edho \u0159\u00edzen\u00ed o\u00a0nep\u0159im\u011b\u0159enosti v\u00fd\u0161e odm\u011bn. Mo\u017enost\u00ed, jak se mohou tito provozovatel\u00e9 br\u00e1nit, je cel\u00e1 \u0159ada. <\/span><span style=\"line-height: 1.7;\">Chci jenom \u0159\u00edci, \u017ee budu navrhovat, pokud postoup\u00ed tento tisk do podrobn\u00e9 rozpravy, abychom zam\u00edtli bod 22 z\u00a0na\u0161ich pozm\u011b\u0148ovac\u00edch n\u00e1vrh\u016f \u2013 to jsou ta l\u016f\u017eka. Jin\u00fdmi slovy, pod\u00e1m protin\u00e1vrh \u2013 vypustit bod 22. <\/span><span style=\"line-height: 1.7;\">Pokud nebude bod vypu\u0161t\u011bn, pak p\u0159edlo\u017e\u00edm pozm\u011b\u0148ovac\u00ed n\u00e1vrh, kter\u00fd jste dostali do lavic. \u010cili je to podm\u00edn\u011bn\u00fd pozm\u011b\u0148ovac\u00ed n\u00e1vrh. V\u00a0tom p\u0159\u00edpad\u011b navrhnu, ab \u00faleva v \u00a7 23 \u2013 vysv\u011btl\u00edm pozd\u011bji \u2013 byla odejmuta. Proto\u017ee nen\u00ed mo\u017eno vr\u0161it a zdvojovat ochranu t\u011bchto specifick\u00fdch podnikatelsk\u00fdch subjekt\u016f. <\/span><span style=\"line-height: 1.7;\">V\u0161imn\u011bme si, \u017ee na jin\u00e9 se zde nehled\u00ed. A \u0159e\u0161\u00edme v\u00fdhradn\u011b hotely a restaurace.<\/span><\/p>\n<p style=\"text-align: justify;\">Cht\u011bl bych \u0159\u00edci je\u0161t\u011b jednu v\u011bc. Samoz\u0159ejm\u011b na\u0161i legislativci nalezli v\u00a0p\u0159edloze \u0159adu, zd\u00e1 se, sp\u00ed\u0161e drobn\u00fdch legislativn\u011b technick\u00fdch nedostatk\u016f nebo nedokonalost\u00ed. Nicm\u00e9n\u011b je praxe, \u017ee p\u0159i editace Sb\u00edrky z\u00e1kon\u016f se tyto drobnosti odstra\u0148uj\u00ed korekturou.\u00a0<span style=\"line-height: 1.7;\">Nen\u00ed tam \u017e\u00e1dn\u00e1 v\u011bc, kter\u00e1 by br\u00e1nila tomu, aby mohl b\u00fdt z\u00e1kon v\u00a0praxi pou\u017e\u00edv\u00e1n. Proto chci p\u0159edlo\u017eit v\u00a0tuto chv\u00edli n\u00e1vrh, abychom schv\u00e1lili n\u00e1vrh, ve zn\u011bn\u00ed postoupen\u00e9m Poslaneckou sn\u011bmovnou. <\/span><span style=\"line-height: 1.7;\">V\u00a0podrobn\u00e9 rozprav\u011b se potom vyj\u00e1d\u0159\u00edm ke sv\u00fdm n\u00e1vrh\u016fm. D\u011bkuji za pozornost.<\/span><\/p>\n<p style=\"text-align: justify;\">Zdroj:\u00a0<span style=\"line-height: 1.7;\">http:\/\/www.parlamentnilisty.cz\/politika\/politici-volicum\/Oberfalzer-ODS-Co-neni-udelano-rukama-jako-by-si-nezasluhovalo-uctu-a-ochranu-323857<\/span><\/p>\n","protected":false},"excerpt":{"rendered":"<p>Na 22. sch\u016fzi (19. 6. 2014) projedn\u00e1val Sen\u00e1t novelu tzv. autorsk\u00e9ho z\u00e1kona. Do rozpravy aktivn\u011b vstoupil tak\u00e9 sen\u00e1tor Ji\u0159\u00ed Oberfalzer. Jeho \u0159e\u010d k projedn\u00e1van\u00e9mu bodu:<\/p>\n","protected":false},"author":1,"featured_media":1651,"comment_status":"closed","ping_status":"closed","sticky":false,"template":"","format":"standard","meta":{"footnotes":""},"categories":[17],"tags":[],"class_list":["post-1978","post","type-post","status-publish","format-standard","has-post-thumbnail","hentry","category-nazory-a-rozhovory"],"_links":{"self":[{"href":"https:\/\/jirioberfalzer.cz\/index.php?rest_route=\/wp\/v2\/posts\/1978","targetHints":{"allow":["GET"]}}],"collection":[{"href":"https:\/\/jirioberfalzer.cz\/index.php?rest_route=\/wp\/v2\/posts"}],"about":[{"href":"https:\/\/jirioberfalzer.cz\/index.php?rest_route=\/wp\/v2\/types\/post"}],"author":[{"embeddable":true,"href":"https:\/\/jirioberfalzer.cz\/index.php?rest_route=\/wp\/v2\/users\/1"}],"replies":[{"embeddable":true,"href":"https:\/\/jirioberfalzer.cz\/index.php?rest_route=%2Fwp%2Fv2%2Fcomments&post=1978"}],"version-history":[{"count":1,"href":"https:\/\/jirioberfalzer.cz\/index.php?rest_route=\/wp\/v2\/posts\/1978\/revisions"}],"predecessor-version":[{"id":1979,"href":"https:\/\/jirioberfalzer.cz\/index.php?rest_route=\/wp\/v2\/posts\/1978\/revisions\/1979"}],"wp:featuredmedia":[{"embeddable":true,"href":"https:\/\/jirioberfalzer.cz\/index.php?rest_route=\/wp\/v2\/media\/1651"}],"wp:attachment":[{"href":"https:\/\/jirioberfalzer.cz\/index.php?rest_route=%2Fwp%2Fv2%2Fmedia&parent=1978"}],"wp:term":[{"taxonomy":"category","embeddable":true,"href":"https:\/\/jirioberfalzer.cz\/index.php?rest_route=%2Fwp%2Fv2%2Fcategories&post=1978"},{"taxonomy":"post_tag","embeddable":true,"href":"https:\/\/jirioberfalzer.cz\/index.php?rest_route=%2Fwp%2Fv2%2Ftags&post=1978"}],"curies":[{"name":"wp","href":"https:\/\/api.w.org\/{rel}","templated":true}]}}