{"id":1969,"date":"2014-04-30T06:24:50","date_gmt":"2014-04-30T05:24:50","guid":{"rendered":"http:\/\/jirioberfalzer.cz\/?p=1969"},"modified":"2018-09-13T06:28:21","modified_gmt":"2018-09-13T05:28:21","slug":"slavnostni-otevreni-jesenicke-skoly","status":"publish","type":"post","link":"https:\/\/jirioberfalzer.cz\/?p=1969","title":{"rendered":"Slavnostn\u00ed otev\u0159en\u00ed jesenick\u00e9 \u0161koly"},"content":{"rendered":"<p class=\"MsoNormal\">\n<p class=\"MsoNormal\"><strong><img loading=\"lazy\" decoding=\"async\" class=\"aligncenter size-full wp-image-1970\" src=\"https:\/\/jirioberfalzer.cz\/wp-content\/uploads\/2018\/09\/Jesenice-proslov_compressed.jpg\" alt=\"\" width=\"900\" height=\"600\" srcset=\"https:\/\/jirioberfalzer.cz\/wp-content\/uploads\/2018\/09\/Jesenice-proslov_compressed.jpg 900w, https:\/\/jirioberfalzer.cz\/wp-content\/uploads\/2018\/09\/Jesenice-proslov_compressed-300x200.jpg 300w, https:\/\/jirioberfalzer.cz\/wp-content\/uploads\/2018\/09\/Jesenice-proslov_compressed-768x512.jpg 768w\" sizes=\"auto, (max-width: 900px) 100vw, 900px\" \/>V\u00a0p\u016fvodn\u00ed jesenick\u00e9 \u0161kole u\u017e zase zvon\u00ed!<\/strong><\/p>\n<p class=\"MsoNormal\" style=\"text-align: justify;\"><strong>\u201e<em>Pane \u0159editeli, j\u00e1 chod\u00edm do stejn\u00e9 t\u0159\u00eddy jako m\u016fj t\u00e1ta! Tady je to hezk\u00e9! Moc se n\u00e1m tu l\u00edb\u00ed<\/em>\u201c Tak a podobn\u011b se t\u011b\u0161ili a sv\u011b\u0159ovali \u0159editeli \u0161koly \u017e\u00e1ci druh\u00e9ho ro\u010dn\u00edku, kdy\u017e 1. dubna zah\u00e1jili v\u00fduku v\u00a0odlou\u010den\u00e9m pracovi\u0161ti jesenick\u00e9 \u0161koly. Je\u0161t\u011b p\u0159edt\u00edm v\u00a0b\u0159eznu zde za\u010dali muzic\u00edrovat \u017e\u00e1ci na\u0161\u00ed z\u00e1kladn\u00ed um\u011bleck\u00e9 \u0161koly.<\/strong><\/p>\n<p style=\"text-align: justify;\">V\u00a0\u00fater\u00fd 29. dubna 2014 za\u017eila kr\u00e1sn\u011b a \u00fa\u010deln\u011b zrekonstruovan\u00e1 staronov\u00e1 \u0161koln\u00ed budova (z roku 1879, na adrese Bud\u011bjovick\u00e1 77, Jesenice) slavnostn\u00ed k\u0159est. \u00daderem des\u00e1t\u00e9 hodiny se \u0161koln\u00edm n\u00e1dvo\u0159\u00edm linuly zvuky \u0161koln\u00edho zvonce. \u0158editel Z\u0160, M\u0160, ZU\u0160 Jesenice, Mgr. Josef Buchal, p\u0159iv\u00edtal p\u0159\u00edtomn\u00e9 hosty. Pozv\u00e1n\u00ed, ji\u017e tradi\u010dn\u011b, p\u0159ijal sen\u00e1tor Parlamentu \u010cR Ji\u0159\u00ed Oberfalzer.<\/p>\n<p style=\"text-align: justify;\">Vpravd\u011b vz\u00e1cn\u00fdmi hosty byly n\u011bkdej\u0161\u00ed pan\u00ed \u0159editelky Libu\u0161e K\u0159\u00ed\u017eov\u00e1 &#8211; Posp\u00ed\u0161ilov\u00e1 a Jana Nov\u00e1kov\u00e1, kter\u00e9 usedly obklopeny jesenick\u00fdmi \u0161kol\u00e1ky z druh\u00fdch t\u0159\u00edd a jejich pan\u00edmi u\u010ditelkami. Po\u010detnou delegaci obecn\u00edch radn\u00edch, zastupitel\u016f, \u0161kolsk\u00e9 a kulturn\u00ed komise obce, pracovn\u00edk\u016f obecn\u00edho \u00fa\u0159adu vedl starosta Jesenice Ing. Pavel Smutn\u00fd. Potleskem p\u0159\u00edtomn\u00ed p\u0159iv\u00edtali i p\u0159edsedkyni \u0161kolsk\u00e9 rady Zde\u0148ku Pa\u0161kovou (jej\u00ed d\u011bti byly \u017e\u00e1ky pan\u00ed \u0159editelky K\u0159\u00ed\u017eov\u00e9). Pedagogickou fakultu UK v Praze reprezentovala Dr. Nata\u0161a Maz\u00e1\u010dov\u00e1. Pot\u011b\u0161it se s Jesenick\u00fdmi nad \u00fasp\u011b\u0161n\u011b dokon\u010den\u00fdm stavebn\u00edm d\u00edlem p\u0159i\u0161li i \u0159editel\u00e9 z\u00e1kladn\u00edch a mate\u0159sk\u00fdch \u0161kol z na\u0161eho regionu a p\u0159edstavitel\u00e9 sousedn\u00edch obc\u00ed. Dostavilo se mnoho p\u0159\u00e1tel na\u0161\u00ed Fakultn\u00ed jesenick\u00e9 \u0161koly. Pan starosta ve sv\u00e9m proslovu vzpomenul 135 letou historii \u0161koln\u00ed budovy, kter\u00e1 se stala pro mnoho jesenick\u00fdch generac\u00ed kol\u00e9bkou vzd\u011bl\u00e1v\u00e1n\u00ed. Pod\u011bkoval Martin\u011b Holot\u00ednov\u00e9, kter\u00e1 m\u011bla celou stavbu na starost i v\u0161em dal\u0161\u00edm, kte\u0159\u00ed se na poveden\u00e9 rekonstrukci pod\u00edleli. Pan sen\u00e1tor ocenil p\u0159\u00edznivou a tv\u016fr\u010d\u00ed \u0161koln\u00ed atmosf\u00e9ru, se kterou se v\u017edy p\u0159i jeho n\u00e1v\u0161t\u011bv\u00e1ch v na\u0161\u00ed \u0161kole setkal a pop\u0159\u00e1l \u0161kole mnoho dal\u0161\u00edch \u00fasp\u011bch\u016f.<\/p>\n<p style=\"text-align: justify;\">Kulturn\u00ed program p\u0159edvedli \u017e\u00e1ci a u\u010ditel\u00e9 ZU\u0160 a Z\u0160. P\u0159ipravili uk\u00e1zky v\u00fdtvarn\u00fdch prac\u00ed. P\u0159\u00edtomn\u00ed obdr\u017eeli od Martina Landsmana (\u017e\u00e1ka v\u00fdtvarn\u00e9ho odd\u011blen\u00ed ZU\u0160 a IV. B Z\u0160) Pam\u011btn\u00ed list s jeho linorytem. Odn\u00e1\u0161eli si i keramick\u00e9 medaile s vyobrazenou ove\u010dkou (\u0161kole toti\u017e p\u0159ezd\u00edv\u00e1me u ove\u010dek, podle chovu t\u011bchto sudokopytn\u00edk\u016f za plotem u na\u0161ich soused\u016f) z keramick\u00e9 d\u00edlny slu\u017eebn\u011b nejstar\u0161\u00ed sou\u010dasn\u00e9 pracovnice \u0161koly Ivy Mickov\u00e9 (vychovatelky \u0161koln\u00ed dru\u017einy). Poctivou muzikou pot\u011b\u0161ili v\u0161ichni na\u0161i \u00fasp\u011b\u0161n\u00ed leto\u0161n\u00ed reprezentanti z festivalu Jarn\u00ed petrkl\u00ed\u010d &#8211; V\u00e1clav Vosyka, Martin Vokoun a jejich u\u010ditel Josef B\u00e1rta (klarinetov\u00e9 trio), prvn\u011b jmenovan\u00fd pozd\u011bji vystoupil i s\u00f3lov\u011b, Kristian Mr\u00e1\u010dek (housle), Luk\u00e1\u0161 Vrbka (klav\u00edr), Linda Merabetov\u00e1 (zp\u011bv), Nat\u00e1lka Hlav\u00e1\u010dkov\u00e1 a Eli\u0161ka Pastierikov\u00e1 (klav\u00edrn\u00ed duo). S\u00f3listy na klav\u00edr doprov\u00e1zel u\u010ditel ZU\u0160 Krste Badarovski. P\u00edse\u0148, Tancuj, tancuj, vykr\u00facaj, p\u0159ivedla do p\u011bveck\u00e9ho i tane\u010dn\u00edho varu mile se p\u0159idav\u0161\u00ed druh\u00e1\u010dky.<\/p>\n<p style=\"text-align: justify;\">Fanf\u00e1ry trubky (u\u010ditel ZU\u0160 Jakub \u0160efl), p\u0159est\u0159i\u017een\u00ed p\u00e1sky a cinkot sklenek p\u0159\u00edpitku odstartovaly prohl\u00eddku \u0161koly spojenou s mnoh\u00fdmi vzpom\u00ednkami i sou\u010dasn\u00fdmi objevy.<\/p>\n<p style=\"text-align: justify;\">Ve spolupr\u00e1ci s osnick\u00fdm restaurantem Dalmacija, zvolskou v\u00fdrobnou z\u00e1kusk\u016f p\u0159ichystali zam\u011bstnanci obecn\u00edho \u00fa\u0159adu i pracovn\u00edci a star\u0161\u00ed \u017e\u00e1ci jesenick\u00e9 \u0161koly sympatick\u00e9 ob\u010derstven\u00ed. P\u0159i jeho konzumaci p\u0159\u00edtomn\u00ed dru\u017en\u011b besedovali \u2013 vzpom\u00ednali, radovali se, sp\u0159\u00e1dali nov\u00e9 pl\u00e1ny\u2026<\/p>\n<p style=\"text-align: justify;\">V z\u00e1v\u011bru vyda\u0159en\u00e9ho slavnostn\u00edho dopoledne p\u0159edala veden\u00ed \u0161koly a veden\u00ed obce ten den jubiluj\u00edc\u00ed pan\u00ed \u0159editelce Libu\u0161i K\u0159\u00ed\u017eov\u00e9 narozeninovou kytici a spolu si v\u0161ichni zap\u011bli \u017divij\u00f3, \u017eivij\u00f3!<\/p>\n<p style=\"text-align: justify;\">\u201eNa poctivou, tvo\u0159ivou a \u0161\u0165astnou pr\u00e1ci ve staronov\u00e9 jesenick\u00e9 \u0161kole!\u201c<\/p>\n<p style=\"text-align: justify;\">Mgr. Josef Buchal, \u0159editel Z\u0160, M\u0160, ZU\u0160 Jesenice<\/p>\n<div style=\"text-align: justify;\">(pro Jesenick\u00fd kur\u00fdr)<\/div>\n","protected":false},"excerpt":{"rendered":"<p>\u201ePane \u0159editeli, j\u00e1 chod\u00edm do stejn\u00e9 t\u0159\u00eddy jako m\u016fj t\u00e1ta! Tady je to hezk\u00e9! Moc se n\u00e1m tu l\u00edb\u00ed\u201c Tak a podobn\u011b se t\u011b\u0161ili a sv\u011b\u0159ovali \u0159editeli \u0161koly \u017e\u00e1ci druh\u00e9ho ro\u010dn\u00edku, kdy\u017e 1. dubna zah\u00e1jili v\u00fduku v odlou\u010den\u00e9m pracovi\u0161ti jesenick\u00e9 \u0161koly. <\/p>\n","protected":false},"author":1,"featured_media":1970,"comment_status":"closed","ping_status":"closed","sticky":false,"template":"","format":"standard","meta":{"footnotes":""},"categories":[2],"tags":[],"class_list":["post-1969","post","type-post","status-publish","format-standard","has-post-thumbnail","hentry","category-z-regionu"],"_links":{"self":[{"href":"https:\/\/jirioberfalzer.cz\/index.php?rest_route=\/wp\/v2\/posts\/1969","targetHints":{"allow":["GET"]}}],"collection":[{"href":"https:\/\/jirioberfalzer.cz\/index.php?rest_route=\/wp\/v2\/posts"}],"about":[{"href":"https:\/\/jirioberfalzer.cz\/index.php?rest_route=\/wp\/v2\/types\/post"}],"author":[{"embeddable":true,"href":"https:\/\/jirioberfalzer.cz\/index.php?rest_route=\/wp\/v2\/users\/1"}],"replies":[{"embeddable":true,"href":"https:\/\/jirioberfalzer.cz\/index.php?rest_route=%2Fwp%2Fv2%2Fcomments&post=1969"}],"version-history":[{"count":2,"href":"https:\/\/jirioberfalzer.cz\/index.php?rest_route=\/wp\/v2\/posts\/1969\/revisions"}],"predecessor-version":[{"id":1972,"href":"https:\/\/jirioberfalzer.cz\/index.php?rest_route=\/wp\/v2\/posts\/1969\/revisions\/1972"}],"wp:featuredmedia":[{"embeddable":true,"href":"https:\/\/jirioberfalzer.cz\/index.php?rest_route=\/wp\/v2\/media\/1970"}],"wp:attachment":[{"href":"https:\/\/jirioberfalzer.cz\/index.php?rest_route=%2Fwp%2Fv2%2Fmedia&parent=1969"}],"wp:term":[{"taxonomy":"category","embeddable":true,"href":"https:\/\/jirioberfalzer.cz\/index.php?rest_route=%2Fwp%2Fv2%2Fcategories&post=1969"},{"taxonomy":"post_tag","embeddable":true,"href":"https:\/\/jirioberfalzer.cz\/index.php?rest_route=%2Fwp%2Fv2%2Ftags&post=1969"}],"curies":[{"name":"wp","href":"https:\/\/api.w.org\/{rel}","templated":true}]}}