{"id":1929,"date":"2013-03-09T03:25:32","date_gmt":"2013-03-09T02:25:32","guid":{"rendered":"http:\/\/jirioberfalzer.cz\/?p=1929"},"modified":"2018-11-06T15:02:45","modified_gmt":"2018-11-06T14:02:45","slug":"senator-jiri-oberfalzer-lide-prijali-prezidenta-za-sveho","status":"publish","type":"post","link":"https:\/\/jirioberfalzer.cz\/?p=1929","title":{"rendered":"Sen\u00e1tor Ji\u0159\u00ed Oberfalzer: Lid\u00e9 p\u0159ijali prezidenta za sv\u00e9ho"},"content":{"rendered":"<p class=\"MsoNormal\"><strong><img loading=\"lazy\" decoding=\"async\" class=\"aligncenter size-full wp-image-1930\" src=\"https:\/\/jirioberfalzer.cz\/wp-content\/uploads\/2018\/09\/Zeman-Oberfalzer-Kubera_compressed.jpg\" alt=\"\" width=\"800\" height=\"600\" srcset=\"https:\/\/jirioberfalzer.cz\/wp-content\/uploads\/2018\/09\/Zeman-Oberfalzer-Kubera_compressed.jpg 800w, https:\/\/jirioberfalzer.cz\/wp-content\/uploads\/2018\/09\/Zeman-Oberfalzer-Kubera_compressed-300x225.jpg 300w, https:\/\/jirioberfalzer.cz\/wp-content\/uploads\/2018\/09\/Zeman-Oberfalzer-Kubera_compressed-768x576.jpg 768w\" sizes=\"auto, (max-width: 800px) 100vw, 800px\" \/>P\u00e1te\u010dn\u00ed inaugurace nov\u00e9ho prezidenta Milo\u0161e Zemana (8. 3. 2013) se z\u00fa\u010dastnil i\u00a0sen\u00e1tor Ji\u0159\u00ed Oberfalzer.<\/strong><\/p>\n<p>Podle n\u011bj inaugurace prob\u00edhala velice d\u016fstojn\u011b. \u201e<em>\u0158ekl bych, \u017ee se ji poda\u0159ilo za posledn\u00edch t\u0159iadvacet let velmi propracovat a m\u00e1 d\u016fstojn\u00fd r\u00e1z. Potvrdila to i\u00a0tato v\u010derej\u0161\u00ed,<\/em>&#8220; konstatoval sen\u00e1tor Ji\u0159\u00ed Oberfalzer.<\/p>\n<p>Jak d\u00e1le sen\u00e1tor uvedl, Milo\u0161 Zeman vystoupil se zaj\u00edmav\u00fdm proslovem, se zaj\u00edmavou nab\u00eddkou pro politiku i\u00a0pro spole\u010dnost. \u201e<em>Jeho projev byl v\u011bcn\u00fd, velmi vyv\u00e1\u017een\u00fd a \u0159ekl bych, \u017ee opravdu st\u00e1tnick\u00fd<\/em>,&#8220; pokra\u010duje Ji\u0159\u00ed Oberfalzer, kter\u00e9ho zaujala i\u00a0velk\u00e1 \u00fa\u010dast ve\u0159ejnosti. \u201e<em>Byla srovnateln\u00e1 nap\u0159\u00edklad i\u00a0s\u00a0inaugurac\u00ed V\u00e1clava Havla. Lid\u00e9 zaplnili t\u0159et\u00ed n\u00e1dvo\u0159\u00ed i\u00a0Hrad\u010dansk\u00e9 n\u00e1m\u011bst\u00ed. \u201eV\u0161e to dokumentovalo, \u017ee p\u0159\u00edmou volbu prezidenta vzali lid\u00e9 za svou a \u017ee prezidenta, kter\u00fd z\u00a0n\u00ed vze\u0161el, tak\u00e9 berou za sv\u00e9ho<\/em>,&#8220; \u0159ekl sen\u00e1tor Ji\u0159\u00ed Oberfalzer.<\/p>\n<p>Projev nastupuj\u00edc\u00edho prezidenta Milo\u0161e Zemana sen\u00e1tora Ji\u0159\u00edho Oberfalzera oslovil hlavn\u011b t\u00edm, \u017ee prezident by cht\u011bl b\u00fdt moder\u00e1torem spole\u010densk\u00e9 i\u00a0politick\u00e9 diskuse a \u017ee v\u00a0projevu zd\u016fraznil, \u017ee chce b\u00fdt prezidentem v\u0161ech ob\u010dan\u016f. \u201e<em>Hodl\u00e1 odli\u0161it poctiv\u00e9 a schopn\u00e9 lidi od spole\u010densky parazituj\u00edc\u00edch skupin. To je pro spole\u010dnost velmi dobr\u00e9<\/em>,&#8220; uzav\u0159el sen\u00e1tor.<\/p>\n<p>Zdroj: Berounsk\u00fd den\u00edk<\/p>\n","protected":false},"excerpt":{"rendered":"<p>P\u00e1te\u010dn\u00ed inaugurace nov\u00e9ho prezidenta Milo\u0161e Zemana (8. 3. 2013) se z\u00fa\u010dastnil i sen\u00e1tor Ji\u0159\u00ed Oberfalzer.<\/p>\n","protected":false},"author":1,"featured_media":1930,"comment_status":"closed","ping_status":"closed","sticky":false,"template":"","format":"standard","meta":{"footnotes":""},"categories":[17],"tags":[51],"class_list":["post-1929","post","type-post","status-publish","format-standard","has-post-thumbnail","hentry","category-nazory-a-rozhovory","tag-zeman"],"_links":{"self":[{"href":"https:\/\/jirioberfalzer.cz\/index.php?rest_route=\/wp\/v2\/posts\/1929","targetHints":{"allow":["GET"]}}],"collection":[{"href":"https:\/\/jirioberfalzer.cz\/index.php?rest_route=\/wp\/v2\/posts"}],"about":[{"href":"https:\/\/jirioberfalzer.cz\/index.php?rest_route=\/wp\/v2\/types\/post"}],"author":[{"embeddable":true,"href":"https:\/\/jirioberfalzer.cz\/index.php?rest_route=\/wp\/v2\/users\/1"}],"replies":[{"embeddable":true,"href":"https:\/\/jirioberfalzer.cz\/index.php?rest_route=%2Fwp%2Fv2%2Fcomments&post=1929"}],"version-history":[{"count":1,"href":"https:\/\/jirioberfalzer.cz\/index.php?rest_route=\/wp\/v2\/posts\/1929\/revisions"}],"predecessor-version":[{"id":1931,"href":"https:\/\/jirioberfalzer.cz\/index.php?rest_route=\/wp\/v2\/posts\/1929\/revisions\/1931"}],"wp:featuredmedia":[{"embeddable":true,"href":"https:\/\/jirioberfalzer.cz\/index.php?rest_route=\/wp\/v2\/media\/1930"}],"wp:attachment":[{"href":"https:\/\/jirioberfalzer.cz\/index.php?rest_route=%2Fwp%2Fv2%2Fmedia&parent=1929"}],"wp:term":[{"taxonomy":"category","embeddable":true,"href":"https:\/\/jirioberfalzer.cz\/index.php?rest_route=%2Fwp%2Fv2%2Fcategories&post=1929"},{"taxonomy":"post_tag","embeddable":true,"href":"https:\/\/jirioberfalzer.cz\/index.php?rest_route=%2Fwp%2Fv2%2Ftags&post=1929"}],"curies":[{"name":"wp","href":"https:\/\/api.w.org\/{rel}","templated":true}]}}