{"id":1925,"date":"2013-03-08T04:59:17","date_gmt":"2013-03-08T03:59:17","guid":{"rendered":"http:\/\/jirioberfalzer.cz\/?p=1925"},"modified":"2018-09-10T05:04:50","modified_gmt":"2018-09-10T04:04:50","slug":"beroun-svetovym-centrem-odporu-hf","status":"publish","type":"post","link":"https:\/\/jirioberfalzer.cz\/?p=1925","title":{"rendered":"Beroun sv\u011btov\u00fdm centrem odporu HF"},"content":{"rendered":"<p style=\"text-align: justify;\"><strong><img loading=\"lazy\" decoding=\"async\" class=\"aligncenter size-full wp-image-1926\" src=\"https:\/\/jirioberfalzer.cz\/wp-content\/uploads\/2018\/09\/952-734613_492763510782606_767657027_n.jpg\" alt=\"\" width=\"960\" height=\"636\" srcset=\"https:\/\/jirioberfalzer.cz\/wp-content\/uploads\/2018\/09\/952-734613_492763510782606_767657027_n.jpg 960w, https:\/\/jirioberfalzer.cz\/wp-content\/uploads\/2018\/09\/952-734613_492763510782606_767657027_n-300x199.jpg 300w, https:\/\/jirioberfalzer.cz\/wp-content\/uploads\/2018\/09\/952-734613_492763510782606_767657027_n-768x509.jpg 768w\" sizes=\"auto, (max-width: 960px) 100vw, 960px\" \/>Vyv\u011b\u0161en\u00edm praporu iniciativy STOP HF ve \u010dtvrtek 7. b\u0159ezna za\u010dala ofici\u00e1ln\u00ed \u010d\u00e1st mezin\u00e1rodn\u00ed konference Berounsk\u00e1 v\u00fdzva 2013. Konference odstartovala uzav\u0159en\u00fdm jedn\u00e1n\u00edm antifrak\u010dn\u00edch skupin ji\u017e ve st\u0159edu 6. b\u0159ezna. Ofici\u00e1ln\u011b ji ve \u010dtvrtek v 8:45 hodin zah\u00e1jil ceremoni\u00e1l symbolick\u00e9ho vyv\u011b\u0161en\u00ed praporu STOP HF na berounsk\u00e9 radnici. Ud\u00e1lost z Husova n\u00e1m\u011bst\u00ed sledovaly dv\u011b des\u00edtky \u00fa\u010dastn\u00edk\u016f konference z dvan\u00e1cti zem\u00ed sv\u011bta.<\/strong><\/p>\n<p style=\"text-align: justify;\">&#8222;<em>N\u011bkter\u00e9 st\u00e1ty ji\u017e na sv\u00e9m \u00fazem\u00ed t\u011b\u017ebu b\u0159idlicov\u00fdch plyn\u016f zcela zak\u00e1zaly. C\u00edlem mezin\u00e1rodn\u00ed konference je p\u0159esv\u011bd\u010dit Evropskou komisi a Evropsk\u00fd parlament, aby doporu\u010dila \u010dlensk\u00fdm zem\u00edm zak\u00e1zat metodu hydraulick\u00e9ho frakov\u00e1n\u00ed ve v\u0161ech \u010dlensk\u00fdch zem\u00edch,<\/em>&#8220; informovala mluv\u010d\u00ed berounsk\u00e9 radnice Pavla \u0160v\u00e9dov\u00e1.<\/p>\n<p class=\"MsoNormal\" style=\"text-align: justify;\">Konferenci podpo\u0159ili svou p\u0159\u00edtomnost\u00ed i\u00a0dal\u0161\u00ed politici nap\u0159\u00ed\u010d politick\u00fdm spektrem: europoslanci Ji\u0159\u00ed Ma\u0161t\u00e1lka a\u00a0Pavel Poc, exsen\u00e1tor Petr Pakosta. <strong>Sen\u00e1tor Ji\u0159\u00ed Oberfalzer<\/strong> mimo jin\u00e9 \u0159ekl: <strong>\u201e<\/strong><em>\u010cesk\u00fd kras je pro\u00a0pr\u016fzkum touto metodou zcela nevhodn\u00fd. P\u0159edpokl\u00e1d\u00e1m, \u017ee\u00a0ti, kdo t\u011b\u017ebu pl\u00e1nuj\u00ed, tyto informace maj\u00ed. Pokud i\u00a0p\u0159esto uva\u017euj\u00ed o\u00a0t\u011b\u017eb\u011b, mus\u00edm dosp\u011bt k\u00a0z\u00e1v\u011bru, \u017ee\u00a0jim jde o\u00a0n\u011bco jin\u00e9ho ne\u017e o\u00a0t\u011b\u017ebu. M\u00e1m v\u00e1\u017en\u00e9 podez\u0159en\u00ed, \u017ee\u00a0ve\u00a0skute\u010dnosti nejde o\u00a0zisky z\u00a0t\u011b\u017eby, ale o\u00a0zisky z\u00a0p\u0159\u00edpadn\u00e9ho arbitr\u00e1rn\u00edho \u0159\u00edzen\u00ed v\u016f\u010di \u010cR.<\/em><strong>\u201c<\/strong><\/p>\n<p style=\"text-align: justify;\"><img loading=\"lazy\" decoding=\"async\" class=\"aligncenter size-full wp-image-1927\" src=\"https:\/\/jirioberfalzer.cz\/wp-content\/uploads\/2018\/09\/951-182413_492763584115932_1615271136_n.jpg\" alt=\"\" width=\"960\" height=\"636\" srcset=\"https:\/\/jirioberfalzer.cz\/wp-content\/uploads\/2018\/09\/951-182413_492763584115932_1615271136_n.jpg 960w, https:\/\/jirioberfalzer.cz\/wp-content\/uploads\/2018\/09\/951-182413_492763584115932_1615271136_n-300x199.jpg 300w, https:\/\/jirioberfalzer.cz\/wp-content\/uploads\/2018\/09\/951-182413_492763584115932_1615271136_n-768x509.jpg 768w\" sizes=\"auto, (max-width: 960px) 100vw, 960px\" \/>Na konferenci zazn\u011bly i v\u011bdeck\u00e9 n\u00e1zory. O zcela odli\u0161n\u00e9m v\u00fdvoji zemsk\u00e9ho povrchu v Evrop\u011b a USA, kde se t\u011b\u017eba prov\u00e1d\u00ed, pohovo\u0159il docent Old\u0159ich Fatka. Francouzsk\u00fd z\u00e1stupce instituce No Fracking France Health Department zase pouk\u00e1zal na negativn\u00ed dopad t\u011b\u017eby na lidsk\u00e9 zdrav\u00ed. \u201e<em>Osobn\u00ed \u00fa\u010dastn\u00ed n\u00e1s podpo\u0159ili z\u00e1stupci z Bulharska. D\u00e1nska, Francie, Holandska, Irska, JAR, N\u011bmecka, Polska, Rakouska, Rumunska, Ukrajiny a USA. Z Indie, Ruska a Ma\u010farska podpo\u0159ili na\u0161i konferenci dopisem, s dal\u0161\u00edmi se spoj\u00edme je\u0161t\u011b na telekonferenci,<\/em>\u201c zd\u016fzaznil Ji\u0159\u00ed Mal\u00edk z iniciativy STOP HF. Ten p\u0159ipomn\u011bl, \u017ee Berounskou v\u00fdzvu 2013 ze z\u00e1mo\u0159\u00ed podpo\u0159il i synovec americk\u00e9ho prezidenta J. F. Kennedyho R. F. Kennedy junior. Jej\u00edm organiz\u00e1tor\u016fm zaslal dopis, v n\u011bm\u017e vyj\u00e1d\u0159il plnou podporu p\u0159i vzniku celosv\u011btov\u00e9 Koalice STOP HF.<\/p>\n<p style=\"text-align: justify;\"><span style=\"line-height: 1.7;\">Konferenci z USA podpo\u0159ila i dal\u0161\u00ed v\u00fdznamn\u00e1 aktivistka, um\u011blkyn\u011b Yoko Ono. &#8222;<em>Ta se p\u0159ed \u010dasem p\u0159idala k celoamerick\u00e9mu hnut\u00ed Americans Against Fracking Spolu s dal\u0161\u00edmi herci zalo\u017eila hnut\u00ed Artist Against Fracking \u2013 Um\u011blci proti frakov\u00e1n\u00ed. V t\u00e9to skupin\u011b proti t\u011b\u017eb\u011b b\u0159idlic frakov\u00e1n\u00edm vystupuj\u00ed nap\u0159\u00edklad Roberto De Niro, Paul McCartney, Ringo Starr, Lady Gaga, Liv Tyler, Glen Hansard, John Cameron, Anne Hathawey a dal\u0161\u00ed,<\/em>&#8220; dodala Pavla \u0160v\u00e9dov\u00e1.<\/span><\/p>\n<p style=\"text-align: justify;\"><span style=\"line-height: 1.7;\">\u201e<em>Chceme vyzvat evropsk\u00fd parlament, aby navrhl z\u00e1kaz t\u00e9to metody ve v\u0161ech \u010dlensk\u00fdch zem\u00edch a nebo alespo\u0148 doporu\u010dil \u010dlensk\u00fdm zem\u00edm takov\u00fd z\u00e1kon p\u0159ijmout<\/em>,\u201c \u0159ekl Ji\u0159\u00ed Mal\u00edk, z\u00e1stupce Koalice STOP HF. \u201e<em>Iniciativa je otev\u0159ena v\u0161em subjekt\u016fm. Vyz\u00fdv\u00e1me proto v\u0161echny ke spolupr\u00e1ci na tomto c\u00edli, zejm\u00e9na k iniciaci z\u00e1kon\u016f jednotliv\u00fdch st\u00e1t\u016f, kter\u00e9 by tuto metodu zak\u00e1zaly,<\/em>\u201c dodal Mal\u00edk. V ofici\u00e1ln\u00ed v\u00fdzv\u011b sv\u011btu vyhl\u00e1sila iniciativa sou\u010dasn\u011b uspo\u0159\u00e1d\u00e1n\u00ed sv\u011btov\u00e9ho ak\u010dn\u00edho dne za \u010distou vodu, kter\u00fd se uskute\u010dn\u00ed 22. b\u0159ezna 2013.<\/span><\/p>\n<p><span style=\"line-height: 1.7;\">Zdroj: Prvnizpravy.cz<\/span><\/p>\n","protected":false},"excerpt":{"rendered":"<p>Vyv\u011b\u0161en\u00edm praporu iniciativy STOP HF ve \u010dtvrtek 7. b\u0159ezna za\u010dala ofici\u00e1ln\u00ed \u010d\u00e1st mezin\u00e1rodn\u00ed konference Berounsk\u00e1 v\u00fdzva 2013<\/p>\n","protected":false},"author":1,"featured_media":1926,"comment_status":"closed","ping_status":"closed","sticky":false,"template":"","format":"standard","meta":{"footnotes":""},"categories":[2],"tags":[],"class_list":["post-1925","post","type-post","status-publish","format-standard","has-post-thumbnail","hentry","category-z-regionu"],"_links":{"self":[{"href":"https:\/\/jirioberfalzer.cz\/index.php?rest_route=\/wp\/v2\/posts\/1925","targetHints":{"allow":["GET"]}}],"collection":[{"href":"https:\/\/jirioberfalzer.cz\/index.php?rest_route=\/wp\/v2\/posts"}],"about":[{"href":"https:\/\/jirioberfalzer.cz\/index.php?rest_route=\/wp\/v2\/types\/post"}],"author":[{"embeddable":true,"href":"https:\/\/jirioberfalzer.cz\/index.php?rest_route=\/wp\/v2\/users\/1"}],"replies":[{"embeddable":true,"href":"https:\/\/jirioberfalzer.cz\/index.php?rest_route=%2Fwp%2Fv2%2Fcomments&post=1925"}],"version-history":[{"count":1,"href":"https:\/\/jirioberfalzer.cz\/index.php?rest_route=\/wp\/v2\/posts\/1925\/revisions"}],"predecessor-version":[{"id":1928,"href":"https:\/\/jirioberfalzer.cz\/index.php?rest_route=\/wp\/v2\/posts\/1925\/revisions\/1928"}],"wp:featuredmedia":[{"embeddable":true,"href":"https:\/\/jirioberfalzer.cz\/index.php?rest_route=\/wp\/v2\/media\/1926"}],"wp:attachment":[{"href":"https:\/\/jirioberfalzer.cz\/index.php?rest_route=%2Fwp%2Fv2%2Fmedia&parent=1925"}],"wp:term":[{"taxonomy":"category","embeddable":true,"href":"https:\/\/jirioberfalzer.cz\/index.php?rest_route=%2Fwp%2Fv2%2Fcategories&post=1925"},{"taxonomy":"post_tag","embeddable":true,"href":"https:\/\/jirioberfalzer.cz\/index.php?rest_route=%2Fwp%2Fv2%2Ftags&post=1925"}],"curies":[{"name":"wp","href":"https:\/\/api.w.org\/{rel}","templated":true}]}}