{"id":1917,"date":"2013-02-15T04:49:27","date_gmt":"2013-02-15T03:49:27","guid":{"rendered":"http:\/\/jirioberfalzer.cz\/?p=1917"},"modified":"2018-11-06T15:03:00","modified_gmt":"2018-11-06T14:03:00","slug":"ridici-povinna-prohlidka-asi-az-v-65-letech","status":"publish","type":"post","link":"https:\/\/jirioberfalzer.cz\/?p=1917","title":{"rendered":"\u0158idi\u010di: Povinn\u00e1 prohl\u00eddka asi a\u017e v 65 letech"},"content":{"rendered":"<div id=\"attachment_1792\" style=\"width: 810px\" class=\"wp-caption aligncenter\"><img loading=\"lazy\" decoding=\"async\" aria-describedby=\"caption-attachment-1792\" class=\"size-full wp-image-1792\" src=\"https:\/\/jirioberfalzer.cz\/wp-content\/uploads\/2018\/09\/pra\u017esk\u00fd-hrad-foto-pixabay_compressed.jpg\" alt=\"\" width=\"800\" height=\"600\" srcset=\"https:\/\/jirioberfalzer.cz\/wp-content\/uploads\/2018\/09\/pra\u017esk\u00fd-hrad-foto-pixabay_compressed.jpg 800w, https:\/\/jirioberfalzer.cz\/wp-content\/uploads\/2018\/09\/pra\u017esk\u00fd-hrad-foto-pixabay_compressed-300x225.jpg 300w, https:\/\/jirioberfalzer.cz\/wp-content\/uploads\/2018\/09\/pra\u017esk\u00fd-hrad-foto-pixabay_compressed-768x576.jpg 768w\" sizes=\"auto, (max-width: 800px) 100vw, 800px\" \/><p id=\"caption-attachment-1792\" class=\"wp-caption-text\">Ilustra\u010dn\u00ed foto: pixabay.com<\/p><\/div>\n<p style=\"text-align: justify;\"><strong>\u0158idi\u010di-neprofesion\u00e1lov\u00e9 budou muset chodit na prvn\u00ed povinnou zdravotn\u00ed prohl\u00eddku a\u017e v 65 letech, a nikoli ji\u017e v 60 letech, jak je tomu nyn\u00ed. Dnes o tom rozhodla sn\u011bmovna, kdy\u017e schv\u00e1lila sen\u00e1tn\u00ed novelu, kter\u00e1 v\u011bk prvn\u00ed povinn\u00e9 prohl\u00eddky zvy\u0161uje. Normu je\u0161t\u011b mus\u00ed posoudit Sen\u00e1t.<\/strong><\/p>\n<p style=\"text-align: justify;\">Sen\u00e1to\u0159i p\u016fvodn\u011b navrhli zv\u00fd\u0161it tento v\u011bk a\u017e na 68 let, ale poslanci hranici sn\u00ed\u017eili na 65 let. Ministr zdravotnictv\u00ed Leo\u0161 Heger (TOP 09) \u0159ekl, \u017ee pokl\u00e1d\u00e1 zvolenou v\u011bkovou hranici za rozumn\u00fd kompromis. Dal\u0161\u00ed prohl\u00eddce se budou muset \u0159idi\u010di podrobit stejn\u011b jako dosud v 68 letech a pak poka\u017ed\u00e9 po dvou letech.<\/p>\n<p style=\"text-align: justify;\">Sen\u00e1to\u0159i Tom\u00e1\u0161 Grulich a <strong>Ji\u0159\u00ed Oberfalzer<\/strong> (ODS) novelu p\u0159edlo\u017eili kv\u016fli tomu, \u017ee pokl\u00e1daj\u00ed povinn\u00e9 kontroly zdravotn\u00ed zp\u016fsobilosti neprofesion\u00e1ln\u00edch \u0159idi\u010d\u016f v 60 letech v\u011bku za p\u0159e\u017eitek. &#8222;V\u011bk odchodu do d\u016fchodu se ji\u017e \u0159adu let prodlu\u017euje a bude v bl\u00edzk\u00e9 budoucnosti dosahovat 65 let. Jsou-li lid\u00e9 do 65 let v kondici pracovat, je neadekv\u00e1tn\u00ed pochybovat o jejich schopnosti \u0159\u00eddit,&#8220; tvrd\u00ed sen\u00e1to\u0159i.<\/p>\n","protected":false},"excerpt":{"rendered":"<p>\u0158idi\u010di-neprofesion\u00e1lov\u00e9 budou muset chodit na prvn\u00ed povinnou zdravotn\u00ed prohl\u00eddku a\u017e v 65 letech, a nikoli ji\u017e v 60 letech, jak je tomu nyn\u00ed. <\/p>\n","protected":false},"author":1,"featured_media":1792,"comment_status":"closed","ping_status":"closed","sticky":false,"template":"","format":"standard","meta":{"footnotes":""},"categories":[16],"tags":[],"class_list":["post-1917","post","type-post","status-publish","format-standard","has-post-thumbnail","hentry","category-ze-senatu"],"_links":{"self":[{"href":"https:\/\/jirioberfalzer.cz\/index.php?rest_route=\/wp\/v2\/posts\/1917","targetHints":{"allow":["GET"]}}],"collection":[{"href":"https:\/\/jirioberfalzer.cz\/index.php?rest_route=\/wp\/v2\/posts"}],"about":[{"href":"https:\/\/jirioberfalzer.cz\/index.php?rest_route=\/wp\/v2\/types\/post"}],"author":[{"embeddable":true,"href":"https:\/\/jirioberfalzer.cz\/index.php?rest_route=\/wp\/v2\/users\/1"}],"replies":[{"embeddable":true,"href":"https:\/\/jirioberfalzer.cz\/index.php?rest_route=%2Fwp%2Fv2%2Fcomments&post=1917"}],"version-history":[{"count":1,"href":"https:\/\/jirioberfalzer.cz\/index.php?rest_route=\/wp\/v2\/posts\/1917\/revisions"}],"predecessor-version":[{"id":1918,"href":"https:\/\/jirioberfalzer.cz\/index.php?rest_route=\/wp\/v2\/posts\/1917\/revisions\/1918"}],"wp:featuredmedia":[{"embeddable":true,"href":"https:\/\/jirioberfalzer.cz\/index.php?rest_route=\/wp\/v2\/media\/1792"}],"wp:attachment":[{"href":"https:\/\/jirioberfalzer.cz\/index.php?rest_route=%2Fwp%2Fv2%2Fmedia&parent=1917"}],"wp:term":[{"taxonomy":"category","embeddable":true,"href":"https:\/\/jirioberfalzer.cz\/index.php?rest_route=%2Fwp%2Fv2%2Fcategories&post=1917"},{"taxonomy":"post_tag","embeddable":true,"href":"https:\/\/jirioberfalzer.cz\/index.php?rest_route=%2Fwp%2Fv2%2Ftags&post=1917"}],"curies":[{"name":"wp","href":"https:\/\/api.w.org\/{rel}","templated":true}]}}