{"id":1900,"date":"2012-09-16T04:14:39","date_gmt":"2012-09-16T03:14:39","guid":{"rendered":"http:\/\/jirioberfalzer.cz\/?p=1900"},"modified":"2018-11-08T09:53:59","modified_gmt":"2018-11-08T08:53:59","slug":"zmenme-volby-do-snemovny-ozyva-se-hlas-z-ods","status":"publish","type":"post","link":"https:\/\/jirioberfalzer.cz\/?p=1900","title":{"rendered":"Zm\u011b\u0148me volby do sn\u011bmovny, oz\u00fdv\u00e1 se hlas z ODS"},"content":{"rendered":"<p style=\"text-align: justify;\"><strong><img loading=\"lazy\" decoding=\"async\" class=\"aligncenter size-full wp-image-2032\" src=\"https:\/\/jirioberfalzer.cz\/wp-content\/uploads\/2018\/10\/Oberfalzer-portr\u00e9t-2006_compressed.jpg\" alt=\"\" width=\"800\" height=\"554\" srcset=\"https:\/\/jirioberfalzer.cz\/wp-content\/uploads\/2018\/10\/Oberfalzer-portr\u00e9t-2006_compressed.jpg 800w, https:\/\/jirioberfalzer.cz\/wp-content\/uploads\/2018\/10\/Oberfalzer-portr\u00e9t-2006_compressed-300x208.jpg 300w, https:\/\/jirioberfalzer.cz\/wp-content\/uploads\/2018\/10\/Oberfalzer-portr\u00e9t-2006_compressed-768x532.jpg 768w\" sizes=\"auto, (max-width: 800px) 100vw, 800px\" \/>Politick\u00e1 kultura ve sn\u011bmovn\u011b i zp\u016fsob, jak\u00fdm se sestavuje vl\u00e1da, se nel\u00edb\u00ed sen\u00e1toru za ODS Ji\u0159\u00edmu Oberfalzerovi. Chce to podle n\u011bj zm\u011bnu. <\/strong><\/p>\n<p style=\"text-align: justify;\">Podle sen\u00e1tora nen\u00ed syst\u00e9m volby do sn\u011bmovny f\u00e9rov\u00fd. &#8222;Jsem zast\u00e1ncem voleb, jako jsou do Sen\u00e1tu. Zlep\u0161ilo by to minim\u00e1ln\u011b politickou kulturu ve sn\u011bmovn\u011b. \u010clov\u011bk, kter\u00fd kandiduje s\u00e1m za sebe a prezentuje se osobn\u011b, m\u00e1 v\u011bt\u0161\u00ed odpov\u011bdnost. Jak se vol\u00ed po skupin\u00e1ch &#8211; my tomu \u0159\u00edk\u00e1me vl\u00e1\u010dek, \u017ee se nasedne a podle m\u00edsta na kandid\u00e1tce se do sn\u011bmovny dojede &#8211; tak odpov\u011bdnost ztr\u00e1c\u00ed. Kandidovat s\u00e1m za sebe je f\u00e9rov\u011bj\u0161\u00ed,&#8220; je p\u0159esv\u011bd\u010den Oberfalzer.<\/p>\n<p style=\"text-align: justify;\"><strong>Transformace N\u00e1rodn\u00edho divadla jako nutnost<\/strong><\/p>\n<p style=\"text-align: justify;\">Jako \u010dlen sen\u00e1tn\u00edho v\u00fdboru pro v\u011bdu, vzd\u011bl\u00e1n\u00ed a kulturu pova\u017euje situaci, kter\u00e1 panuje kolem n\u00e1rodn\u00edho divadla, za nezvl\u00e1dnutou, nedomy\u0161lenou a vedouc\u00ed k destrukci t\u00e9to instituce. Na druhou stranu transformace N\u00e1rodn\u00edho divadla a St\u00e1tn\u00ed opery pova\u017euje za nutnou.<\/p>\n<p style=\"text-align: justify;\">&#8222;<em>Nejsem z toho nad\u0161en, ale \u017e\u00e1dn\u00e9 jin\u00e9 \u0159e\u0161en\u00ed nen\u00ed. Beru to jako nutn\u00e9 zlo. Nemohu te\u010f hodnotit, jak to prob\u00edh\u00e1. Ale z t\u011bch ve\u0159ejn\u00fdch vyj\u00e1d\u0159en\u00ed pana Sankota soud\u00edm, \u017ee se proces zasekl,<\/em>&#8220; \u0159\u00edk\u00e1 politik.<\/p>\n<p style=\"text-align: justify;\">Ministryn\u011b kultury Alena Han\u00e1kov\u00e1 byla p\u0159\u00edtomn\u00e1 na jedn\u00e1n\u00ed v\u00fdboru v Sen\u00e1tu, kde Sen\u00e1t p\u0159ijal k f\u00fazi odm\u00edtav\u00e9 stanovisko. Na dotaz T\u00fddne.cz, zda je podle n\u011bj Han\u00e1kov\u00e1 \u010dlov\u011bkem na sv\u00e9m m\u00edst\u011b, odpov\u00edd\u00e1 Sen\u00e1tor vyh\u00fdbav\u011b.<\/p>\n<p style=\"text-align: justify;\">&#8222;<em>V\u00edte, j\u00e1 bych toto opravdu nerad hodnotil. J\u00e1 v\u00edm, \u017ee ona m\u00e1 dobrou v\u016fli, \u017ee chce ten resort \u0159\u00eddit dob\u0159e. Ale domn\u00edv\u00e1m se, \u017ee Starostov\u00e9 obecn\u011b maj\u00ed person\u00e1ln\u00ed nouzi. Ale te\u010f nen\u00ed chv\u00edle, abychom si mas\u00edrovali svaly na ostatn\u00edch. Cel\u00fd syst\u00e9m, jak se sestavuje vl\u00e1da, je \u0161patn\u00fd<\/em>,&#8220; \u0159\u00edk\u00e1 Oberfalzer.<\/p>\n<p style=\"text-align: justify;\">Chyba je podle n\u011bj v tom, \u017ee si strany nejd\u0159\u00edve rozd\u011bl\u00ed resorty, do kter\u00fdch pak obsazuj\u00ed svoje lidi. Nam\u00edsto toho, aby daly dohromady odborn\u00edky.<\/p>\n<p>Zdroj:<em> Tyden.cz, Parlamentn\u00ed listy<\/em><\/p>\n","protected":false},"excerpt":{"rendered":"<p>Politick\u00e1 kultura ve sn\u011bmovn\u011b i zp\u016fsob, jak\u00fdm se sestavuje vl\u00e1da, se nel\u00edb\u00ed sen\u00e1toru za ODS Ji\u0159\u00edmu Oberfalzerovi. Chce to podle n\u011bj zm\u011bnu. <\/p>\n","protected":false},"author":1,"featured_media":2032,"comment_status":"closed","ping_status":"closed","sticky":false,"template":"","format":"standard","meta":{"footnotes":""},"categories":[17],"tags":[],"class_list":["post-1900","post","type-post","status-publish","format-standard","has-post-thumbnail","hentry","category-nazory-a-rozhovory"],"_links":{"self":[{"href":"https:\/\/jirioberfalzer.cz\/index.php?rest_route=\/wp\/v2\/posts\/1900","targetHints":{"allow":["GET"]}}],"collection":[{"href":"https:\/\/jirioberfalzer.cz\/index.php?rest_route=\/wp\/v2\/posts"}],"about":[{"href":"https:\/\/jirioberfalzer.cz\/index.php?rest_route=\/wp\/v2\/types\/post"}],"author":[{"embeddable":true,"href":"https:\/\/jirioberfalzer.cz\/index.php?rest_route=\/wp\/v2\/users\/1"}],"replies":[{"embeddable":true,"href":"https:\/\/jirioberfalzer.cz\/index.php?rest_route=%2Fwp%2Fv2%2Fcomments&post=1900"}],"version-history":[{"count":2,"href":"https:\/\/jirioberfalzer.cz\/index.php?rest_route=\/wp\/v2\/posts\/1900\/revisions"}],"predecessor-version":[{"id":2049,"href":"https:\/\/jirioberfalzer.cz\/index.php?rest_route=\/wp\/v2\/posts\/1900\/revisions\/2049"}],"wp:featuredmedia":[{"embeddable":true,"href":"https:\/\/jirioberfalzer.cz\/index.php?rest_route=\/wp\/v2\/media\/2032"}],"wp:attachment":[{"href":"https:\/\/jirioberfalzer.cz\/index.php?rest_route=%2Fwp%2Fv2%2Fmedia&parent=1900"}],"wp:term":[{"taxonomy":"category","embeddable":true,"href":"https:\/\/jirioberfalzer.cz\/index.php?rest_route=%2Fwp%2Fv2%2Fcategories&post=1900"},{"taxonomy":"post_tag","embeddable":true,"href":"https:\/\/jirioberfalzer.cz\/index.php?rest_route=%2Fwp%2Fv2%2Ftags&post=1900"}],"curies":[{"name":"wp","href":"https:\/\/api.w.org\/{rel}","templated":true}]}}