{"id":1898,"date":"2012-11-09T04:12:58","date_gmt":"2012-11-09T03:12:58","guid":{"rendered":"http:\/\/jirioberfalzer.cz\/?p=1898"},"modified":"2018-11-08T09:54:50","modified_gmt":"2018-11-08T08:54:50","slug":"provokace-ne-ironie-osudu","status":"publish","type":"post","link":"https:\/\/jirioberfalzer.cz\/?p=1898","title":{"rendered":"Provokace? Ne, ironie osudu"},"content":{"rendered":"<div id=\"attachment_1645\" style=\"width: 810px\" class=\"wp-caption aligncenter\"><img loading=\"lazy\" decoding=\"async\" aria-describedby=\"caption-attachment-1645\" class=\"size-full wp-image-1645\" src=\"https:\/\/jirioberfalzer.cz\/wp-content\/uploads\/2018\/08\/oberfalzer-neform\u00e1ln\u00ed_compressed.jpg\" alt=\"\" width=\"800\" height=\"600\" srcset=\"https:\/\/jirioberfalzer.cz\/wp-content\/uploads\/2018\/08\/oberfalzer-neform\u00e1ln\u00ed_compressed.jpg 800w, https:\/\/jirioberfalzer.cz\/wp-content\/uploads\/2018\/08\/oberfalzer-neform\u00e1ln\u00ed_compressed-300x225.jpg 300w, https:\/\/jirioberfalzer.cz\/wp-content\/uploads\/2018\/08\/oberfalzer-neform\u00e1ln\u00ed_compressed-768x576.jpg 768w\" sizes=\"auto, (max-width: 800px) 100vw, 800px\" \/><p id=\"caption-attachment-1645\" class=\"wp-caption-text\">oberfalzer-neform\u00e1ln\u00ed_<\/p><\/div>\n<p class=\"MsoNormal\" style=\"text-align: justify;\"><strong>Korup\u010dn\u00ed skand\u00e1ly, ztr\u00e1ta d\u016fv\u011bry, vnit\u0159n\u00ed rozbroje, \u0161patn\u011b vysv\u011btlovan\u00e1 politika vl\u00e1dy, to v\u0161e se podepsalo na drtiv\u00e9 por\u00e1\u017ece stran vl\u00e1dn\u00ed koalice v\u00a0krajsk\u00fdch a sen\u00e1tn\u00edch volb\u00e1ch. Ned\u00e1vn\u00fd kongres ODS se nesl hlavn\u011b t\u00e9matem n\u00e1vratu d\u016fv\u011bryhodnosti. Dok\u00e1zal \u2013 alespo\u0148 na n\u011bkter\u00fdch sv\u00fdch rozhodnut\u00edch \u2013 demonstrovat, \u017ee to s\u00a0n\u00e1vratem ke v\u011brohodnosti mysl\u00ed v\u00e1\u017en\u011b a \u017ee si u\u017e n\u011bkter\u00e1 jm\u00e9na ve sv\u00e9m \u010dele nep\u0159eje. Ivan Langer, Pavel Dlouh\u00fd, Petr Tlucho\u0159, Marek \u0160najdr, ale ani Ivan Fuksa u\u017e do vrcholn\u00fdch org\u00e1n\u016f nepro\u0161li.<\/strong><\/p>\n<p class=\"MsoNormal\" style=\"text-align: justify;\">Po rezignaci t\u0159\u00ed st\u0159edo\u010desk\u00fdch rebel\u016f na poslaneck\u00fd mand\u00e1t ale nastal nov\u00fd probl\u00e9m. Mezi n\u00e1hradn\u00edky za tyto odstoupiv\u0161\u00ed poslance je tak\u00e9 Roman Pek\u00e1rek. Hned se zdvihlo medi\u00e1ln\u00ed pohor\u0161en\u00ed: ta ODS si ned\u00e1 \u0159\u00edct?! Zas vyt\u00e1hnou z\u00a0n\u00e1hradn\u00edk\u016f zrovna takov\u00e9ho v\u00fdlupka! Sledoval jsem tu medi\u00e1ln\u00ed bou\u0159i s\u00a0\u00fa\u017easem, \u017ee si nikdo ned\u00e1 tu pr\u00e1ci, aby ve\u0159ejnosti vysv\u011btlil, jak to vlastn\u011b s\u00a0t\u011bmi n\u00e1hradn\u00edky je.<\/p>\n<p class=\"MsoNormal\" style=\"text-align: justify;\">Tak aspo\u0148 tady si na to ud\u011bl\u00e1me chvilku \u010dasu. Kandid\u00e1tn\u00ed listiny do voleb se sestavuj\u00ed v\u00a0n\u011bkolikam\u011bs\u00ed\u010dn\u00edm p\u0159edstihu p\u0159ed datem voleb. Lze v\u00a0nich d\u011blat \u00fapravy nejpozd\u011bji 40 dn\u00ed p\u0159ed volbami. Vy\u0161krtnout kandid\u00e1ta nebo odstoupit z\u00a0kandid\u00e1tky lze i potom, ale nejpozd\u011bji 48 hodin p\u0159ed zah\u00e1jen\u00edm voleb. Pak jsou u\u017e kandid\u00e1tky \u201euzav\u0159en\u00e9\u201c a nelze v\u00a0nich nic m\u011bnit.<\/p>\n<p class=\"MsoNormal\" style=\"text-align: justify;\">Pokud se poslanec ur\u010dit\u00e9 strany vzd\u00e1 mand\u00e1tu, nastupuje za n\u011bj na zbytek funk\u010dn\u00edho obdob\u00ed prvn\u00ed n\u00e1hradn\u00edk, tedy ten na kandid\u00e1tce, kdo je prvn\u00ed za posledn\u00edm zvolen\u00fdm kandid\u00e1tem. V\u00a0na\u0161em p\u0159\u00edpad\u011b jde o prvn\u00ed t\u0159i nezvolen\u00e9.<\/p>\n<p class=\"MsoNormal\" style=\"text-align: justify;\">Takto je to d\u00e1no z\u00e1konem a strana, o jej\u00ed\u017e kandid\u00e1ty jde, u\u017e nem\u00e1 na tento princip \u017e\u00e1dn\u00fd vliv, rozhoduje jen po\u0159ad\u00ed. Jin\u00fdmi slovy: ODS si nem\u016f\u017ee vyb\u00edrat, kter\u00fd z\u00a0nezvolen\u00fdch kandid\u00e1t\u016f m\u00e1 nahradit onu odstupuj\u00edc\u00ed trojici.<\/p>\n<p class=\"MsoNormal\" style=\"text-align: justify;\">Stejn\u011b tak nem\u00e1 \u017e\u00e1dn\u00e1 strana ani \u017e\u00e1dn\u00e1 \u00fastavn\u00ed instituce pr\u00e1vo poslanci odebrat mand\u00e1t, to je d\u016fle\u017eit\u00e1 ochrana demokracie. (Jako v\u0161e v demokracii, m\u00e1 i toto sv\u00e9 nev\u00fdhody.) Jedin\u011b s\u00e1m poslanec se m\u016f\u017ee vzd\u00e1t mand\u00e1tu.<\/p>\n<p class=\"MsoNormal\" style=\"text-align: justify;\">A tak je to tedy i s\u00a0na\u0161\u00edm Pek\u00e1rkem. V\u00a0\u010dase, kdy byl nominov\u00e1n do voleb (na 10. m\u00edst\u011b kandid\u00e1tky), byl je\u0161t\u011b zcela bez\u00fahonn\u00fd. Prvoinstan\u010dn\u00ed soud ho odsoudil a\u017e letos v\u00a0kv\u011btnu. \u010cek\u00e1 ho odvolac\u00ed \u0159\u00edzen\u00ed. Ze z\u00e1kona nic nebr\u00e1n\u00ed tomu, aby nastoupil v\u00fdkon mand\u00e1tu, pohl\u00ed\u017e\u00ed se na\u0148 nad\u00e1le jako na nevinn\u00e9ho (ostatn\u011b v\u00a0sou\u010dasn\u00e9 Sn\u011bmovn\u011b m\u00e1me t\u0159i jin\u00e9 takov\u00e9: V\u00edt B\u00e1rta, Jaroslav \u0160k\u00e1rka a David Rath).<\/p>\n<p class=\"MsoNormal\" style=\"text-align: justify;\">Z\u00a0pr\u00e1vn\u00edho hlediska tedy nelze nic nam\u00edtat. Je tu ov\u0161em je\u0161t\u011b hledisko mor\u00e1ln\u00ed. Udivuje m\u011b, \u017ee pan Pek\u00e1rek nevyhodnotil tuto situaci jako ne\u00fanosnou, \u017ee po\u0161kozuje stranu, za ni\u017e kandidoval, a nevzdal se mand\u00e1tu s\u00e1m. Mysl\u00edm, \u017ee poslaneck\u00fd klub bude muset na Romana Pek\u00e1rka vyvinout tlak, aby se mand\u00e1tu vzdal, a p\u0159\u00edpadn\u011b ho i vylou\u010dit, aby aspo\u0148 zbytek poslanc\u016f ochr\u00e1nil od spoluviny za tuto ostudu.<\/p>\n<p class=\"MsoNormal\" style=\"text-align: justify;\">V\u0161ichni jsme zodpov\u011bdn\u00ed za obraz na\u0161\u00ed politiky a j\u00e1 v\u011b\u0159\u00edm, \u017ee Roman Pek\u00e1rek vy\u0159e\u0161\u00ed tento probl\u00e9m za v\u0161echny ostatn\u00ed svou vlastn\u00ed rezignac\u00ed; nem\u016f\u017ee p\u0159ece myslet jen s\u00e1m na sebe.<\/p>\n<p class=\"MsoNormal\">Pro Echo 11\/2012<\/p>\n","protected":false},"excerpt":{"rendered":"<p>Korup\u010dn\u00ed skand\u00e1ly, ztr\u00e1ta d\u016fv\u011bry, vnit\u0159n\u00ed rozbroje, \u0161patn\u011b vysv\u011btlovan\u00e1 politika vl\u00e1dy, to v\u0161e se podepsalo na drtiv\u00e9 por\u00e1\u017ece stran vl\u00e1dn\u00ed koalice v krajsk\u00fdch a sen\u00e1tn\u00edch volb\u00e1ch.<\/p>\n","protected":false},"author":1,"featured_media":1645,"comment_status":"closed","ping_status":"closed","sticky":false,"template":"","format":"standard","meta":{"footnotes":""},"categories":[17],"tags":[],"class_list":["post-1898","post","type-post","status-publish","format-standard","has-post-thumbnail","hentry","category-nazory-a-rozhovory"],"_links":{"self":[{"href":"https:\/\/jirioberfalzer.cz\/index.php?rest_route=\/wp\/v2\/posts\/1898","targetHints":{"allow":["GET"]}}],"collection":[{"href":"https:\/\/jirioberfalzer.cz\/index.php?rest_route=\/wp\/v2\/posts"}],"about":[{"href":"https:\/\/jirioberfalzer.cz\/index.php?rest_route=\/wp\/v2\/types\/post"}],"author":[{"embeddable":true,"href":"https:\/\/jirioberfalzer.cz\/index.php?rest_route=\/wp\/v2\/users\/1"}],"replies":[{"embeddable":true,"href":"https:\/\/jirioberfalzer.cz\/index.php?rest_route=%2Fwp%2Fv2%2Fcomments&post=1898"}],"version-history":[{"count":1,"href":"https:\/\/jirioberfalzer.cz\/index.php?rest_route=\/wp\/v2\/posts\/1898\/revisions"}],"predecessor-version":[{"id":1899,"href":"https:\/\/jirioberfalzer.cz\/index.php?rest_route=\/wp\/v2\/posts\/1898\/revisions\/1899"}],"wp:featuredmedia":[{"embeddable":true,"href":"https:\/\/jirioberfalzer.cz\/index.php?rest_route=\/wp\/v2\/media\/1645"}],"wp:attachment":[{"href":"https:\/\/jirioberfalzer.cz\/index.php?rest_route=%2Fwp%2Fv2%2Fmedia&parent=1898"}],"wp:term":[{"taxonomy":"category","embeddable":true,"href":"https:\/\/jirioberfalzer.cz\/index.php?rest_route=%2Fwp%2Fv2%2Fcategories&post=1898"},{"taxonomy":"post_tag","embeddable":true,"href":"https:\/\/jirioberfalzer.cz\/index.php?rest_route=%2Fwp%2Fv2%2Ftags&post=1898"}],"curies":[{"name":"wp","href":"https:\/\/api.w.org\/{rel}","templated":true}]}}