{"id":1895,"date":"2012-08-24T04:10:31","date_gmt":"2012-08-24T03:10:31","guid":{"rendered":"http:\/\/jirioberfalzer.cz\/?p=1895"},"modified":"2018-11-08T09:52:23","modified_gmt":"2018-11-08T08:52:23","slug":"co-prinese-novela-rud-pro-obce-na-berounsku","status":"publish","type":"post","link":"https:\/\/jirioberfalzer.cz\/?p=1895","title":{"rendered":"Co p\u0159inese novela RUD pro obce na Berounsku?"},"content":{"rendered":"<p><strong><img loading=\"lazy\" decoding=\"async\" class=\"aligncenter size-large wp-image-2030\" src=\"https:\/\/jirioberfalzer.cz\/wp-content\/uploads\/2018\/10\/Oberfalzer-portr\u00e9t1_compressed-1024x683.jpg\" alt=\"\" width=\"1024\" height=\"683\" srcset=\"https:\/\/jirioberfalzer.cz\/wp-content\/uploads\/2018\/10\/Oberfalzer-portr\u00e9t1_compressed-1024x683.jpg 1024w, https:\/\/jirioberfalzer.cz\/wp-content\/uploads\/2018\/10\/Oberfalzer-portr\u00e9t1_compressed-300x200.jpg 300w, https:\/\/jirioberfalzer.cz\/wp-content\/uploads\/2018\/10\/Oberfalzer-portr\u00e9t1_compressed-768x512.jpg 768w, https:\/\/jirioberfalzer.cz\/wp-content\/uploads\/2018\/10\/Oberfalzer-portr\u00e9t1_compressed.jpg 1417w\" sizes=\"auto, (max-width: 1024px) 100vw, 1024px\" \/>Sen\u00e1t p\u0159ijal novelu z\u00e1kona o rozpo\u010dtov\u00e9m ur\u010den\u00ed dan\u00ed, kter\u00e1 p\u0159inese nov\u00e9 <\/strong><strong>prost\u0159edky pro plo\u0161n\u00fd rozvoj obc\u00ed, m\u011bst a venkova obecn\u011b nap\u0159\u00ed\u010d republikou. <\/strong><strong>Hlasoval jste pro tuto novelu? Co v praxi p\u0159inese venkovu? Prom\u00edtne se to i do <\/strong><strong>p\u0159\u00edjm\u016f Berouna, Ho\u0159ovic a m\u011bst podobn\u00e9 velikosti? Na co budou moci b\u00fdt<\/strong><strong>prost\u0159edky vyu\u017eity? Uve\u010fte p\u0159\u00edklad rekonstrukce n\u011b\u010deho z na\u0161eho regionu, u \u010deho <\/strong><strong>nebylo dosud mo\u017eno dos\u00e1hnout na dotace. <\/strong><\/p>\n<p style=\"text-align: justify;\"><strong>Ji\u0159\u00ed Oberfalzer:<\/strong><\/p>\n<p style=\"text-align: justify;\">Pro n\u00e1vrh t\u00e9to novely jsem hlasoval a velmi r\u00e1d. Zlep\u0161en\u00ed financov\u00e1n\u00ed obc\u00ed jsem m\u011bl v\u017edy ve sv\u00e9m programu. V minul\u00e9m obdob\u00ed byl u\u010din\u011bn mal\u00fd kr\u016f\u010dek ve zlep\u0161en\u00ed rozpo\u010dt\u016f t\u011bch nejmen\u0161\u00edch obc\u00ed. Te\u010f do\u0161lo na v\u0161echny obce na\u0161eho regionu.<\/p>\n<p style=\"text-align: justify;\">Nap\u0159\u00ed\u010d politick\u00fdm spektrem schv\u00e1lil sen\u00e1t 16. srpna novelu z\u00e1kona o rozpo\u010dtov\u00e9m ur\u010den\u00ed dan\u00ed, tedy vlastn\u011b z\u00e1kon o financov\u00e1n\u00ed obc\u00ed. Po n\u011bkolika letech politick\u00fdch jedn\u00e1n\u00ed, v nich\u017e se hledal kompromis mezi t\u011bmi, kdo cht\u011bli v\u00edce podpo\u0159it ty nejmen\u0161\u00ed obce, a t\u011bmi, kte\u0159\u00ed zase h\u00e1jili n\u00e1roky velk\u00fdch m\u011bst, je tak kone\u010dn\u011b otev\u0159ena cesta ke zlep\u0161en\u00ed rozpo\u010dt\u016f naprost\u00e9 v\u011bt\u0161iny obc\u00ed v republice. Men\u0161\u00ed finance dostanou ty nejv\u011bt\u0161\u00ed m\u011bsta, Praha, Brno, Ostrava, Plze\u0148, Olomouc,\u00a0 a tak\u00e9 n\u011bkter\u00e9 mal\u00e9 obce s velk\u00fdmi katastry.<\/p>\n<p style=\"text-align: justify;\">Rozpo\u010dty nyn\u00ed ur\u010duje po\u010det obyvatel, velikost katastru (ale ta je zapo\u010d\u00edt\u00e1v\u00e1na men\u0161\u00edm procentem ne\u017e dosud) a tak\u00e9 po\u010det d\u011bt\u00ed v mate\u0159sk\u00fdch \u0161kol\u00e1ch. T\u00edm se zohled\u0148uje, jak\u00e9 slu\u017eby obec poskytuje sv\u00fdm obyvatel\u016fm a jak\u00e9 \u00fazem\u00ed spravuje.<\/p>\n<p style=\"text-align: justify;\">Dobr\u00e1 zpr\u00e1va je, \u017ee v na\u0161em okrese si polep\u0161\u00ed v\u0161echny obce bez v\u00fdjimky. Rozpo\u010dty obc\u00ed budou v drtiv\u00e9 v\u011bt\u0161in\u011b nav\u00fd\u0161eny v rozsahu 20-40%.<\/p>\n<p style=\"text-align: justify;\">Nejv\u011bt\u0161\u00ed procentn\u00ed nav\u00fd\u0161en\u00ed zaznamenaj\u00ed Broumy, Cerhovice, Kom\u00e1rov, Lite\u0148, Lod\u011bnice, Lochovice, Suchomasty, Tma\u0148, Zdice a \u017debr\u00e1k. Rekord m\u00e1 Osov s nav\u00fd\u0161en\u00edm o 61%.<\/p>\n<p style=\"text-align: justify;\">V nomin\u00e1ln\u00ed hodnot\u011b p\u0159ibude do rozpo\u010dtu nejv\u00edc Berounu (24,5 mil. K\u010d), Ho\u0159ovic\u00edm a Kr\u00e1lovu Dvoru (p\u0159es 14 mil.). Zdice dostanou o 10 mil. v\u00edc, okolo 6 mil. se p\u0159ilep\u0161\u00ed Kom\u00e1rovu a \u017debr\u00e1ku a zhruba 4,5 mil. Hostomic\u00edm a Lod\u011bnic\u00edm.<\/p>\n<p style=\"text-align: justify;\">P\u0159es 3 miliony naroste rozpo\u010det v Cerhovic\u00edch, H\u00fdskov\u011b, Chy\u0148av\u011b, Litni, Lochovic\u00edch, Ni\u017ebo\u0159e a v Zaje\u010dov\u011b.<\/p>\n<p style=\"text-align: justify;\">V \u00fahrnu pak dostanou obce na\u0161eho okresu o 161 mil. K\u010d v\u00edc ne\u017e dosud.<\/p>\n<p style=\"text-align: justify;\">Schv\u00e1len\u00ed tohoto z\u00e1kona jsme si mohli ov\u011b\u0159it, \u017ee se tak rozh\u00e1dan\u00e1 politick\u00e1 sc\u00e9na p\u0159ece jen um\u00ed shodnout, kdy\u017e jde o skute\u010dn\u011b v\u011bcnou z\u00e1le\u017eitost, pokud se nikdo nesna\u017e\u00ed ud\u011blat z n\u00ed n\u00e1stroj volebn\u00edho boje.<\/p>\n<p style=\"text-align: justify;\">Zv\u00fd\u0161en\u00e9 rozpo\u010dtov\u00e9 prost\u0159edky vyu\u017eij\u00ed obce podle sv\u00e9ho uv\u00e1\u017een\u00ed. Budou moci v\u00edce investovat do vlastn\u00ed infrastruktury nebo do slu\u017eeb obyvatelstvu.\u00a0 Tradi\u010dn\u011b m\u00e1lo pen\u011bz je nap\u0159\u00edklad na m\u00edstn\u00ed komunikace, chodn\u00edky, ale tak\u00e9 na investice ve \u0161kol\u00e1ch.<\/p>\n<p style=\"text-align: justify;\">V\u011bt\u0161\u00ed rozpo\u010dty tak\u00e9 umo\u017en\u00ed obc\u00edm \u010derpat \u00fav\u011bry na investice, budou moci v\u00edce spl\u00e1cet. Usnadn\u00ed se tak\u00e9 financov\u00e1n\u00ed spolu\u00fa\u010dasti u nejr\u016fzn\u011bj\u0161\u00edch dotac\u00ed. \u0158ada obc\u00ed nedos\u00e1hla na n\u011bkter\u00e9 dotace pr\u00e1v\u011b z toho d\u016fvodu, \u017ee nem\u011bla prost\u0159edky na pokryt\u00ed t\u00e9 \u010d\u00e1sti investice, kterou dotace nezahrnuje (nap\u0159. nezapo\u010ditatlen\u00e9 n\u00e1klady), nebo na dofinancov\u00e1 \u010d\u00e1stky, kterou dotace nepokr\u00fdv\u00e1.<\/p>\n<p>(Zdroj: Podbrdsk\u00e9 noviny)<\/p>\n","protected":false},"excerpt":{"rendered":"<p>Sen\u00e1t p\u0159ijal novelu z\u00e1kona o rozpo\u010dtov\u00e9m ur\u010den\u00ed dan\u00ed, kter\u00e1 p\u0159inese nov\u00e9 prost\u0159edky pro plo\u0161n\u00fd rozvoj obc\u00ed, m\u011bst a venkova obecn\u011b nap\u0159\u00ed\u010d republikou. <\/p>\n","protected":false},"author":1,"featured_media":2030,"comment_status":"closed","ping_status":"closed","sticky":false,"template":"","format":"standard","meta":{"footnotes":""},"categories":[2],"tags":[],"class_list":["post-1895","post","type-post","status-publish","format-standard","has-post-thumbnail","hentry","category-z-regionu"],"_links":{"self":[{"href":"https:\/\/jirioberfalzer.cz\/index.php?rest_route=\/wp\/v2\/posts\/1895","targetHints":{"allow":["GET"]}}],"collection":[{"href":"https:\/\/jirioberfalzer.cz\/index.php?rest_route=\/wp\/v2\/posts"}],"about":[{"href":"https:\/\/jirioberfalzer.cz\/index.php?rest_route=\/wp\/v2\/types\/post"}],"author":[{"embeddable":true,"href":"https:\/\/jirioberfalzer.cz\/index.php?rest_route=\/wp\/v2\/users\/1"}],"replies":[{"embeddable":true,"href":"https:\/\/jirioberfalzer.cz\/index.php?rest_route=%2Fwp%2Fv2%2Fcomments&post=1895"}],"version-history":[{"count":3,"href":"https:\/\/jirioberfalzer.cz\/index.php?rest_route=\/wp\/v2\/posts\/1895\/revisions"}],"predecessor-version":[{"id":2048,"href":"https:\/\/jirioberfalzer.cz\/index.php?rest_route=\/wp\/v2\/posts\/1895\/revisions\/2048"}],"wp:featuredmedia":[{"embeddable":true,"href":"https:\/\/jirioberfalzer.cz\/index.php?rest_route=\/wp\/v2\/media\/2030"}],"wp:attachment":[{"href":"https:\/\/jirioberfalzer.cz\/index.php?rest_route=%2Fwp%2Fv2%2Fmedia&parent=1895"}],"wp:term":[{"taxonomy":"category","embeddable":true,"href":"https:\/\/jirioberfalzer.cz\/index.php?rest_route=%2Fwp%2Fv2%2Fcategories&post=1895"},{"taxonomy":"post_tag","embeddable":true,"href":"https:\/\/jirioberfalzer.cz\/index.php?rest_route=%2Fwp%2Fv2%2Ftags&post=1895"}],"curies":[{"name":"wp","href":"https:\/\/api.w.org\/{rel}","templated":true}]}}