{"id":1893,"date":"2012-08-17T04:06:33","date_gmt":"2012-08-17T03:06:33","guid":{"rendered":"http:\/\/jirioberfalzer.cz\/?p=1893"},"modified":"2018-09-07T04:08:52","modified_gmt":"2018-09-07T03:08:52","slug":"berounske-letorosty-se-letos-neuskutecni","status":"publish","type":"post","link":"https:\/\/jirioberfalzer.cz\/?p=1893","title":{"rendered":"Berounsk\u00e9 Letorosty se letos neuskute\u010dn\u00ed"},"content":{"rendered":"<p><strong><img loading=\"lazy\" decoding=\"async\" class=\"aligncenter size-full wp-image-1632\" src=\"https:\/\/jirioberfalzer.cz\/wp-content\/uploads\/2018\/08\/548-be-letorosty-odpol-cast-105_compressed.jpg\" alt=\"\" width=\"1000\" height=\"662\" srcset=\"https:\/\/jirioberfalzer.cz\/wp-content\/uploads\/2018\/08\/548-be-letorosty-odpol-cast-105_compressed.jpg 1000w, https:\/\/jirioberfalzer.cz\/wp-content\/uploads\/2018\/08\/548-be-letorosty-odpol-cast-105_compressed-300x199.jpg 300w, https:\/\/jirioberfalzer.cz\/wp-content\/uploads\/2018\/08\/548-be-letorosty-odpol-cast-105_compressed-768x508.jpg 768w\" sizes=\"auto, (max-width: 1000px) 100vw, 1000px\" \/>Finan\u010dn\u00ed d\u016fvody p\u0159inutily po\u0159adatele hudebn\u00edho festivalu Berounsk\u00e9 Letorosty odvolat leto\u0161n\u00ed ro\u010dn\u00edk. Obl\u00edben\u00fd festival, kter\u00fd v minul\u00fdch letech krom\u011b z\u00e1bavy p\u0159in\u00e1\u0161el tak\u00e9 v\u00fdznamn\u00e9 charitativn\u00ed p\u0159\u00edsp\u011bvky neziskov\u00fdm organizac\u00edm v regionu, se m\u011bl konat v polovin\u011b z\u00e1\u0159\u00ed. \u201eBohu\u017eel je slo\u017eit\u00e1 doba a nepoda\u0159ilo se n\u00e1m z\u00edskat dostate\u010dn\u00e9 prost\u0159edky na pokryt\u00ed rozpo\u010dtu akce. Mrz\u00ed n\u00e1s to, ale v\u011b\u0159\u00edme, \u017ee se v p\u0159\u00ed\u0161t\u00edm roce povede tradici obnovit,\u201c uvedl zakladatel festivalu , sen\u00e1tor Ji\u0159\u00ed Oberfalzer (ODS).<\/strong><\/p>\n<p>Festival Berounsk\u00e9 Letorosty m\u00e1 za sebou ji\u017e sedm \u00fasp\u011b\u0161n\u00fdch ro\u010dn\u00edk\u016f, b\u011bhem nich\u017e se na b\u0159ehu Berounky p\u0159edstavily des\u00edtky zn\u00e1m\u00fdch interpret\u016f a skupin, jim\u017e aplaudovaly tis\u00edce n\u00e1v\u0161t\u011bvn\u00edk\u016f. Z\u00e1rove\u0148 se po\u0159adatel\u016fm b\u011bhem uplynul\u00fdch let poda\u0159ilo z\u00edskat v\u00edce ne\u017e 1,6 milionu korun, kter\u00e9 putovaly ve prosp\u011bch r\u016fzn\u00fdch charitativn\u00edch organizac\u00ed a projekt\u016f v berounsk\u00e9m regionu.<\/p>\n<p>&#8222;Na charitu ale p\u0159esto dojde. I bez festivalu podpo\u0159\u00ed nada\u010dn\u00ed fond Letorosty obecn\u011b prosp\u011b\u0161n\u00e9 organizace z regionu Berounska, konkr\u00e9tn\u011b Svaz t\u011blesn\u011b posti\u017een\u00fdch, sbory dobrovoln\u00fdch hasi\u010d\u016f a jin\u00e1 sdru\u017een\u00ed,&#8220; uji\u0161\u0165uje Ji\u0159\u00ed Oberfalzer.<\/p>\n<p>Po\u0159adatel\u00e9 se rozhodli leto\u0161n\u00ed ro\u010dn\u00edk festivalu odvolat a\u017e po dlouh\u00e9m v\u00e1h\u00e1n\u00ed a hled\u00e1n\u00ed cest jak tradici nep\u0159eru\u0161it. Festival ji\u017e v Beroun\u011b zdom\u00e1cn\u011bl a byl hodnocen jako jedna z nejlep\u0161\u00edch akc\u00ed v regionu. \u201eSna\u017eili jsme se ze v\u0161ech sil, proto\u017ee v\u00edm, \u017ee se spousta lid\u00ed na Letorosty t\u011b\u0161ila, ale bohu\u017eel se to letos nepovedlo. Nem\u016f\u017eeme si dovolit po\u0159\u00e1dat akci na dluh. V\u011b\u0159\u00edm, \u017ee n\u00e1s n\u00e1v\u0161t\u011bvn\u00edci pochop\u00ed a zachovaj\u00ed n\u00e1m p\u0159\u00edze\u0148, ud\u011bl\u00e1me v\u0161e, aby se p\u0159\u00ed\u0161t\u00ed ro\u010dn\u00edk uskute\u010dnil ,\u201c uvedl sen\u00e1tor Oberfalzer.<\/p>\n","protected":false},"excerpt":{"rendered":"<p>Finan\u010dn\u00ed d\u016fvody p\u0159inutily po\u0159adatele hudebn\u00edho festivalu Berounsk\u00e9 Letorosty odvolat leto\u0161n\u00ed ro\u010dn\u00edk. Obl\u00edben\u00fd festival, kter\u00fd v minul\u00fdch letech krom\u011b z\u00e1bavy p\u0159in\u00e1\u0161el tak\u00e9 v\u00fdznamn\u00e9 charitativn\u00ed p\u0159\u00edsp\u011bvky neziskov\u00fdm organizac\u00edm v regionu, se m\u011bl konat v polovin\u011b z\u00e1\u0159\u00ed.<\/p>\n","protected":false},"author":1,"featured_media":1632,"comment_status":"closed","ping_status":"closed","sticky":false,"template":"","format":"standard","meta":{"footnotes":""},"categories":[2],"tags":[38],"class_list":["post-1893","post","type-post","status-publish","format-standard","has-post-thumbnail","hentry","category-z-regionu","tag-letorosty"],"_links":{"self":[{"href":"https:\/\/jirioberfalzer.cz\/index.php?rest_route=\/wp\/v2\/posts\/1893","targetHints":{"allow":["GET"]}}],"collection":[{"href":"https:\/\/jirioberfalzer.cz\/index.php?rest_route=\/wp\/v2\/posts"}],"about":[{"href":"https:\/\/jirioberfalzer.cz\/index.php?rest_route=\/wp\/v2\/types\/post"}],"author":[{"embeddable":true,"href":"https:\/\/jirioberfalzer.cz\/index.php?rest_route=\/wp\/v2\/users\/1"}],"replies":[{"embeddable":true,"href":"https:\/\/jirioberfalzer.cz\/index.php?rest_route=%2Fwp%2Fv2%2Fcomments&post=1893"}],"version-history":[{"count":1,"href":"https:\/\/jirioberfalzer.cz\/index.php?rest_route=\/wp\/v2\/posts\/1893\/revisions"}],"predecessor-version":[{"id":1894,"href":"https:\/\/jirioberfalzer.cz\/index.php?rest_route=\/wp\/v2\/posts\/1893\/revisions\/1894"}],"wp:featuredmedia":[{"embeddable":true,"href":"https:\/\/jirioberfalzer.cz\/index.php?rest_route=\/wp\/v2\/media\/1632"}],"wp:attachment":[{"href":"https:\/\/jirioberfalzer.cz\/index.php?rest_route=%2Fwp%2Fv2%2Fmedia&parent=1893"}],"wp:term":[{"taxonomy":"category","embeddable":true,"href":"https:\/\/jirioberfalzer.cz\/index.php?rest_route=%2Fwp%2Fv2%2Fcategories&post=1893"},{"taxonomy":"post_tag","embeddable":true,"href":"https:\/\/jirioberfalzer.cz\/index.php?rest_route=%2Fwp%2Fv2%2Ftags&post=1893"}],"curies":[{"name":"wp","href":"https:\/\/api.w.org\/{rel}","templated":true}]}}