{"id":1888,"date":"2012-07-13T04:01:08","date_gmt":"2012-07-13T03:01:08","guid":{"rendered":"http:\/\/jirioberfalzer.cz\/?p=1888"},"modified":"2018-09-07T04:03:58","modified_gmt":"2018-09-07T03:03:58","slug":"hlasnotrebansti-ucti-sve-davne-predky","status":"publish","type":"post","link":"https:\/\/jirioberfalzer.cz\/?p=1888","title":{"rendered":"Hl\u00e1snot\u0159eba\u0148\u0161t\u00ed uct\u00ed sv\u00e9 d\u00e1vn\u00e9 p\u0159edky"},"content":{"rendered":"<p style=\"text-align: justify;\"><img loading=\"lazy\" decoding=\"async\" class=\"aligncenter size-full wp-image-1889\" src=\"https:\/\/jirioberfalzer.cz\/wp-content\/uploads\/2018\/09\/872-274563.jpg\" alt=\"\" width=\"463\" height=\"347\" srcset=\"https:\/\/jirioberfalzer.cz\/wp-content\/uploads\/2018\/09\/872-274563.jpg 463w, https:\/\/jirioberfalzer.cz\/wp-content\/uploads\/2018\/09\/872-274563-300x225.jpg 300w\" sizes=\"auto, (max-width: 463px) 100vw, 463px\" \/><strong>Osm\u00e9 SLAVNOSTI TRUBA\u010c\u016e se budou konat v sobotu 21. \u010dervence na n\u00e1vsi v Hl\u00e1sn\u00e9 T\u0159ebani u Berouna. Vrcholem oslav po\u0159\u00e1dan\u00fdch na po\u010dest d\u00e1vn\u00fdch obyvatel obce, kte\u0159\u00ed vykon\u00e1vali na hrad\u011b Karl\u0161tejn\u011b str\u00e1\u017en\u00ed slu\u017ebu a ohla\u0161ovali trouben\u00edm bl\u00ed\u017e\u00edc\u00ed se nebezpe\u010d\u00ed, bude vystoupen\u00ed prvn\u00ed d\u00e1my \u010desk\u00e9 country hudby V\u011bry MARTINOV\u00c9.\u00a0<\/strong><\/p>\n<p style=\"text-align: justify;\">Program Slavost\u00ed truba\u010d\u016f je jako ka\u017edoro\u010dn\u011b rozd\u011blen do dvou \u010d\u00e1st\u00ed. V t\u00e9 prvn\u00ed se p\u0159edstav\u00ed Karl\u0161tejn\u0161t\u00ed pozoun\u00e9\u0159i, dobov\u00fd kolorit podtrhne vystoupen\u00ed kejkl\u00ed\u0159e, historick\u00e9 hudby, p\u011bveck\u00e9ho sboru, b\u0159i\u010dn\u00edch tane\u010dnic \u010di \u0161erm\u00ed\u0159\u016f. Div\u00e1ci se do\u010dkaj\u00ed tak\u00e9 p\u0159\u00edjezdu c\u00edsa\u0159e Karla IV., jeho choti Eli\u0161ky, arcibiskupa Arno\u0161ta z Pardubic a karl\u0161tejnsk\u00e9ho purkrab\u00edho.<\/p>\n<p style=\"text-align: justify;\">Leitmotivem druh\u00e9 \u010d\u00e1sti programu je <strong>sout\u011b\u017e p\u0159\u00edchoz\u00edch o nejlep\u0161\u00edho zp\u011bv\u00e1ka zn\u00e1m\u00e9 p\u00edsni\u010dky Hl\u00e1sn\u00e1 T\u0159eba\u0148 je kr\u00e1sn\u00e1<\/strong>. Sout\u011b\u017e\u00edc\u00ed bude doprov\u00e1zet staropra\u017esk\u00e1 kapela T\u0159ehusk. Krom\u011b n\u00ed zahraje tak\u00e9 country skupina Sp\u0159\u00e1hlo. Zlat\u00fdm h\u0159ebem odpoledne bude vystoupen\u00ed V\u011bry Martinov\u00e9, kter\u00e1 zap\u011bje sv\u00e9 nejv\u011bt\u0161\u00ed hity. Prvn\u00ed d\u00e1ma \u010desk\u00e9 country muziky tak\u00e9 stane v \u010dele poroty, kter\u00e1 vybere nejlep\u0161\u00edho interpreta v\u00fd\u0161e zm\u00edn\u011bn\u00e9 skladby Hl\u00e1sn\u00e1 T\u0159eba\u0148 je kr\u00e1sn\u00e1. <strong>Dal\u0161\u00edmi porotci budou sen\u00e1tor Ji\u0159\u00ed Oberfalzer, kter\u00fd v historick\u00e9 \u010d\u00e1sti programu ztv\u00e1rn\u00ed Arno\u0161ta z Pardubic<\/strong>, hl\u00e1snot\u0159eba\u0148sk\u00fd rycht\u00e1\u0159 Vnislav Konvalinka \u010di n\u011bkdej\u0161\u00ed hv\u011bzda Hudebn\u00edho divadla v Karl\u00edn\u011b Karel Bl\u00e1ha.\u00a0P\u0159ipraveno bude tak\u00e9 ob\u010derstven\u00ed a mal\u00fd stylov\u00fd jarmark.<\/p>\n<p style=\"text-align: justify;\">(S pou\u017eit\u00edm <em>Na\u0161ich novin)<\/em><\/p>\n","protected":false},"excerpt":{"rendered":"<p>Osm\u00e9 SLAVNOSTI TRUBA\u010c\u016e se budou konat v sobotu 21. \u010dervence na n\u00e1vsi v Hl\u00e1sn\u00e9 T\u0159ebani u Berouna. Vrcholem oslav po\u0159\u00e1dan\u00fdch na po\u010dest d\u00e1vn\u00fdch obyvatel obce, kte\u0159\u00ed vykon\u00e1vali na hrad\u011b Karl\u0161tejn\u011b str\u00e1\u017en\u00ed slu\u017ebu a ohla\u0161ovali trouben\u00edm bl\u00ed\u017e\u00edc\u00ed se nebezpe\u010d\u00ed, bude vystoupen\u00ed prvn\u00ed d\u00e1my \u010desk\u00e9 country hudby V\u011bry MARTINOV\u00c9. <\/p>\n","protected":false},"author":1,"featured_media":1889,"comment_status":"closed","ping_status":"closed","sticky":false,"template":"","format":"standard","meta":{"footnotes":""},"categories":[2],"tags":[],"class_list":["post-1888","post","type-post","status-publish","format-standard","has-post-thumbnail","hentry","category-z-regionu"],"_links":{"self":[{"href":"https:\/\/jirioberfalzer.cz\/index.php?rest_route=\/wp\/v2\/posts\/1888","targetHints":{"allow":["GET"]}}],"collection":[{"href":"https:\/\/jirioberfalzer.cz\/index.php?rest_route=\/wp\/v2\/posts"}],"about":[{"href":"https:\/\/jirioberfalzer.cz\/index.php?rest_route=\/wp\/v2\/types\/post"}],"author":[{"embeddable":true,"href":"https:\/\/jirioberfalzer.cz\/index.php?rest_route=\/wp\/v2\/users\/1"}],"replies":[{"embeddable":true,"href":"https:\/\/jirioberfalzer.cz\/index.php?rest_route=%2Fwp%2Fv2%2Fcomments&post=1888"}],"version-history":[{"count":1,"href":"https:\/\/jirioberfalzer.cz\/index.php?rest_route=\/wp\/v2\/posts\/1888\/revisions"}],"predecessor-version":[{"id":1890,"href":"https:\/\/jirioberfalzer.cz\/index.php?rest_route=\/wp\/v2\/posts\/1888\/revisions\/1890"}],"wp:featuredmedia":[{"embeddable":true,"href":"https:\/\/jirioberfalzer.cz\/index.php?rest_route=\/wp\/v2\/media\/1889"}],"wp:attachment":[{"href":"https:\/\/jirioberfalzer.cz\/index.php?rest_route=%2Fwp%2Fv2%2Fmedia&parent=1888"}],"wp:term":[{"taxonomy":"category","embeddable":true,"href":"https:\/\/jirioberfalzer.cz\/index.php?rest_route=%2Fwp%2Fv2%2Fcategories&post=1888"},{"taxonomy":"post_tag","embeddable":true,"href":"https:\/\/jirioberfalzer.cz\/index.php?rest_route=%2Fwp%2Fv2%2Ftags&post=1888"}],"curies":[{"name":"wp","href":"https:\/\/api.w.org\/{rel}","templated":true}]}}