{"id":1878,"date":"2012-04-27T04:47:18","date_gmt":"2012-04-27T03:47:18","guid":{"rendered":"http:\/\/jirioberfalzer.cz\/?p=1878"},"modified":"2018-11-06T15:04:04","modified_gmt":"2018-11-06T14:04:04","slug":"prezidentsti-kandidati-se-budou-prezentovat-jen-na-verejnopravnich-kanalech","status":"publish","type":"post","link":"https:\/\/jirioberfalzer.cz\/?p=1878","title":{"rendered":"Prezident\u0161t\u00ed kandid\u00e1ti se budou prezentovat jen na ve\u0159ejnopr\u00e1vn\u00edch kan\u00e1lech"},"content":{"rendered":"<div id=\"attachment_1645\" style=\"width: 810px\" class=\"wp-caption aligncenter\"><img loading=\"lazy\" decoding=\"async\" aria-describedby=\"caption-attachment-1645\" class=\"size-full wp-image-1645\" src=\"https:\/\/jirioberfalzer.cz\/wp-content\/uploads\/2018\/08\/oberfalzer-neform\u00e1ln\u00ed_compressed.jpg\" alt=\"\" width=\"800\" height=\"600\" srcset=\"https:\/\/jirioberfalzer.cz\/wp-content\/uploads\/2018\/08\/oberfalzer-neform\u00e1ln\u00ed_compressed.jpg 800w, https:\/\/jirioberfalzer.cz\/wp-content\/uploads\/2018\/08\/oberfalzer-neform\u00e1ln\u00ed_compressed-300x225.jpg 300w, https:\/\/jirioberfalzer.cz\/wp-content\/uploads\/2018\/08\/oberfalzer-neform\u00e1ln\u00ed_compressed-768x576.jpg 768w\" sizes=\"auto, (max-width: 800px) 100vw, 800px\" \/><p id=\"caption-attachment-1645\" class=\"wp-caption-text\">oberfalzer-neform\u00e1ln\u00ed_<\/p><\/div>\n<p style=\"text-align: justify;\"><strong>Z\u00e1kaz politick\u00e9 propagace v komer\u010dn\u00edch m\u00e9di\u00edch Sen\u00e1t asi navrhne roz\u0161\u00ed\u0159it i na prezidentsk\u00e9 kandid\u00e1ty. Po\u010d\u00edt\u00e1 s t\u00edm novela z\u00e1kona o rozhlasov\u00e9m a televizn\u00edm vys\u00edl\u00e1n\u00ed, kterou p\u0159edlo\u017eil Ji\u0159\u00ed Oberfalzer a dal\u0161\u00ed sen\u00e1to\u0159i ODS kv\u016fli zaveden\u00ed p\u0159\u00edm\u00e9 volby hlavy st\u00e1tu.<\/strong><\/p>\n<p style=\"text-align: justify;\">Horn\u00ed komora ve \u010dtvrtek v prvn\u00edm kole p\u0159edlohu podpo\u0159ila. P\u0159ed dal\u0161\u00edm schvalov\u00e1n\u00edm novelu projedn\u00e1 sen\u00e1tn\u00ed kulturn\u00ed v\u00fdbor a medi\u00e1ln\u00ed komise.<\/p>\n<p>C\u00edlem novely je vytvo\u0159it rovn\u00e9 podm\u00ednky pro prezidentsk\u00e9 kandid\u00e1ty, uvedl <strong>p\u0159edseda sen\u00e1tn\u00ed medi\u00e1ln\u00ed komise Ji\u0159\u00ed Oberfalzer <\/strong>(ODS). \u201eV komer\u010dn\u00edch m\u00e9di\u00edch by rozhodovaly finance, a pak by mohl v\u00edt\u011bzit kandid\u00e1t, kter\u00fd m\u00e1 nejv\u00edce prost\u0159edk\u016f, co\u017e by neprosp\u011blo demokracii v t\u00e9to republice,&#8220; prohl\u00e1sil.<\/p>\n<p>Sen\u00e1tor p\u0159ipomenul, \u017ee uchaze\u010di o prezidentsk\u00fd \u00fa\u0159ad budou m\u00edt ze z\u00e1kona vymezen v dob\u011b p\u0159ed volbami rovn\u00fdm d\u00edlem \u010das ve ve\u0159ejnopr\u00e1vn\u00edch m\u00e9di\u00edch. Stanovit to m\u00e1 prov\u00e1d\u011bc\u00ed z\u00e1kon k p\u0159\u00edm\u00e9 volb\u011b prezidenta, kter\u00fd teprve projedn\u00e1v\u00e1 Poslaneck\u00e1 sn\u011bmovna.<\/p>\n<p>Platn\u00fd z\u00e1kon stanov\u00ed, \u017ee provozovatel\u00e9 m\u00e9di\u00ed nesm\u00ed vys\u00edlat \u201eobchodn\u00ed sd\u011blen\u00ed politick\u00fdch stran a hnut\u00ed a obchodn\u00ed sd\u011blen\u00ed nez\u00e1visl\u00fdch kandid\u00e1t\u016f na poslance, sen\u00e1tory nebo \u010dleny zastupitelstva \u00fazemn\u00edho samospr\u00e1vn\u00e9ho celku, pokud zvl\u00e1\u0161tn\u00ed z\u00e1kon nestanov\u00ed jinak&#8220;. Podle novely by do tohoto v\u00fd\u010dtu m\u011bli nov\u011b p\u0159ib\u00fdt kandid\u00e1ti na prezidenta.<\/p>\n<p>Zdroj: denik.cz<\/p>\n","protected":false},"excerpt":{"rendered":"<p>Z\u00e1kaz politick\u00e9 propagace v komer\u010dn\u00edch m\u00e9di\u00edch Sen\u00e1t asi navrhne roz\u0161\u00ed\u0159it i na prezidentsk\u00e9 kandid\u00e1ty. Po\u010d\u00edt\u00e1 s t\u00edm novela z\u00e1kona o rozhlasov\u00e9m a televizn\u00edm vys\u00edl\u00e1n\u00ed, kterou p\u0159edlo\u017eil Ji\u0159\u00ed Oberfalzer a dal\u0161\u00ed sen\u00e1to\u0159i ODS kv\u016fli zaveden\u00ed p\u0159\u00edm\u00e9 volby hlavy st\u00e1tu.<\/p>\n","protected":false},"author":1,"featured_media":1645,"comment_status":"closed","ping_status":"closed","sticky":false,"template":"","format":"standard","meta":{"footnotes":""},"categories":[16],"tags":[],"class_list":["post-1878","post","type-post","status-publish","format-standard","has-post-thumbnail","hentry","category-ze-senatu"],"_links":{"self":[{"href":"https:\/\/jirioberfalzer.cz\/index.php?rest_route=\/wp\/v2\/posts\/1878","targetHints":{"allow":["GET"]}}],"collection":[{"href":"https:\/\/jirioberfalzer.cz\/index.php?rest_route=\/wp\/v2\/posts"}],"about":[{"href":"https:\/\/jirioberfalzer.cz\/index.php?rest_route=\/wp\/v2\/types\/post"}],"author":[{"embeddable":true,"href":"https:\/\/jirioberfalzer.cz\/index.php?rest_route=\/wp\/v2\/users\/1"}],"replies":[{"embeddable":true,"href":"https:\/\/jirioberfalzer.cz\/index.php?rest_route=%2Fwp%2Fv2%2Fcomments&post=1878"}],"version-history":[{"count":1,"href":"https:\/\/jirioberfalzer.cz\/index.php?rest_route=\/wp\/v2\/posts\/1878\/revisions"}],"predecessor-version":[{"id":1879,"href":"https:\/\/jirioberfalzer.cz\/index.php?rest_route=\/wp\/v2\/posts\/1878\/revisions\/1879"}],"wp:featuredmedia":[{"embeddable":true,"href":"https:\/\/jirioberfalzer.cz\/index.php?rest_route=\/wp\/v2\/media\/1645"}],"wp:attachment":[{"href":"https:\/\/jirioberfalzer.cz\/index.php?rest_route=%2Fwp%2Fv2%2Fmedia&parent=1878"}],"wp:term":[{"taxonomy":"category","embeddable":true,"href":"https:\/\/jirioberfalzer.cz\/index.php?rest_route=%2Fwp%2Fv2%2Fcategories&post=1878"},{"taxonomy":"post_tag","embeddable":true,"href":"https:\/\/jirioberfalzer.cz\/index.php?rest_route=%2Fwp%2Fv2%2Ftags&post=1878"}],"curies":[{"name":"wp","href":"https:\/\/api.w.org\/{rel}","templated":true}]}}