{"id":1876,"date":"2012-04-12T04:43:55","date_gmt":"2012-04-12T03:43:55","guid":{"rendered":"http:\/\/jirioberfalzer.cz\/?p=1876"},"modified":"2018-10-15T19:50:28","modified_gmt":"2018-10-15T18:50:28","slug":"beroun-boj-proti-bridlicovemu-plynu","status":"publish","type":"post","link":"https:\/\/jirioberfalzer.cz\/?p=1876","title":{"rendered":"Beroun: Boj proti b\u0159idlicov\u00e9mu plynu"},"content":{"rendered":"<p style=\"text-align: justify;\"><strong><img loading=\"lazy\" decoding=\"async\" class=\"aligncenter size-full wp-image-2031\" src=\"https:\/\/jirioberfalzer.cz\/wp-content\/uploads\/2018\/10\/Oberfalzer-portr\u00e9t2_compressed.jpg\" alt=\"\" width=\"900\" height=\"600\" srcset=\"https:\/\/jirioberfalzer.cz\/wp-content\/uploads\/2018\/10\/Oberfalzer-portr\u00e9t2_compressed.jpg 900w, https:\/\/jirioberfalzer.cz\/wp-content\/uploads\/2018\/10\/Oberfalzer-portr\u00e9t2_compressed-300x200.jpg 300w, https:\/\/jirioberfalzer.cz\/wp-content\/uploads\/2018\/10\/Oberfalzer-portr\u00e9t2_compressed-768x512.jpg 768w\" sizes=\"auto, (max-width: 900px) 100vw, 900px\" \/>Prvn\u00ed ve\u0159ejn\u00e1 beseda na Berounsku na t\u00e9ma zam\u00fd\u0161len\u00fd pr\u016fzkum na b\u0159idlicov\u00fd plyn prob\u011bhne v pond\u011bl\u00ed 16. dubna.\u00a0 <\/strong><\/p>\n<p style=\"text-align: justify;\">Od 18 hodin v s\u00e1le \u010cesk\u00e9 poji\u0161\u0165ovny se \u00fa\u010dastn\u00edci dozv\u00ed o jeho dopadech na \u017eivotn\u00ed prost\u0159ed\u00ed \u010di zdrav\u00ed lid\u00ed. Akci iniciuje peti\u010dn\u00ed v\u00fdbor STOP HF \u2013 \u010cesk\u00fd kras ve spolupr\u00e1ci s M\u011bstsk\u00fdm \u00fa\u0159adem Beroun. St\u0159edo\u010desk\u00fdm novink\u00e1m to sd\u011blila mluv\u010d\u00ed berounsk\u00e9 radnice Pavla \u0160v\u00e9dov\u00e1.<\/p>\n<p style=\"text-align: justify;\">Jak prozradila, besedy se z\u00fa\u010dastn\u00ed odborn\u00edci, kte\u0159\u00ed ji\u017e na stejn\u00e9 t\u00e9ma diskutovali se starosty dot\u010den\u00fdch obc\u00ed, Ji\u0159\u00ed Mal\u00edk z Koalice STOP HF, kter\u00fd p\u0159edstav\u00ed celou kauzu a sezn\u00e1m\u00ed p\u0159\u00edtomn\u00e9 s novinkami. P\u0159\u00edtomen bude <strong>sen\u00e1tor Ji\u0159\u00ed Oberfalzer<\/strong>, kter\u00fd vyj\u00e1d\u0159il podporu petici STOP HF \u010cesk\u00fd kras a p\u0159isl\u00edbil pomoc, \u010di starostka Berouna \u0160\u00e1rka Endrlov\u00e1. Ta iniciovala u\u017e dv\u011b setk\u00e1n\u00ed starost\u016f obc\u00ed, kter\u00e9 byly za\u010dlen\u011bny do pr\u016fzkumn\u00e9ho \u00fazem\u00ed Berounka. Pozv\u00e1n\u00ed obdr\u017eeli i v\u0161ichni starostov\u00e9 dot\u010den\u00fdch obc\u00ed.<\/p>\n<p style=\"text-align: justify;\"><em>\u201eJe\u0161t\u011b nen\u00ed vyhr\u00e1no. D\u00e1l pokra\u010duje peti\u010dn\u00ed akce, d\u00e1l sb\u00edr\u00e1me podpisy, d\u00e1l pokra\u010duje n\u00e1\u0161 nesouhlas s pr\u016fzkumem<\/em>,\u201c uvedla Endrlov\u00e1, kter\u00e1 se v pond\u011bl\u00ed 16. dubna dopoledne nav\u00edc z\u00fa\u010dastn\u00ed je\u0161t\u011b on-line rozhovoru Berounsk\u00e9ho den\u00edku. T\u00e9matem op\u011bt bude nesouhlas obc\u00ed s pr\u016fzkumem. \u201e<em>Lid\u00e9 mohou zas\u00edlat sv\u00e9 dotazy do Berounsk\u00e9ho den\u00edku. Zodpov\u00edme je prost\u0159ednictv\u00edm on-line rozhovoru, nebo b\u011bhem podve\u010dern\u00ed debaty,<\/em>\u201c dodala Endrlov\u00e1.<\/p>\n<p style=\"text-align: justify;\">Na besed\u011b budou rovn\u011b\u017e k dispozici peti\u010dn\u00ed archy, kter\u00e9 bude mo\u017en\u00e9 na m\u00edst\u011b podepsat. &#8222;<em>Na v\u00edce ne\u017e dvaceti m\u00edstech v Beroun\u011b a okoln\u00edch obc\u00edch se podepisuj\u00ed petice proti pr\u016fzkumu na b\u0159idlicov\u00fd plyn. Peti\u010dn\u00ed v\u00fdbor STOP HF \u010cesk\u00fd kras chce koncem tohoto t\u00fddne ud\u011blat mezisou\u010det dosud nasb\u00edran\u00fdch podpis\u016f<\/em>,&#8220; p\u0159ipomn\u011bla mluv\u010d\u00ed.<\/p>\n<p style=\"text-align: justify;\">\u201e<em>Vyz\u00fdv\u00e1me proto v\u0161echny, kdo podpisy pod petice sb\u00edraj\u00ed, a\u0165 u\u017e jednotlivce, instituce, \u00fa\u0159ady, \u0161koly \u010di soukrom\u00e9 firmy, aby n\u00e1m odevzdali dosud podepsan\u00e9 archy. A to do p\u00e1tku 13. dubna do 14:00 na podatelnu M\u011b\u00da v Beroun\u011b<\/em>,\u201c uvedla z\u00e1stupkyn\u011b peti\u010dn\u00edho v\u00fdboru Marcela Bergerov\u00e1.<\/p>\n<p style=\"text-align: justify;\">Podle jej\u00edch slov je c\u00edlem zjistit, kolik podpis\u016f se dosud na Berounsku poda\u0159ilo nashrom\u00e1\u017edit. Bergerov\u00e1 sou\u010dasn\u011b upozornila, \u017ee t\u00edm podpisov\u00e1 akce nekon\u010d\u00ed. Lid\u00e9 mohou d\u00e1l p\u0159id\u00e1vat sv\u00e9 podpisy pod petice, a to minim\u00e1ln\u011b a\u017e do konce dubna.<\/p>\n<p style=\"text-align: justify;\">Jak p\u0159ipomn\u011bla mluv\u010d\u00ed \u0160v\u00e9dov\u00e1, petice se podepisuj\u00ed dv\u011b: STOP HF \u010cesk\u00fd kras, kter\u00e1 nesouhlas\u00ed se z\u00e1m\u011brem firmy Basgas Energia Czech, s.r.o. prov\u00e9st pr\u016fzkum mo\u017en\u00e9ho v\u00fdskytu kapaln\u00fdch a plynn\u00fdch uhlovod\u00edk\u016f v pr\u016fzkumn\u00e9m \u00fazem\u00ed Berounka v okrese Beroun.<\/p>\n<p style=\"text-align: justify;\">&#8222;<em>Druh\u00e1 petice, pod kterou se sb\u00edraj\u00ed rovn\u011b\u017e podpisy, je STOP HF, kter\u00e1 po\u017eaduje aby byla v\u00fd\u0161e jmenovan\u00e1 metoda pr\u016fzkumu postavena zcela mimo z\u00e1kon na \u00fazem\u00ed cel\u00e9 \u010cesk\u00e9 republiky. V p\u0159\u00edpad\u011b druh\u00e9 petice je ji\u017e nasb\u00edr\u00e1no kolem 9000 podpis\u016f<\/em>,&#8220; dodala mluv\u010d\u00ed radnice.<\/p>\n<p style=\"text-align: justify;\">\u201e<em>Ide\u00e1ln\u00ed by bylo, pokud by lid\u00e9 podepisovali ob\u011b petice najednou a na ka\u017ed\u00e9 bylo kolem deseti tis\u00edc podpis\u016f<\/em>,\u201c doplnila Bergerov\u00e1. Pak se toti\u017e peticemi mus\u00ed zab\u00fdvat sen\u00e1tn\u00ed peti\u010dn\u00ed v\u00fdbor a n\u00e1sledn\u011b je projednat na sv\u00e9m ve\u0159ejn\u00e9m zased\u00e1n\u00ed vl\u00e1da.<\/p>\n<p style=\"text-align: justify;\">(zdroj: prvnizpravy.cz)<\/p>\n","protected":false},"excerpt":{"rendered":"<p>Prvn\u00ed ve\u0159ejn\u00e1 beseda na Berounsku na t\u00e9ma zam\u00fd\u0161len\u00fd pr\u016fzkum na b\u0159idlicov\u00fd plyn prob\u011bhne v pond\u011bl\u00ed 16. dubna.  <\/p>\n","protected":false},"author":1,"featured_media":2031,"comment_status":"closed","ping_status":"closed","sticky":false,"template":"","format":"standard","meta":{"footnotes":""},"categories":[2],"tags":[],"class_list":["post-1876","post","type-post","status-publish","format-standard","has-post-thumbnail","hentry","category-z-regionu"],"_links":{"self":[{"href":"https:\/\/jirioberfalzer.cz\/index.php?rest_route=\/wp\/v2\/posts\/1876","targetHints":{"allow":["GET"]}}],"collection":[{"href":"https:\/\/jirioberfalzer.cz\/index.php?rest_route=\/wp\/v2\/posts"}],"about":[{"href":"https:\/\/jirioberfalzer.cz\/index.php?rest_route=\/wp\/v2\/types\/post"}],"author":[{"embeddable":true,"href":"https:\/\/jirioberfalzer.cz\/index.php?rest_route=\/wp\/v2\/users\/1"}],"replies":[{"embeddable":true,"href":"https:\/\/jirioberfalzer.cz\/index.php?rest_route=%2Fwp%2Fv2%2Fcomments&post=1876"}],"version-history":[{"count":2,"href":"https:\/\/jirioberfalzer.cz\/index.php?rest_route=\/wp\/v2\/posts\/1876\/revisions"}],"predecessor-version":[{"id":2046,"href":"https:\/\/jirioberfalzer.cz\/index.php?rest_route=\/wp\/v2\/posts\/1876\/revisions\/2046"}],"wp:featuredmedia":[{"embeddable":true,"href":"https:\/\/jirioberfalzer.cz\/index.php?rest_route=\/wp\/v2\/media\/2031"}],"wp:attachment":[{"href":"https:\/\/jirioberfalzer.cz\/index.php?rest_route=%2Fwp%2Fv2%2Fmedia&parent=1876"}],"wp:term":[{"taxonomy":"category","embeddable":true,"href":"https:\/\/jirioberfalzer.cz\/index.php?rest_route=%2Fwp%2Fv2%2Fcategories&post=1876"},{"taxonomy":"post_tag","embeddable":true,"href":"https:\/\/jirioberfalzer.cz\/index.php?rest_route=%2Fwp%2Fv2%2Ftags&post=1876"}],"curies":[{"name":"wp","href":"https:\/\/api.w.org\/{rel}","templated":true}]}}