{"id":1873,"date":"2012-04-03T04:39:45","date_gmt":"2012-04-03T03:39:45","guid":{"rendered":"http:\/\/jirioberfalzer.cz\/?p=1873"},"modified":"2018-11-06T15:03:40","modified_gmt":"2018-11-06T14:03:40","slug":"jesenicky-jarni-petrklic-slavil-ctvrtstoleti","status":"publish","type":"post","link":"https:\/\/jirioberfalzer.cz\/?p=1873","title":{"rendered":"Jesenick\u00fd Jarn\u00ed petrkl\u00ed\u010d slavil \u010dtvrtstolet\u00ed"},"content":{"rendered":"<p class=\"MsoNormal\" style=\"text-align: justify;\"><strong><img loading=\"lazy\" decoding=\"async\" class=\"aligncenter size-full wp-image-1874\" src=\"https:\/\/jirioberfalzer.cz\/wp-content\/uploads\/2018\/09\/741-735-p3225068.jpg\" alt=\"\" width=\"170\" height=\"128\" \/>Stalo se to jakousi milou tradic\u00ed, \u017ee se z\u00fa\u010dast\u0148uji Hudebn\u00ed sout\u011b\u017en\u00ed p\u0159ehl\u00eddky ve Fakultn\u00ed jesenick\u00e9 \u0161kole.\u00a0 Dod\u00e1 mi to v\u017edycky takovou tu pravou velikono\u010dn\u011b jarn\u00ed n\u00e1ladu. Jak jsem se dozv\u011bd\u011bl letos, je tento ro\u010dn\u00edk sout\u011b\u017ee, kterou na sv\u011bt p\u0159ivedl p\u0159edev\u0161\u00edm sou\u010dasn\u00fd \u0159editel Fakultn\u00ed jesenick\u00e9 \u0161koly a z\u00e1rove\u0148 tak\u00e9 \u0159editel tohoto festivalu Mgr. Josef Buchal, ji\u017e 25.!<\/strong><\/p>\n<p class=\"MsoNormal\" style=\"text-align: justify;\">\u201ePetrkl\u00ed\u010d\u201c se stal trvalkou a realizuje tak chv\u00e1lyhodnou prvotn\u00ed my\u0161lenku d\u00e1t mo\u017enost zahr\u00e1t, zazp\u00edvat, zkr\u00e1tka zamuzic\u00edrovat si p\u0159edev\u0161\u00edm pro pot\u011b\u0161en\u00ed z\u00a0hudby sam\u00e9. Ka\u017ed\u00fd rok (v Jesenici \u010dtvrt\u00fdm rokem) se tak setk\u00e1vaj\u00ed celkem v\u00a0\u0161esti kategori\u00edch mlad\u00ed hudebn\u00edci a zp\u011bv\u00e1ci, aby se pod\u011blili o tuto radost z\u00a0hudebn\u00edho projevu a z\u00e1rove\u0148 trochu porovnali, \u201ejak\u017ee to d\u011blaj\u00ed jinde\u201c. Dv\u011b odborn\u00e9 poroty to v\u016fbec nemaj\u00ed lehk\u00e9, proto\u017ee ohodnotit, z\u016fstat nestrann\u00fdm, spravedliv\u00fdm, objektivn\u00edm a rozhodnout o tom nejlep\u0161\u00edm mezi tolika vyrovnan\u00fdmi a mnohdy excelentn\u00edmi v\u00fdkony je \u00fakol nez\u00e1vid\u011bn\u00edhodn\u00fd. Vedle zlat\u00fdch, st\u0159\u00edbrn\u00fdch a bronzov\u00fdch stuh byli talentovan\u00ed muzikanti a p\u011bvci v\u00a0r\u016fzn\u00fdch kategori\u00edch ocen\u011bni tak\u00e9 speci\u00e1ln\u00edmi cenami, kde nechyb\u011bla ani \u201eCena sen\u00e1tora Parlamentu \u010cR Ji\u0159\u00edho Oberfalzera\u201c (z\u00edskalo ji <strong style=\"mso-bidi-font-weight: normal;\">dud\u00e1ck\u00e9<\/strong> <strong style=\"mso-bidi-font-weight: normal;\">duo sourozenc\u016f Jakuba a Marie Dost\u00e1lov\u00fdch<\/strong>). Ur\u010dit\u011b se pod\u00edvejte do fotogalerie!<\/p>\n<p class=\"MsoNormal\">(S\u00a0pou\u017eit\u00edm textu od pan\u00ed u\u010ditelky Bla\u017eeny Lvov\u00e9 z\u00a0FJS)<\/p>\n","protected":false},"excerpt":{"rendered":"<p>Stalo se to jakousi milou tradic\u00ed, \u017ee se z\u00fa\u010dast\u0148uji Hudebn\u00ed sout\u011b\u017en\u00ed p\u0159ehl\u00eddky ve Fakultn\u00ed jesenick\u00e9 \u0161kole.  Dod\u00e1 mi to v\u017edycky takovou tu pravou velikono\u010dn\u011b jarn\u00ed n\u00e1ladu. <\/p>\n","protected":false},"author":1,"featured_media":1874,"comment_status":"closed","ping_status":"closed","sticky":false,"template":"","format":"standard","meta":{"footnotes":""},"categories":[2],"tags":[48],"class_list":["post-1873","post","type-post","status-publish","format-standard","has-post-thumbnail","hentry","category-z-regionu","tag-petrklic"],"_links":{"self":[{"href":"https:\/\/jirioberfalzer.cz\/index.php?rest_route=\/wp\/v2\/posts\/1873","targetHints":{"allow":["GET"]}}],"collection":[{"href":"https:\/\/jirioberfalzer.cz\/index.php?rest_route=\/wp\/v2\/posts"}],"about":[{"href":"https:\/\/jirioberfalzer.cz\/index.php?rest_route=\/wp\/v2\/types\/post"}],"author":[{"embeddable":true,"href":"https:\/\/jirioberfalzer.cz\/index.php?rest_route=\/wp\/v2\/users\/1"}],"replies":[{"embeddable":true,"href":"https:\/\/jirioberfalzer.cz\/index.php?rest_route=%2Fwp%2Fv2%2Fcomments&post=1873"}],"version-history":[{"count":1,"href":"https:\/\/jirioberfalzer.cz\/index.php?rest_route=\/wp\/v2\/posts\/1873\/revisions"}],"predecessor-version":[{"id":1875,"href":"https:\/\/jirioberfalzer.cz\/index.php?rest_route=\/wp\/v2\/posts\/1873\/revisions\/1875"}],"wp:featuredmedia":[{"embeddable":true,"href":"https:\/\/jirioberfalzer.cz\/index.php?rest_route=\/wp\/v2\/media\/1874"}],"wp:attachment":[{"href":"https:\/\/jirioberfalzer.cz\/index.php?rest_route=%2Fwp%2Fv2%2Fmedia&parent=1873"}],"wp:term":[{"taxonomy":"category","embeddable":true,"href":"https:\/\/jirioberfalzer.cz\/index.php?rest_route=%2Fwp%2Fv2%2Fcategories&post=1873"},{"taxonomy":"post_tag","embeddable":true,"href":"https:\/\/jirioberfalzer.cz\/index.php?rest_route=%2Fwp%2Fv2%2Ftags&post=1873"}],"curies":[{"name":"wp","href":"https:\/\/api.w.org\/{rel}","templated":true}]}}