{"id":1864,"date":"2012-01-24T04:25:44","date_gmt":"2012-01-24T03:25:44","guid":{"rendered":"http:\/\/jirioberfalzer.cz\/?p=1864"},"modified":"2018-10-15T19:49:06","modified_gmt":"2018-10-15T18:49:06","slug":"media-tvori-nas-nazor","status":"publish","type":"post","link":"https:\/\/jirioberfalzer.cz\/?p=1864","title":{"rendered":"M\u00e9dia tvo\u0159\u00ed n\u00e1\u0161 n\u00e1zor"},"content":{"rendered":"<p class=\"MsoNormal\"><strong><span style=\"font-size: small;\"><span style=\"font-family: 'arial', 'helvetica', sans-serif;\"><img loading=\"lazy\" decoding=\"async\" class=\"aligncenter size-large wp-image-2030\" src=\"https:\/\/jirioberfalzer.cz\/wp-content\/uploads\/2018\/10\/Oberfalzer-portr\u00e9t1_compressed-1024x683.jpg\" alt=\"\" width=\"1024\" height=\"683\" srcset=\"https:\/\/jirioberfalzer.cz\/wp-content\/uploads\/2018\/10\/Oberfalzer-portr\u00e9t1_compressed-1024x683.jpg 1024w, https:\/\/jirioberfalzer.cz\/wp-content\/uploads\/2018\/10\/Oberfalzer-portr\u00e9t1_compressed-300x200.jpg 300w, https:\/\/jirioberfalzer.cz\/wp-content\/uploads\/2018\/10\/Oberfalzer-portr\u00e9t1_compressed-768x512.jpg 768w, https:\/\/jirioberfalzer.cz\/wp-content\/uploads\/2018\/10\/Oberfalzer-portr\u00e9t1_compressed.jpg 1417w\" sizes=\"auto, (max-width: 1024px) 100vw, 1024px\" \/>Jak m\u00e9dia vytv\u00e1\u0159ej\u00ed ve\u0159ejn\u00e9 v\u011bdom\u00ed je z\u0159ejm\u00e9 nap\u0159\u00edklad v ot\u00e1zce p\u0159\u00edm\u00e9 volby prezidenta. Je vlastnost\u00ed na\u0161eho volebn\u00edho syst\u00e9mu, \u017ee generuje plus-minus vyrovnan\u00e9 slo\u017een\u00ed parlamentu, a tak je pom\u011br sil jen m\u00e1lo odli\u0161n\u00fd od patu. Kdykoli, krom\u011b prvn\u00edch voleb V\u00e1clava Havla (1989, 1990 a 1993), prob\u00edhala volba do tohoto \u00fa\u0159adu s\u00a0obt\u00ed\u017eemi (1992 dokonce zkrachovala). V\u017edy bylo kolem volby mnoho rozruchu a znechucen\u00ed, v\u00a0posledn\u00edm p\u0159\u00edpad\u011b (2008) dokonce i skand\u00e1l\u016f. To je pravda.Ale pod\u00edvejme se na v\u00fdsledky.<\/span><\/span><\/strong><\/p>\n<p class=\"MsoNormal\"><span style=\"font-size: small;\"><span style=\"font-family: 'arial', 'helvetica', sans-serif;\">Dvakr\u00e1t byl zvolen V. Havel a dvakr\u00e1t V. Klaus. V\u00a0obou p\u0159\u00edpadech \u0161lo o kvalitn\u00ed kandid\u00e1ty a n\u00e1sledn\u011b o v\u00fdznamn\u00e9 a v\u00fdrazn\u00e9 prezidenty, kte\u0159\u00ed dok\u00e1zali na\u0161i politickou sc\u00e9nu vyva\u017eovat a usm\u011br\u0148ovat. V\u00a0p\u0159\u00ed\u0161t\u00ed volb\u011b, pokud by z\u016fstala v\u00a0rukou z\u00e1konod\u00e1rc\u016f, by nejsp\u00ed\u0161 byl zvolen kandid\u00e1t levice nebo levici bl\u00edzk\u00fd. I v\u00a0tom p\u0159\u00edpad\u011b lze o\u010dek\u00e1vat solidn\u00edho a politicky zral\u00e9ho prezidenta.<\/span><\/span><\/p>\n<p class=\"MsoNormal\"><span style=\"font-size: small;\"><span style=\"font-family: 'arial', 'helvetica', sans-serif;\">Svou vlastn\u00ed dramatizaci konflikt\u016f kolem volby vyhodnotila m\u00e9dia tak, \u017ee je nutn\u00e9 zav\u00e9st p\u0159\u00edmou volbu. Vz\u00e1p\u011bt\u00ed se tento n\u00e1zor stal po\u017eadavkem ve\u0159ejnosti, aspo\u0148 podle pr\u016fzkum\u016f, kde se agentury lid\u00ed ptaj\u00ed, zda cht\u011bj\u00ed nebo necht\u011bj\u00ed sami volit prezidenta &#8211; 80% procent je pro.<\/span><\/span><\/p>\n<p class=\"MsoNormal\"><span style=\"font-size: small;\"><span style=\"font-family: 'arial', 'helvetica', sans-serif;\">Zaj\u00edmav\u00e9 v\u0161ak je, \u017ee v\u00a0pr\u016fzkumech, kde maj\u00ed lid\u00e9 sami od sebe \u0159\u00edci, co je nejv\u00edc tr\u00e1p\u00ed a co by od politik\u016f cht\u011bli, p\u0159\u00edm\u00e1 volba prezidenta nefiguruje. Mezi obavami o pr\u00e1ci, nebo o \u017eivotn\u00ed \u00farove\u0148, o bezpe\u010dnost a zdrav\u00ed, o \u017eivotn\u00ed prost\u0159ed\u00ed <\/span><\/span> <span style=\"font-size: small;\"><span style=\"font-family: 'arial', 'helvetica', sans-serif;\">prost\u011b zp\u016fsob volby prezidenta nikdo nezm\u00edn\u00ed.<\/span><\/span><\/p>\n<p class=\"MsoNormal\"><span style=\"font-size: small;\"><span style=\"font-family: 'arial', 'helvetica', sans-serif;\">Mezi spont\u00e1nn\u00edmi po\u017eadavky ot\u00e1zka volby nefiguruje, a je tedy jasn\u011b vyvol\u00e1na m\u00e9dii. M\u00e9dia manipuluj\u00ed ve\u0159ejn\u00e9 m\u00edn\u011bn\u00ed \u010d\u00edm d\u00e1l v\u00edce. V\u00a0posledn\u00ed prezidentsk\u00e9 volb\u011b nap\u0159\u00edklad vytvo\u0159ila z\u00a0celkem pr\u016fm\u011brn\u00e9ho ekonoma Jana \u0160vejnara t\u00e9m\u011b\u0159 glob\u00e1ln\u00edho experta a b\u011bhem dvou m\u011bs\u00edc\u016f mu vygenerovala nadpolovi\u010dn\u00ed podporu ve\u0159ejnosti (z p\u016fvodn\u00edch sotva 30%). A nebylo to t\u00edm, co by kdy kde ud\u011blal, za co by se v\u00a0\u010cesk\u00e9 republice zaslou\u017eil nebo co \u0159ekl ale jen a jen t\u00edm, jak byl v\u00a0novin\u00e1ch a televizi traktov\u00e1n.<\/span><\/span><\/p>\n<p class=\"MsoNormal\"><span style=\"font-size: small;\"><span style=\"font-family: 'arial', 'helvetica', sans-serif;\">To je jedna z\u00a0v\u00e1\u017en\u00fdch obav, kter\u00e9 z\u00a0p\u0159\u00edm\u00e9 volby prezidenta m\u00e1m, \u017ee ho nebudou volit lidi, ale m\u00e9dia, a \u017ee m\u00e9dia zvol\u00ed toho koho si vyberou, anebo sp\u00ed\u0161 kdo jim v\u00edc zaplat\u00ed za svou propagaci. A pen\u00edze nem\u00e1 jen Bakala, Babi\u0161 nebo Kellner, ale tak\u00e9 \u0159ada novodob\u00fdch rusk\u00fdch oligarch\u016f.<\/span><\/span><\/p>\n<p><span style=\"font-size: small;\"><span style=\"font-family: 'arial', 'helvetica', sans-serif;\">Na pozad\u00ed takov\u00e9ho hypotetick\u00e9ho \u010dern\u00e9ho sc\u00e9n\u00e1\u0159e mi volba v\u00a0parlamentu p\u0159ijde p\u0159ece jen bezpe\u010dn\u011bj\u0161\u00ed.<\/span><\/span><\/p>\n","protected":false},"excerpt":{"rendered":"<p>Jak m\u00e9dia vytv\u00e1\u0159ej\u00ed ve\u0159ejn\u00e9 v\u011bdom\u00ed je z\u0159ejm\u00e9 nap\u0159\u00edklad v ot\u00e1zce p\u0159\u00edm\u00e9 volby prezidenta. Je vlastnost\u00ed na\u0161eho volebn\u00edho syst\u00e9mu, \u017ee generuje plus-minus vyrovnan\u00e9 slo\u017een\u00ed parlamentu, a tak je pom\u011br sil jen m\u00e1lo odli\u0161n\u00fd od patu.<\/p>\n","protected":false},"author":1,"featured_media":2030,"comment_status":"closed","ping_status":"closed","sticky":false,"template":"","format":"standard","meta":{"footnotes":""},"categories":[17],"tags":[],"class_list":["post-1864","post","type-post","status-publish","format-standard","has-post-thumbnail","hentry","category-nazory-a-rozhovory"],"_links":{"self":[{"href":"https:\/\/jirioberfalzer.cz\/index.php?rest_route=\/wp\/v2\/posts\/1864","targetHints":{"allow":["GET"]}}],"collection":[{"href":"https:\/\/jirioberfalzer.cz\/index.php?rest_route=\/wp\/v2\/posts"}],"about":[{"href":"https:\/\/jirioberfalzer.cz\/index.php?rest_route=\/wp\/v2\/types\/post"}],"author":[{"embeddable":true,"href":"https:\/\/jirioberfalzer.cz\/index.php?rest_route=\/wp\/v2\/users\/1"}],"replies":[{"embeddable":true,"href":"https:\/\/jirioberfalzer.cz\/index.php?rest_route=%2Fwp%2Fv2%2Fcomments&post=1864"}],"version-history":[{"count":2,"href":"https:\/\/jirioberfalzer.cz\/index.php?rest_route=\/wp\/v2\/posts\/1864\/revisions"}],"predecessor-version":[{"id":2045,"href":"https:\/\/jirioberfalzer.cz\/index.php?rest_route=\/wp\/v2\/posts\/1864\/revisions\/2045"}],"wp:featuredmedia":[{"embeddable":true,"href":"https:\/\/jirioberfalzer.cz\/index.php?rest_route=\/wp\/v2\/media\/2030"}],"wp:attachment":[{"href":"https:\/\/jirioberfalzer.cz\/index.php?rest_route=%2Fwp%2Fv2%2Fmedia&parent=1864"}],"wp:term":[{"taxonomy":"category","embeddable":true,"href":"https:\/\/jirioberfalzer.cz\/index.php?rest_route=%2Fwp%2Fv2%2Fcategories&post=1864"},{"taxonomy":"post_tag","embeddable":true,"href":"https:\/\/jirioberfalzer.cz\/index.php?rest_route=%2Fwp%2Fv2%2Ftags&post=1864"}],"curies":[{"name":"wp","href":"https:\/\/api.w.org\/{rel}","templated":true}]}}