{"id":1861,"date":"2011-12-21T04:19:13","date_gmt":"2011-12-21T03:19:13","guid":{"rendered":"http:\/\/jirioberfalzer.cz\/?p=1861"},"modified":"2018-11-08T09:52:37","modified_gmt":"2018-11-08T08:52:37","slug":"boj-o-pravo-na-odkaz-vaclava-havla","status":"publish","type":"post","link":"https:\/\/jirioberfalzer.cz\/?p=1861","title":{"rendered":"Boj o pr\u00e1vo na odkaz V\u00e1clava Havla?"},"content":{"rendered":"<p><img loading=\"lazy\" decoding=\"async\" class=\"aligncenter wp-image-1880 size-full\" src=\"https:\/\/jirioberfalzer.cz\/wp-content\/uploads\/2011\/12\/Oberfalzer_Havel_compressed.jpg\" alt=\"\" width=\"800\" height=\"600\" srcset=\"https:\/\/jirioberfalzer.cz\/wp-content\/uploads\/2011\/12\/Oberfalzer_Havel_compressed.jpg 800w, https:\/\/jirioberfalzer.cz\/wp-content\/uploads\/2011\/12\/Oberfalzer_Havel_compressed-300x225.jpg 300w, https:\/\/jirioberfalzer.cz\/wp-content\/uploads\/2011\/12\/Oberfalzer_Havel_compressed-768x576.jpg 768w\" sizes=\"auto, (max-width: 800px) 100vw, 800px\" \/><\/p>\n<p><strong>Parlamentn\u00ed listy.cz:<\/strong><\/p>\n<p><em>Karel Schwarzenberg uvedl, \u017ee je absurdn\u00ed, \u017ee V. Klaus re\u017e\u00edruje Havl\u016fv poh\u0159eb a \u017ee V. Havel pod Klausem dosti trp\u011bl a byl proti n\u011bmu bezbrann\u00fd. Souhlas\u00edte?<\/em><\/p>\n<p><strong>Ji\u0159\u00ed Oberfalzer:<\/strong><\/p>\n<p>Toho jsem se velmi ob\u00e1val, \u017ee vypukne n\u00e1rodn\u00ed boj o pr\u00e1vo na odkaz V\u00e1clava Havla. Nen\u00ed d\u016fle\u017eit\u00e9, kdo organizuje poh\u0159eb a posmrtn\u00e9 pocty. D\u016fle\u017eit\u00e9 je, jak se kdo ujme pozitivn\u00edho odkazu sv\u00fdmi praktick\u00fdmi skutky. Pravda nen\u00ed jen jedna a jej\u00ed up\u0159\u00edmn\u00e9 hled\u00e1n\u00ed a odvaha br\u00e1nit p\u0159esv\u011bd\u010den\u00ed o n\u00ed stoj\u00ed v\u017edy nad jej\u00edm vlastnictv\u00edm, kter\u00e9 nem\u016f\u017ee b\u00fdt nikdy jin\u00e9 ne\u017e pofid\u00e9rn\u00ed.<\/p>\n<p>Jak jsem exprezidenta Havla poznal, z lec\u010deho, co se po jeho smrti d\u011bje a bude d\u00edt, m\u011bl by up\u0159\u00edmnou legraci. Ale ur\u010dit\u011b by necht\u011bl, aby se na jeho odkazu spole\u010dnost rozd\u011blovala.<\/p>\n","protected":false},"excerpt":{"rendered":"<p>Karel Schwarzenberg uvedl, \u017ee je absurdn\u00ed, \u017ee V. Klaus re\u017e\u00edruje Havl\u016fv poh\u0159eb a \u017ee V. Havel pod Klausem dosti trp\u011bl a byl proti n\u011bmu bezbrann\u00fd. Souhlas\u00edte?<\/p>\n","protected":false},"author":1,"featured_media":1880,"comment_status":"closed","ping_status":"closed","sticky":false,"template":"","format":"standard","meta":{"footnotes":""},"categories":[17],"tags":[47],"class_list":["post-1861","post","type-post","status-publish","format-standard","has-post-thumbnail","hentry","category-nazory-a-rozhovory","tag-havel"],"_links":{"self":[{"href":"https:\/\/jirioberfalzer.cz\/index.php?rest_route=\/wp\/v2\/posts\/1861","targetHints":{"allow":["GET"]}}],"collection":[{"href":"https:\/\/jirioberfalzer.cz\/index.php?rest_route=\/wp\/v2\/posts"}],"about":[{"href":"https:\/\/jirioberfalzer.cz\/index.php?rest_route=\/wp\/v2\/types\/post"}],"author":[{"embeddable":true,"href":"https:\/\/jirioberfalzer.cz\/index.php?rest_route=\/wp\/v2\/users\/1"}],"replies":[{"embeddable":true,"href":"https:\/\/jirioberfalzer.cz\/index.php?rest_route=%2Fwp%2Fv2%2Fcomments&post=1861"}],"version-history":[{"count":3,"href":"https:\/\/jirioberfalzer.cz\/index.php?rest_route=\/wp\/v2\/posts\/1861\/revisions"}],"predecessor-version":[{"id":1882,"href":"https:\/\/jirioberfalzer.cz\/index.php?rest_route=\/wp\/v2\/posts\/1861\/revisions\/1882"}],"wp:featuredmedia":[{"embeddable":true,"href":"https:\/\/jirioberfalzer.cz\/index.php?rest_route=\/wp\/v2\/media\/1880"}],"wp:attachment":[{"href":"https:\/\/jirioberfalzer.cz\/index.php?rest_route=%2Fwp%2Fv2%2Fmedia&parent=1861"}],"wp:term":[{"taxonomy":"category","embeddable":true,"href":"https:\/\/jirioberfalzer.cz\/index.php?rest_route=%2Fwp%2Fv2%2Fcategories&post=1861"},{"taxonomy":"post_tag","embeddable":true,"href":"https:\/\/jirioberfalzer.cz\/index.php?rest_route=%2Fwp%2Fv2%2Ftags&post=1861"}],"curies":[{"name":"wp","href":"https:\/\/api.w.org\/{rel}","templated":true}]}}