{"id":1855,"date":"2011-10-20T04:09:05","date_gmt":"2011-10-20T03:09:05","guid":{"rendered":"http:\/\/jirioberfalzer.cz\/?p=1855"},"modified":"2018-11-06T15:04:24","modified_gmt":"2018-11-06T14:04:24","slug":"projev-nedemokracie","status":"publish","type":"post","link":"https:\/\/jirioberfalzer.cz\/?p=1855","title":{"rendered":"Projev nedemokracie"},"content":{"rendered":"<div id=\"attachment_1856\" style=\"width: 810px\" class=\"wp-caption aligncenter\"><img loading=\"lazy\" decoding=\"async\" aria-describedby=\"caption-attachment-1856\" class=\"wp-image-1856 size-full\" src=\"https:\/\/jirioberfalzer.cz\/wp-content\/uploads\/2018\/09\/bratislava-2590863_1280-pixabay_compressed.jpg\" alt=\"\" width=\"800\" height=\"600\" srcset=\"https:\/\/jirioberfalzer.cz\/wp-content\/uploads\/2018\/09\/bratislava-2590863_1280-pixabay_compressed.jpg 800w, https:\/\/jirioberfalzer.cz\/wp-content\/uploads\/2018\/09\/bratislava-2590863_1280-pixabay_compressed-300x225.jpg 300w, https:\/\/jirioberfalzer.cz\/wp-content\/uploads\/2018\/09\/bratislava-2590863_1280-pixabay_compressed-768x576.jpg 768w\" sizes=\"auto, (max-width: 800px) 100vw, 800px\" \/><p id=\"caption-attachment-1856\" class=\"wp-caption-text\">Ilustra\u010dn\u00ed foto: pixabay.com<\/p><\/div>\n<p><strong>B\u011bhem recepce \u010d\u00ednsk\u00e9ho velvyslanectv\u00ed ve vl\u00e1dn\u00edm hotelu v Bratislav\u011b cht\u011bl slovensk\u00fd poslanec Ondrej Dost\u00e1l darovat \u010d\u00ednsk\u00e9mu velvyslanci knihu \u201eZa \u010c\u00ednu spravedliv\u011bj\u0161\u00ed\u201c. Autorem knihy je \u010d\u00ednsk\u00fd pr\u00e1vn\u00edk, obr\u00e1nce lidsk\u00fdch pr\u00e1v a politick\u00fd v\u011bze\u0148 Kao \u010d-\u0161eng. \u010c\u00ednsk\u00fd velvyslanec knihu odm\u00edtl a nav\u00edc nechal Dost\u00e1la z recepce vyv\u00e9st. Tato ud\u00e1lost byla zve\u0159ejn\u011bna v m\u00e9di\u00edch a vyvolala reakce.<\/strong><\/p>\n<p>Podle sen\u00e1tora Ji\u0159\u00edho Oberfalzera tato bezprecedentn\u00ed ud\u00e1lost vyveden\u00ed poslance Parlamentu z recepce na p\u0159\u00edkaz \u010d\u00ednsk\u00e9ho velvyslance ukazuje, \u017ee \u010c\u00edna nen\u00ed demokratickou zem\u00ed.<\/p>\n<p><strong><span style=\"text-decoration: underline;\">Ji\u0159\u00ed Oberfalzer, sen\u00e1tor:<\/span><\/strong><\/p>\n<p>\u201eJe to typick\u00fd projev reprezentant\u016f nedemokratick\u00e9ho syst\u00e9mu, kde se moc soust\u0159ed\u00ed zejm\u00e9na na to, aby br\u00e1nila svobodn\u00e9 v\u00fdm\u011bn\u011b informac\u00ed a vlastn\u011b si d\u011bl\u00e1 jak\u00fdsi v\u00fdhradn\u00ed monopol na to, co se sm\u011bj\u00ed ob\u010dan\u00e9 zem\u011b dozv\u011bd\u011bt. Jestli\u017ee jsou tady n\u011bjak\u00e9 z\u00e1va\u017en\u00e9 skute\u010dnosti, kter\u00e9 ukazuj\u00ed na politick\u00e9 pron\u00e1sledov\u00e1n\u00ed v ur\u010dit\u00e9 zemi, tak je povinnost\u00ed v\u0161ech, kte\u0159\u00ed \u017eij\u00ed ve svobod\u011b, na to upozor\u0148ovat.\u201c<\/p>\n<p>Biskup V\u00e1clav Mal\u00fd vyj\u00e1d\u0159il, \u017ee darov\u00e1n\u00ed knihy je vhodn\u00fd zp\u016fsob a vst\u0159\u00edcn\u00e9 gesto.<\/p>\n<p><span style=\"text-decoration: underline;\">V\u00e1clav Mal\u00fd, biskup:<\/span><br \/>\n\u201eJ\u00e1 jsem p\u0159esv\u011bd\u010den, \u017ee to byl dobr\u00fd po\u010din a je ostuda \u010d\u00ednsk\u00e9ho velvyslanectv\u00ed v Bratislav\u011b, \u017ee nebyl tento po\u010din ch\u00e1p\u00e1n jako vst\u0159\u00edcn\u00e9 gesto a velmi noblesn\u00ed upozorn\u011bn\u00ed na poru\u0161ov\u00e1n\u00ed lidsk\u00fdch pr\u00e1v v \u010c\u00edn\u011b.\u201c<\/p>\n<p>Sen\u00e1tor Petr Bratsk\u00fd \u0159ekl, \u017ee darov\u00e1n\u00ed knihy bylo lekc\u00ed demokracie.<\/p>\n<p><span style=\"text-decoration: underline;\">Petr Bratsk\u00fd, sen\u00e1tor:<\/span><br \/>\n\u201eJ\u00e1 si mysl\u00edm, \u017ee poslanec Ondrej Dost\u00e1l ud\u011blal takov\u00e9 mal\u00e9 \u0161kolen\u00ed z demokracie pro pana velvyslance\u2026 Pan velvyslanec se zachoval velmi nediplomaticky a mysl\u00edm si, \u017ee jeho zem\u011b by m\u011bla zv\u00e1\u017eit, jestli m\u00e1 pr\u00e1vo z\u016fstat na sv\u00e9m m\u00edst\u011b.\u201c<\/p>\n<p><em>Zpr\u00e1vy NTD, Praha<\/em><\/p>\n<p><strong>V\u00edce na<\/strong>: http:\/\/www.ntdtv.cz\/komentare-k-pocinu-poslance-slovenskeho-parlamentu-ondreje-dostala<\/p>\n","protected":false},"excerpt":{"rendered":"<p>B\u011bhem recepce \u010d\u00ednsk\u00e9ho velvyslanectv\u00ed ve vl\u00e1dn\u00edm hotelu v Bratislav\u011b cht\u011bl slovensk\u00fd poslanec Ondrej Dost\u00e1l darovat \u010d\u00ednsk\u00e9mu velvyslanci knihu \u201eZa \u010c\u00ednu spravedliv\u011bj\u0161\u00ed\u201c. <\/p>\n","protected":false},"author":1,"featured_media":1856,"comment_status":"closed","ping_status":"closed","sticky":false,"template":"","format":"standard","meta":{"footnotes":""},"categories":[17],"tags":[],"class_list":["post-1855","post","type-post","status-publish","format-standard","has-post-thumbnail","hentry","category-nazory-a-rozhovory"],"_links":{"self":[{"href":"https:\/\/jirioberfalzer.cz\/index.php?rest_route=\/wp\/v2\/posts\/1855","targetHints":{"allow":["GET"]}}],"collection":[{"href":"https:\/\/jirioberfalzer.cz\/index.php?rest_route=\/wp\/v2\/posts"}],"about":[{"href":"https:\/\/jirioberfalzer.cz\/index.php?rest_route=\/wp\/v2\/types\/post"}],"author":[{"embeddable":true,"href":"https:\/\/jirioberfalzer.cz\/index.php?rest_route=\/wp\/v2\/users\/1"}],"replies":[{"embeddable":true,"href":"https:\/\/jirioberfalzer.cz\/index.php?rest_route=%2Fwp%2Fv2%2Fcomments&post=1855"}],"version-history":[{"count":1,"href":"https:\/\/jirioberfalzer.cz\/index.php?rest_route=\/wp\/v2\/posts\/1855\/revisions"}],"predecessor-version":[{"id":1857,"href":"https:\/\/jirioberfalzer.cz\/index.php?rest_route=\/wp\/v2\/posts\/1855\/revisions\/1857"}],"wp:featuredmedia":[{"embeddable":true,"href":"https:\/\/jirioberfalzer.cz\/index.php?rest_route=\/wp\/v2\/media\/1856"}],"wp:attachment":[{"href":"https:\/\/jirioberfalzer.cz\/index.php?rest_route=%2Fwp%2Fv2%2Fmedia&parent=1855"}],"wp:term":[{"taxonomy":"category","embeddable":true,"href":"https:\/\/jirioberfalzer.cz\/index.php?rest_route=%2Fwp%2Fv2%2Fcategories&post=1855"},{"taxonomy":"post_tag","embeddable":true,"href":"https:\/\/jirioberfalzer.cz\/index.php?rest_route=%2Fwp%2Fv2%2Ftags&post=1855"}],"curies":[{"name":"wp","href":"https:\/\/api.w.org\/{rel}","templated":true}]}}