{"id":1845,"date":"2011-06-27T03:52:38","date_gmt":"2011-06-27T02:52:38","guid":{"rendered":"http:\/\/jirioberfalzer.cz\/?p=1845"},"modified":"2018-09-05T03:55:46","modified_gmt":"2018-09-05T02:55:46","slug":"jiri-oberfalzer-coby-bavorsky-vevoda-ve-vyprodane-noci-na-karlstejne","status":"publish","type":"post","link":"https:\/\/jirioberfalzer.cz\/?p=1845","title":{"rendered":"Ji\u0159\u00ed Oberfalzer coby bavorsk\u00fd v\u00e9voda ve vyprodan\u00e9 Noci na Karl\u0161tejn\u011b"},"content":{"rendered":"<p style=\"text-align: justify;\"><strong><img loading=\"lazy\" decoding=\"async\" class=\"aligncenter size-full wp-image-1846\" src=\"https:\/\/jirioberfalzer.cz\/wp-content\/uploads\/2018\/09\/477-showimage.jpg\" alt=\"\" width=\"250\" height=\"188\" \/>\u00dasp\u011b\u0161n\u011b do sv\u00e9 \u0161est\u00e9 letn\u00ed sezony vstoupil p\u016fvodn\u00ed muzik\u00e1l Noc na Karl\u0161tejn\u011b. Ob\u011b leto\u0161n\u00ed premi\u00e9rov\u00e1 p\u0159edstaven\u00ed (3. a 4. \u010dervna 2011) na n\u00e1dvo\u0159\u00ed z\u00e1mku v Dob\u0159ichovic\u00edch u Prahy byla vyprodan\u00e1. V roli Pe\u0161ka spolu se st\u00e1lic\u00ed tuzemsk\u00e9 pop music Pavlem V\u00edtkem exceloval jeho profesion\u00e1ln\u00ed muzik\u00e1lov\u00fd kolega Lum\u00edr Ol\u0161ovsk\u00fd.<\/strong><\/p>\n<p style=\"text-align: justify;\">Dal\u0161\u00ed dv\u011b repr\u00edzy se\u00a0odbyly 24. a\u00a025. \u010dervna na n\u00e1dvo\u0159\u00ed z\u00e1mku v Mn\u00ed\u0161ku pod Brdy. P\u016fvodn\u00ed muzik\u00e1l unik\u00e1tn\u00ed soubor slo\u017een\u00fd z profesion\u00e1l\u016f i ochotn\u00edk\u016f, kte\u0159\u00ed jsou doma v kraji kolem doln\u00edho toku \u0159eky Berounky, uv\u00e1d\u00ed u\u017e neuv\u011b\u0159iteln\u00fdch \u0161est let. Za tu dobu v\u00fdkony Vladim\u00edra \u010cecha, Pavla V\u00edtka, Jana Ros\u00e1ka, \u0160t\u011bp\u00e1na Raka, jeho syna Mat\u011bje i dal\u0161\u00edch profesion\u00e1l\u016f, stejn\u011b jako dob\u0159ichovick\u00fdch a \u0159evnick\u00fdch ochotn\u00edk\u016f i poberounsk\u00fdch starost\u016f obdivovalo na t\u0159in\u00e1ct tis\u00edc nad\u0161en\u00fdch div\u00e1k\u016f. V\u0161echna p\u0159edstaven\u00ed byla vyprodan\u00e1. P\u016fvodn\u00ed verze muzik\u00e1lu Noc na Karl\u0161tejn\u011b, v n\u011bm\u017e zn\u011bj\u00ed v\u0161echny skladby zn\u00e1m\u00e9 ze stejnojmenn\u00e9ho filmu, se na n\u00e1dvo\u0159\u00ed romantick\u00e9ho z\u00e1me\u010dku v Dob\u0159ichovicch poprv\u00e9 hr\u00e1la v l\u00e9t\u011b 2006. Zaznamenala obrovsk\u00fd \u00fasp\u011bch \u2013 v\u0161echny repr\u00edzy byly dop\u0159edu vyprodan\u00e9, tak\u017ee se muselo n\u011bkolik p\u0159edstaven\u00ed p\u0159id\u00e1vat.<\/p>\n<p style=\"text-align: justify;\">V roce 2007 soubor Noc na Karl\u0161tejn\u011b uvedl znovu, tentokr\u00e1t v r\u00e1mci dvoudenn\u00edho Kr\u00e1lovsk\u00e9ho pr\u016fvodu z Prahy na Karl\u0161tejn \u2013 hr\u00e1lo se prvn\u00ed den v Dob\u0159ichovic\u00edch, druh\u00fd den na louce u mostu v Karl\u0161tejn\u011b. Toto p\u0159edstaven\u00ed vid\u011blo rekordn\u00edch bezm\u00e1la 1400 div\u00e1k\u016f. P\u0159i stejn\u00e9 p\u0159\u00edle\u017eitosti poberoun\u0161t\u00ed ochotn\u00edci i profesion\u00e1lov\u00e9 Noc na Karl\u0161tejn\u011b sehr\u00e1li tak\u00e9 v letech 2008, 2009 a 2010. Letos bude p\u0159edstaven\u00ed \u201eputovat\u201c po p\u016flce \u010cech \u2013 krom\u011b Dob\u0159ichovic a Mn\u00ed\u0161ku pod Brdy se bude hr\u00e1t i na hrad\u011b K\u0159ivokl\u00e1t\u011b, na z\u00e1mku v T\u0159eboni \u010di pod hradbami v Nymburce.<\/p>\n<p style=\"text-align: justify;\">V hlavn\u00edch rol\u00edch se op\u011bt objevuj\u00ed zn\u00e1m\u00e9 a popul\u00e1rn\u00ed tv\u00e1\u0159e \u2013 c\u00edsa\u0159e Karla IV. hraje moder\u00e1tor Vladim\u00edr \u010cech v alternaci s Petrem Bendlem. Dal\u0161\u00ed moder\u00e1tor a herce Jan Ros\u00e1k exceluje v roli v\u00e9vody bavorsk\u00e9ho \u0160t\u011bp\u00e1na (ve dvou p\u0159edstaven\u00edch ho hraje sen\u00e1tor Ji\u0159\u00ed Oberfalzer), v roli kr\u00e1le cypersk\u00e9ho Petra div\u00e1ky nut\u00ed k z\u00e1chvat\u016fm sm\u00edchu bavi\u010d Petr Jan\u010da\u0159\u00edk. V roli Pe\u0161ka se op\u011bt v tom nejlep\u0161\u00edm slova smyslu \u201ep\u0159edv\u00e1d\u00ed\u201c zp\u011bv\u00e1k Pavel V\u00edtek, kter\u00fd na dv\u011b p\u0159edstaven\u00ed svoji roli \u201ep\u0159enechal\u201c skv\u011bl\u00e9mu Lum\u00edru Ol\u0161ovsk\u00e9mu. Vyprav\u011b\u010de p\u0159edstavuje brilantn\u00ed kytarista Jan-Mat\u011bj Rak. Dopl\u0148uj\u00ed je ost\u0159\u00edlen\u00ed a mnoha rolemi prov\u011b\u0159en\u00ed ochotn\u00edci \u2013 Monika Va\u0148kov\u00e1 v roli c\u00edsa\u0159ovny Al\u017eb\u011bty, Pavla \u0160v\u00e9dov\u00e1 v roli Aleny, Karel Kr\u00e1l v roli purkrab\u00edho, Petr \u0158\u00edha v roli arcibiskupa Arno\u0161ta z Pardubic, jeho \u017eena Alena v roli hofmistryn\u011b Ofky. Spolu s herci a zp\u011bv\u00e1ky \u00fa\u010dinkuj\u00ed \u0161erm\u00ed\u0159i, b\u0159i\u0161n\u00ed tane\u010dnice a meta\u010di ohn\u011b, nechyb\u00ed ani koza \u010di kon\u011b. Sbor man\u016f je sestaven z osmi starost\u016f poberounsk\u00fdch obc\u00ed, respektive m\u011bst.<\/p>\n<p style=\"text-align: justify;\">Dal\u0161\u00ed program viz <span style=\"text-decoration: underline;\">zde<\/span>: <a href=\"http:\/\/noc.nasenoviny.net\/\">http:\/\/noc.nasenoviny.net\/<\/a><\/p>\n","protected":false},"excerpt":{"rendered":"<p>\u00dasp\u011b\u0161n\u011b do sv\u00e9 \u0161est\u00e9 letn\u00ed sezony vstoupil p\u016fvodn\u00ed muzik\u00e1l Noc na Karl\u0161tejn\u011b. Ob\u011b leto\u0161n\u00ed premi\u00e9rov\u00e1 p\u0159edstaven\u00ed (3. a 4. \u010dervna 2011) na n\u00e1dvo\u0159\u00ed z\u00e1mku v Dob\u0159ichovic\u00edch u Prahy byla vyprodan\u00e1. <\/p>\n","protected":false},"author":1,"featured_media":1846,"comment_status":"closed","ping_status":"closed","sticky":false,"template":"","format":"standard","meta":{"footnotes":""},"categories":[2],"tags":[],"class_list":["post-1845","post","type-post","status-publish","format-standard","has-post-thumbnail","hentry","category-z-regionu"],"_links":{"self":[{"href":"https:\/\/jirioberfalzer.cz\/index.php?rest_route=\/wp\/v2\/posts\/1845","targetHints":{"allow":["GET"]}}],"collection":[{"href":"https:\/\/jirioberfalzer.cz\/index.php?rest_route=\/wp\/v2\/posts"}],"about":[{"href":"https:\/\/jirioberfalzer.cz\/index.php?rest_route=\/wp\/v2\/types\/post"}],"author":[{"embeddable":true,"href":"https:\/\/jirioberfalzer.cz\/index.php?rest_route=\/wp\/v2\/users\/1"}],"replies":[{"embeddable":true,"href":"https:\/\/jirioberfalzer.cz\/index.php?rest_route=%2Fwp%2Fv2%2Fcomments&post=1845"}],"version-history":[{"count":1,"href":"https:\/\/jirioberfalzer.cz\/index.php?rest_route=\/wp\/v2\/posts\/1845\/revisions"}],"predecessor-version":[{"id":1847,"href":"https:\/\/jirioberfalzer.cz\/index.php?rest_route=\/wp\/v2\/posts\/1845\/revisions\/1847"}],"wp:featuredmedia":[{"embeddable":true,"href":"https:\/\/jirioberfalzer.cz\/index.php?rest_route=\/wp\/v2\/media\/1846"}],"wp:attachment":[{"href":"https:\/\/jirioberfalzer.cz\/index.php?rest_route=%2Fwp%2Fv2%2Fmedia&parent=1845"}],"wp:term":[{"taxonomy":"category","embeddable":true,"href":"https:\/\/jirioberfalzer.cz\/index.php?rest_route=%2Fwp%2Fv2%2Fcategories&post=1845"},{"taxonomy":"post_tag","embeddable":true,"href":"https:\/\/jirioberfalzer.cz\/index.php?rest_route=%2Fwp%2Fv2%2Ftags&post=1845"}],"curies":[{"name":"wp","href":"https:\/\/api.w.org\/{rel}","templated":true}]}}