{"id":1822,"date":"2007-02-25T09:00:01","date_gmt":"2007-02-25T08:00:01","guid":{"rendered":"http:\/\/jirioberfalzer.cz\/?p=1822"},"modified":"2018-11-06T15:05:58","modified_gmt":"2018-11-06T14:05:58","slug":"jak-se-zase-jednou-vlk-nazral-a-koza-zustala-cela","status":"publish","type":"post","link":"https:\/\/jirioberfalzer.cz\/?p=1822","title":{"rendered":"Jak se zase jednou vlk na\u017eral a koza z\u016fstala cel\u00e1"},"content":{"rendered":"<p><strong><img loading=\"lazy\" decoding=\"async\" class=\"aligncenter size-full wp-image-1823\" src=\"https:\/\/jirioberfalzer.cz\/wp-content\/uploads\/2018\/09\/Lidov\u00e9-milice.png\" alt=\"\" width=\"800\" height=\"600\" srcset=\"https:\/\/jirioberfalzer.cz\/wp-content\/uploads\/2018\/09\/Lidov\u00e9-milice.png 800w, https:\/\/jirioberfalzer.cz\/wp-content\/uploads\/2018\/09\/Lidov\u00e9-milice-300x225.png 300w, https:\/\/jirioberfalzer.cz\/wp-content\/uploads\/2018\/09\/Lidov\u00e9-milice-768x576.png 768w\" sizes=\"auto, (max-width: 800px) 100vw, 800px\" \/>Franti\u0161ek Lambert p\u0159iznal, \u017ee byl \u010dlenem Lidov\u00fdch milic\u00ed, a tvrd\u00ed, \u017ee se s t\u00edm sv\u011b\u0159il sv\u00e9mu \u0161\u00e9fovi Jane\u010dkovi hned po n\u00e1stupu do funkce a nepodepsal \u010destn\u00e9 prohl\u00e1\u0161en\u00ed o sv\u00e9m ne\u010dlenstv\u00ed, jak si to \u017e\u00e1d\u00e1 lustra\u010dn\u00ed z\u00e1kon, kter\u00e9mu vedouc\u00ed funkcion\u00e1\u0159i \u010cT podl\u00e9haj\u00ed.\u00a0<\/strong><\/p>\n<p>Genr\u00e1ln\u00ed \u0159editel Jane\u010dek tvrd\u00ed, \u017ee to nepochopil a \u017ee mu nedod\u00e1n\u00ed \u010destn\u00e9ho prohl\u00e1\u0161en\u00ed uniklo. Hled\u00e1 se \u0159e\u0161en\u00ed, jak to ud\u011blat, aby se nikdo z t\u011bch, kdo pochybili, nemusel ni\u010deho vzd\u00e1t.<\/p>\n<p>Gener\u00e1ln\u00ed \u0159editel p\u0159ich\u00e1z\u00ed s \u0159e\u0161en\u00edm hodn\u00fdm chytr\u00e9 hor\u00e1kyn\u011b. Pro Lamberta vymysl\u00ed novou funkci tak, aby nepodl\u00e9hala lustra\u010dn\u00edmu z\u00e1konu. Mezit\u00edm se zept\u00e1 soudu, jestli n\u011bkdo, kdo nepop\u00edr\u00e1, \u017ee byl \u010dlenem LM, j\u00edm skute\u010dn\u011b byl, kdy\u017e se tam s\u00e1m vlastn\u011b nep\u0159ihl\u00e1sil. Toto \u0159e\u0161en\u00ed se Rad\u011b \u010cT l\u00edb\u00ed a bere je na v\u011bdom\u00ed.<\/p>\n<p>Mezit\u00edm se ukazuje, \u017ee Ji\u0159\u00ed Jane\u010dek byl od roku 1981 a\u017e do konce roku 1989 \u010dlenem KS\u010c. \u0158\u00edk\u00e1, \u017ee mu to v ni\u010dem nikdy nepomohlo, a zapomn\u011bl to uv\u00e9st v r\u00e1mci v\u00fdb\u011brov\u00e9ho \u0159\u00edzen\u00ed na funkci gener\u00e1ln\u00edho \u0159editele, proto\u017ee se ho nikdo neptal. (Ale to mu mo\u017en\u00e1 pomohlo.)<\/p>\n<p>U\u017e aby to v\u011b\u010dn\u00e9 k\u00e1drov\u00e1n\u00ed skon\u010dilo! Za chv\u00edli u\u017e nebudeme v\u011bd\u011bt, co si m\u00e1me pamatovat a co jsme m\u011bli zapomenout. Navrhuji zah\u00e1jit \u010dtvrt\u00fd odboj proti v\u011b\u010dn\u00e9mu k\u00e1drov\u00e1n\u00ed. A k tomu \u00dastav pr\u00e1va na zapomn\u011bn\u00ed n\u00e1roda.<\/p>\n<p>Ji\u0159\u00ed Oberfalzer<\/p>\n","protected":false},"excerpt":{"rendered":"<p>Franti\u0161ek Lambert p\u0159iznal, \u017ee byl \u010dlenem Lidov\u00fdch milic\u00ed, a tvrd\u00ed, \u017ee se s t\u00edm sv\u011b\u0159il sv\u00e9mu \u0161\u00e9fovi Jane\u010dkovi hned po n\u00e1stupu do funkce.<\/p>\n","protected":false},"author":1,"featured_media":1823,"comment_status":"closed","ping_status":"closed","sticky":false,"template":"","format":"standard","meta":{"footnotes":""},"categories":[17],"tags":[],"class_list":["post-1822","post","type-post","status-publish","format-standard","has-post-thumbnail","hentry","category-nazory-a-rozhovory"],"_links":{"self":[{"href":"https:\/\/jirioberfalzer.cz\/index.php?rest_route=\/wp\/v2\/posts\/1822","targetHints":{"allow":["GET"]}}],"collection":[{"href":"https:\/\/jirioberfalzer.cz\/index.php?rest_route=\/wp\/v2\/posts"}],"about":[{"href":"https:\/\/jirioberfalzer.cz\/index.php?rest_route=\/wp\/v2\/types\/post"}],"author":[{"embeddable":true,"href":"https:\/\/jirioberfalzer.cz\/index.php?rest_route=\/wp\/v2\/users\/1"}],"replies":[{"embeddable":true,"href":"https:\/\/jirioberfalzer.cz\/index.php?rest_route=%2Fwp%2Fv2%2Fcomments&post=1822"}],"version-history":[{"count":1,"href":"https:\/\/jirioberfalzer.cz\/index.php?rest_route=\/wp\/v2\/posts\/1822\/revisions"}],"predecessor-version":[{"id":1824,"href":"https:\/\/jirioberfalzer.cz\/index.php?rest_route=\/wp\/v2\/posts\/1822\/revisions\/1824"}],"wp:featuredmedia":[{"embeddable":true,"href":"https:\/\/jirioberfalzer.cz\/index.php?rest_route=\/wp\/v2\/media\/1823"}],"wp:attachment":[{"href":"https:\/\/jirioberfalzer.cz\/index.php?rest_route=%2Fwp%2Fv2%2Fmedia&parent=1822"}],"wp:term":[{"taxonomy":"category","embeddable":true,"href":"https:\/\/jirioberfalzer.cz\/index.php?rest_route=%2Fwp%2Fv2%2Fcategories&post=1822"},{"taxonomy":"post_tag","embeddable":true,"href":"https:\/\/jirioberfalzer.cz\/index.php?rest_route=%2Fwp%2Fv2%2Ftags&post=1822"}],"curies":[{"name":"wp","href":"https:\/\/api.w.org\/{rel}","templated":true}]}}