{"id":1808,"date":"2009-05-31T08:31:21","date_gmt":"2009-05-31T07:31:21","guid":{"rendered":"http:\/\/jirioberfalzer.cz\/?p=1808"},"modified":"2018-09-01T08:37:04","modified_gmt":"2018-09-01T07:37:04","slug":"semikuv-memorial","status":"publish","type":"post","link":"https:\/\/jirioberfalzer.cz\/?p=1808","title":{"rendered":"\u0160em\u00edk\u016fv memori\u00e1l"},"content":{"rendered":"<div id=\"attachment_1809\" style=\"width: 810px\" class=\"wp-caption aligncenter\"><img loading=\"lazy\" decoding=\"async\" aria-describedby=\"caption-attachment-1809\" class=\"size-full wp-image-1809\" src=\"https:\/\/jirioberfalzer.cz\/wp-content\/uploads\/2018\/09\/\u0161em\u00edk-foto-pixabay_compressed.jpg\" alt=\"\" width=\"800\" height=\"600\" srcset=\"https:\/\/jirioberfalzer.cz\/wp-content\/uploads\/2018\/09\/\u0161em\u00edk-foto-pixabay_compressed.jpg 800w, https:\/\/jirioberfalzer.cz\/wp-content\/uploads\/2018\/09\/\u0161em\u00edk-foto-pixabay_compressed-300x225.jpg 300w, https:\/\/jirioberfalzer.cz\/wp-content\/uploads\/2018\/09\/\u0161em\u00edk-foto-pixabay_compressed-768x576.jpg 768w\" sizes=\"auto, (max-width: 800px) 100vw, 800px\" \/><p id=\"caption-attachment-1809\" class=\"wp-caption-text\">Foto: pixabay.com<\/p><\/div>\n<p><strong>\u00da\u010dastn\u00edci vyj\u00ed\u017e\u010fky se shrom\u00e1\u017edili p\u0159ed 10. hodinou u Vy\u0161ehradsk\u00e9 skl\u00e1ly, aby ji\u017e tradi\u010dn\u00edm ceremoni\u00e1lem (popliv\u00e1n\u00edm podkovy a jej\u00edm vhozen\u00edm do Vltavy) zah\u00e1jili dal\u0161\u00ed ro\u010dn\u00edk \u0160em\u00edkova memori\u00e1lu. P\u0159ekvapivou novinkou bylo vystoupen\u00ed sen\u00e1tora Ji\u0159\u00edho Oberfalzera, kter\u00fd p\u0159ednesl svou oslavnou b\u00e1se\u0148 k poct\u011b \u0160em\u00edkov\u011b (p\u0159ipojena n\u00ed\u017ee).<\/strong><\/p>\n<p>Cesta do \u0158evnic prob\u011bhla hladce, a\u017e na n\u00e1m\u011bst\u00ed za\u010dalo pr\u0161et. To pon\u011bkud pokazilo vystoupen\u00ed divadeln\u00ed spole\u010dnosti Na holou. Nicm\u00e9n\u011b se \u00fa\u010dastn\u00edci ob\u010derstvili j\u00eddlem a pit\u00edm a osv\u011b\u017eili uk\u00e1zkami divadeln\u00ed produkce a mohli se vydat vst\u0159\u00edc svina\u0159sk\u00e9mu kopci.<\/p>\n<p>Dal\u0161\u00ed zast\u00e1vka byla v Neum\u011btel\u00edch, kde se konvoj po n\u00e1v\u0161t\u011bv\u011b m\u00edstn\u00edho lok\u00e1lu zastavil u pomn\u00ed\u010dku. Starosta \u010c\u00ed\u017eek v\u0161echny p\u0159ekvapil sv\u00fdm historick\u00fdm kost\u00fdmem i kv\u011btnat\u00fdm vystoupen\u00edm ve starobyl\u00e9 \u010de\u0161tin\u011b. Dobu Horym\u00edrovu dokonale zp\u0159\u00edtomnil.<\/p>\n<p>Kdo p\u0159e\u017eil lochovick\u00fd stoup\u00e1k, dorazil do klubu Labe, kde se ud\u011blovaly ceny za sportovn\u00ed i um\u011bleck\u00e9 v\u00fdkony.<\/p>\n<p>N\u00e1ladu povzbudilo vystoupen\u00ed skupiny Na holou s produkc\u00ed vlastn\u00edch hudebn\u00edch kus\u016f. Kr\u00e1sn\u00fd kulturn\u00ed z\u00e1\u017eitek osobit\u00e9ho stylu kapely z\u016fstal v hlav\u011b a\u017e do usnut\u00ed.<\/p>\n<p>8. ro\u010dn\u00edk memori\u00e1lu skon\u010dil, a\u0165 \u017eije 9.<\/p>\n<p>Pocta koni hrdinovi<\/p>\n<p>\u0160em\u00edku, ty oddan\u00fd n\u00e1\u0161 o\u0159i<br \/>\nStr\u00e1\u017ecov\u00e9 tv\u00e9 pam\u00e1tky se ko\u0159\u00ed<br \/>\nP\u0159i\u0161li vzd\u00e1t hold state\u010dn\u00e9mu duchu<br \/>\nA projet se na tom \u010derstv\u00e9m vzduchu<\/p>\n<p>Pod tou vy\u0161ehradskou sk\u00e1lou<br \/>\nVltava se dosud \u010de\u0159\u00ed<br \/>\nV sp\u00e1snou akci nenad\u00e1lou<br \/>\nLeckdo dnes u\u017e neuv\u011b\u0159\u00ed<\/p>\n<p>My v\u0161ak tebe v poko\u0159e tu ct\u00edme<br \/>\nO nebesk\u00fd vezdej\u0161\u00ed tv\u016fj jetel<br \/>\nBoha sna\u017en\u011b pros\u00edme<br \/>\nZ Podol\u00ed do Neum\u011btel<br \/>\nV \u0161l\u00e9p\u011bj\u00edch tv\u00fdch jezd\u00edme<\/p>\n<p>To, \u017ee spasils Horym\u00edra<br \/>\nSv\u00fdm chrabr\u00fdm skokem divouc\u00edm<br \/>\nV srdci nad\u011bj rozprost\u00edr\u00e1<br \/>\n\u017de ned\u00e1\u0161 n\u00e1s ni budouc\u00ed<\/p>\n<p>Dost lupi\u010d\u016f i mozk\u016f osl\u00edch<br \/>\nTou\u017e\u00ed st\u00e1le po moci<br \/>\nPraprah\u0159\u00edb\u011b n\u00e1m sv\u00e9 po\u0161li<br \/>\nOd nich ku pomoci<\/p>\n<p>Sko\u010d\u00edme s n\u00edm p\u0159es Vltavu<br \/>\nBudem prosit aby<br \/>\nN\u00e1rod zase zvedl hlavu<br \/>\nD\u0159\u00edv ne\u017e budem v Labi<\/p>\n<p>\u017de t\u011b\u017ek\u00fd je \u017eivot lidsk\u00fd<br \/>\nVstanou bojovn\u00edci nov\u00ed<br \/>\nSlibujem \u017ee vzd\u00e1me v\u017edycky<br \/>\nVd\u011b\u010dnou poctu koni hrdinovi<\/p>\n","protected":false},"excerpt":{"rendered":"<p>\u00da\u010dastn\u00edci vyj\u00ed\u017e\u010fky se shrom\u00e1\u017edili p\u0159ed 10. hodinou u Vy\u0161ehradsk\u00e9 skl\u00e1ly, aby ji\u017e tradi\u010dn\u00edm ceremoni\u00e1lem (popliv\u00e1n\u00edm podkovy a jej\u00edm vhozen\u00edm do Vltavy) zah\u00e1jili dal\u0161\u00ed ro\u010dn\u00edk \u0160em\u00edkova memori\u00e1lu.<\/p>\n","protected":false},"author":1,"featured_media":1809,"comment_status":"closed","ping_status":"closed","sticky":false,"template":"","format":"standard","meta":{"footnotes":""},"categories":[2],"tags":[],"class_list":["post-1808","post","type-post","status-publish","format-standard","has-post-thumbnail","hentry","category-z-regionu"],"_links":{"self":[{"href":"https:\/\/jirioberfalzer.cz\/index.php?rest_route=\/wp\/v2\/posts\/1808","targetHints":{"allow":["GET"]}}],"collection":[{"href":"https:\/\/jirioberfalzer.cz\/index.php?rest_route=\/wp\/v2\/posts"}],"about":[{"href":"https:\/\/jirioberfalzer.cz\/index.php?rest_route=\/wp\/v2\/types\/post"}],"author":[{"embeddable":true,"href":"https:\/\/jirioberfalzer.cz\/index.php?rest_route=\/wp\/v2\/users\/1"}],"replies":[{"embeddable":true,"href":"https:\/\/jirioberfalzer.cz\/index.php?rest_route=%2Fwp%2Fv2%2Fcomments&post=1808"}],"version-history":[{"count":1,"href":"https:\/\/jirioberfalzer.cz\/index.php?rest_route=\/wp\/v2\/posts\/1808\/revisions"}],"predecessor-version":[{"id":1810,"href":"https:\/\/jirioberfalzer.cz\/index.php?rest_route=\/wp\/v2\/posts\/1808\/revisions\/1810"}],"wp:featuredmedia":[{"embeddable":true,"href":"https:\/\/jirioberfalzer.cz\/index.php?rest_route=\/wp\/v2\/media\/1809"}],"wp:attachment":[{"href":"https:\/\/jirioberfalzer.cz\/index.php?rest_route=%2Fwp%2Fv2%2Fmedia&parent=1808"}],"wp:term":[{"taxonomy":"category","embeddable":true,"href":"https:\/\/jirioberfalzer.cz\/index.php?rest_route=%2Fwp%2Fv2%2Fcategories&post=1808"},{"taxonomy":"post_tag","embeddable":true,"href":"https:\/\/jirioberfalzer.cz\/index.php?rest_route=%2Fwp%2Fv2%2Ftags&post=1808"}],"curies":[{"name":"wp","href":"https:\/\/api.w.org\/{rel}","templated":true}]}}