{"id":1782,"date":"2007-08-15T07:17:23","date_gmt":"2007-08-15T06:17:23","guid":{"rendered":"http:\/\/jirioberfalzer.cz\/?p=1782"},"modified":"2018-09-01T07:24:07","modified_gmt":"2018-09-01T06:24:07","slug":"hlavnimi-hvezdami-letorostu-budou-tri-sestry-a-kabat","status":"publish","type":"post","link":"https:\/\/jirioberfalzer.cz\/?p=1782","title":{"rendered":"Hlavn\u00edmi hv\u011bzdami Letorost\u016f budou T\u0159i sestry a Kab\u00e1t"},"content":{"rendered":"<p><strong><img loading=\"lazy\" decoding=\"async\" class=\"aligncenter size-full wp-image-1783\" src=\"https:\/\/jirioberfalzer.cz\/wp-content\/uploads\/2018\/09\/letorosty-2007_compressed.jpg\" alt=\"\" width=\"800\" height=\"600\" srcset=\"https:\/\/jirioberfalzer.cz\/wp-content\/uploads\/2018\/09\/letorosty-2007_compressed.jpg 800w, https:\/\/jirioberfalzer.cz\/wp-content\/uploads\/2018\/09\/letorosty-2007_compressed-300x225.jpg 300w, https:\/\/jirioberfalzer.cz\/wp-content\/uploads\/2018\/09\/letorosty-2007_compressed-768x576.jpg 768w\" sizes=\"auto, (max-width: 800px) 100vw, 800px\" \/>\u201e<em>Kab\u00e1t nejsou typicky festivalov\u00e1 kapela, tak\u017ee jsme r\u00e1di, \u017ee se n\u00e1m s nimi poda\u0159ilo na plnokrevn\u00e9m vystoupen\u00ed dohodnout. Nav\u00edc to je v Praze a st\u0159edn\u00edch \u010cech\u00e1ch jejich posledn\u00ed leto\u0161n\u00ed koncert, a to by m\u011blo p\u0159it\u00e1hnout v\u0161echny jejich fanou\u0161ky,<\/em>\u201c uvedl zakladatel a hlavn\u00ed organiz\u00e1tor festivalu, sen\u00e1tor Ji\u0159\u00ed Oberfalzer. Festival m\u00e1 i letos charitativn\u00ed rozm\u011br, z v\u00fdt\u011b\u017eku poputuj\u00ed pen\u00edze do ob\u010dansk\u00e9ho sdru\u017een\u00ed N\u00e1ru\u010d a dal\u0161\u00edch charitativn\u00edch organizac\u00ed.<\/strong><\/p>\n<p>Podle jeho slov bude zaj\u00edmav\u00e1 i cena za cel\u00fd festival. V p\u0159edprodeji budou l\u00edstky k dispozici za 333 K\u010d, prod\u00e1vaj\u00ed je s\u00edt\u011b Ticketportal, Ticketstream a Ticketpro. Na m\u00edst\u011b potom z\u00e1jmeci zaplat\u00ed rovn\u00e9 \u010dty\u0159i stovky.<\/p>\n<p>Krom\u011b Kab\u00e1t\u016f a T\u0159\u00ed sester na festivalu vystoup\u00ed Lety mimo, Visac\u00ed z\u00e1mek, Znouzecnost, Michal Pavl\u00ed\u010dek a Monika Na\u010deva, The Cell, Va\u0161ek Koubek a Fleret. Po\u0159adatel\u00e9 chystaj\u00ed i dal\u0161\u00ed p\u0159ekvapen\u00ed.<\/p>\n<p>\u201eNovinkou je dopoledn\u00ed program pro d\u011bti, kter\u00fd p\u0159ipravilo Divadlo v pytli. D\u011bti budou moci sout\u011b\u017eit v zaj\u00edmav\u00fdch a neokoukan\u00fdch discipl\u00edn\u00e1ch a potom p\u016fjdou spole\u010dn\u011b s divadeln\u00edmi akrobaty na ch\u016fd\u00e1ch do centra Berouna pozvat v\u0161echny na odpoledn\u00ed program,\u201c p\u0159ibl\u00ed\u017eil dal\u0161\u00ed zm\u011bny J. Oberfalzer.<\/p>\n<p>Samotn\u00fd festival za\u010dne od 14 hodin a skon\u010d\u00ed po p\u016flnoci. Pro pra\u017esk\u00e9 \u00fa\u010dastn\u00edky bude vypraven z berounsk\u00e9ho n\u00e1dra\u017e\u00ed speci\u00e1ln\u00ed vlak, kter\u00fd pojede na Sm\u00edchov a Hlavn\u00ed n\u00e1dra\u017e\u00ed.<\/p>\n","protected":false},"excerpt":{"rendered":"<p>\u201eKab\u00e1t nejsou typicky festivalov\u00e1 kapela, tak\u017ee jsme r\u00e1di, \u017ee se n\u00e1m s nimi poda\u0159ilo na plnokrevn\u00e9m vystoupen\u00ed dohodnout. Nav\u00edc to je v Praze a st\u0159edn\u00edch \u010cech\u00e1ch jejich posledn\u00ed leto\u0161n\u00ed koncert, a to by m\u011blo p\u0159it\u00e1hnout v\u0161echny jejich fanou\u0161ky,\u201c uvedl zakladatel a hlavn\u00ed organiz\u00e1tor festivalu, sen\u00e1tor Ji\u0159\u00ed Oberfalzer. <\/p>\n","protected":false},"author":1,"featured_media":1783,"comment_status":"closed","ping_status":"closed","sticky":false,"template":"","format":"standard","meta":{"footnotes":""},"categories":[2],"tags":[39,38,40],"class_list":["post-1782","post","type-post","status-publish","format-standard","has-post-thumbnail","hentry","category-z-regionu","tag-kabat","tag-letorosty","tag-tri-sestry"],"_links":{"self":[{"href":"https:\/\/jirioberfalzer.cz\/index.php?rest_route=\/wp\/v2\/posts\/1782","targetHints":{"allow":["GET"]}}],"collection":[{"href":"https:\/\/jirioberfalzer.cz\/index.php?rest_route=\/wp\/v2\/posts"}],"about":[{"href":"https:\/\/jirioberfalzer.cz\/index.php?rest_route=\/wp\/v2\/types\/post"}],"author":[{"embeddable":true,"href":"https:\/\/jirioberfalzer.cz\/index.php?rest_route=\/wp\/v2\/users\/1"}],"replies":[{"embeddable":true,"href":"https:\/\/jirioberfalzer.cz\/index.php?rest_route=%2Fwp%2Fv2%2Fcomments&post=1782"}],"version-history":[{"count":2,"href":"https:\/\/jirioberfalzer.cz\/index.php?rest_route=\/wp\/v2\/posts\/1782\/revisions"}],"predecessor-version":[{"id":1785,"href":"https:\/\/jirioberfalzer.cz\/index.php?rest_route=\/wp\/v2\/posts\/1782\/revisions\/1785"}],"wp:featuredmedia":[{"embeddable":true,"href":"https:\/\/jirioberfalzer.cz\/index.php?rest_route=\/wp\/v2\/media\/1783"}],"wp:attachment":[{"href":"https:\/\/jirioberfalzer.cz\/index.php?rest_route=%2Fwp%2Fv2%2Fmedia&parent=1782"}],"wp:term":[{"taxonomy":"category","embeddable":true,"href":"https:\/\/jirioberfalzer.cz\/index.php?rest_route=%2Fwp%2Fv2%2Fcategories&post=1782"},{"taxonomy":"post_tag","embeddable":true,"href":"https:\/\/jirioberfalzer.cz\/index.php?rest_route=%2Fwp%2Fv2%2Ftags&post=1782"}],"curies":[{"name":"wp","href":"https:\/\/api.w.org\/{rel}","templated":true}]}}