{"id":1768,"date":"2016-10-05T17:27:09","date_gmt":"2016-10-05T16:27:09","guid":{"rendered":"http:\/\/jirioberfalzer.cz\/?p=1768"},"modified":"2018-08-17T17:28:36","modified_gmt":"2018-08-17T16:28:36","slug":"vazim-si-podpory-mnoha-osobnosti","status":"publish","type":"post","link":"https:\/\/jirioberfalzer.cz\/?p=1768","title":{"rendered":"V\u00e1\u017e\u00edm si podpory mnoha osobnost\u00ed"},"content":{"rendered":"<div id=\"attachment_1645\" style=\"width: 810px\" class=\"wp-caption aligncenter\"><img loading=\"lazy\" decoding=\"async\" aria-describedby=\"caption-attachment-1645\" class=\"size-full wp-image-1645\" src=\"https:\/\/jirioberfalzer.cz\/wp-content\/uploads\/2018\/08\/oberfalzer-neform\u00e1ln\u00ed_compressed.jpg\" alt=\"\" width=\"800\" height=\"600\" srcset=\"https:\/\/jirioberfalzer.cz\/wp-content\/uploads\/2018\/08\/oberfalzer-neform\u00e1ln\u00ed_compressed.jpg 800w, https:\/\/jirioberfalzer.cz\/wp-content\/uploads\/2018\/08\/oberfalzer-neform\u00e1ln\u00ed_compressed-300x225.jpg 300w, https:\/\/jirioberfalzer.cz\/wp-content\/uploads\/2018\/08\/oberfalzer-neform\u00e1ln\u00ed_compressed-768x576.jpg 768w\" sizes=\"auto, (max-width: 800px) 100vw, 800px\" \/><p id=\"caption-attachment-1645\" class=\"wp-caption-text\">oberfalzer-neform\u00e1ln\u00ed_<\/p><\/div>\n<p><strong>Franti\u0161ek \u0160ediv\u00fd<\/strong>, politick\u00fd v\u011bze\u0148, dr\u017eitel \u0158\u00e1du TGM, m\u00edstop\u0159edseda Konfedereace politick\u00fdch v\u011bz\u0148\u016f, p\u0159edseda Klubu Dr. Milady Hor\u00e1kov\u00e9<\/p>\n<p style=\"text-align: justify;\">P\u0159i posledn\u00edm setk\u00e1n\u00ed s panem sen\u00e1torem, bylo to u p\u0159\u00edle\u017eitosti oslav st\u00e9ho v\u00fdro\u010d\u00ed trv\u00e1n\u00ed \u0159evnick\u00e9ho lesn\u00edho divadla, jsem si uv\u011bdomil, jakou aktivitu st\u00e1le vyv\u00edj\u00ed (a to ji\u017e po mnoho let) ve prosp\u011bch t\u00e9to zem\u011b, jej\u00edch obyvatel a to ve v\u0161ech oblastech ve\u0159ejn\u00e9 \u010dinnosti. Setk\u00e1v\u00e1m se s n\u00edm nejen na pracovn\u00edch shrom\u00e1\u017ed\u011bn\u00edch, pietn\u00edch aktech, ale i na kulturn\u00edch akc\u00edch, v nich\u017e je \u010dasto s\u00e1m akt\u00e9rem. Jeho pr\u00e1ce si zaslou\u017e\u00ed uzn\u00e1n\u00ed a p\u0159edev\u0161\u00edm up\u0159\u00edmn\u00fd d\u00edk. D\u00edk za to, co p\u0159in\u00e1\u0161\u00ed a co \u010dasto b\u00fdv\u00e1 skryto v d\u016fle\u017eit\u00fdch kolektivn\u00edch rozhodnut\u00edch. P\u0159eji t\u00e9to zemi, aby lid\u00e9 s takov\u00fdmto pojet\u00edm ve\u0159ejn\u00e9 pr\u00e1ce z\u016fst\u00e1vali co nejd\u00e9le na sv\u00fdch m\u00edstech a vedli ji st\u00e1le k jej\u00edmu prosp\u011bchu.<\/p>\n<p style=\"text-align: justify;\"><strong>Jan Skope\u010dek<\/strong>, ekonomick\u00fd expert ODS a p\u0159edseda kontroln\u00edho v\u00fdboru St\u0159edo\u010desk\u00e9ho kraje<\/p>\n<p style=\"text-align: justify;\">Ji\u0159\u00ed Oberfalzer je sen\u00e1torem, kter\u00fd ne\u017eije ve sklen\u00edku malostransk\u00fdch kancel\u00e1\u0159\u00ed, ale intenzivn\u011b se v\u011bnuje sv\u00e9mu volebn\u00edmu obvodu. Nejen, \u017ee ho \u010dlov\u011bk l\u00e9ta pravideln\u011b potk\u00e1v\u00e1 na nejr\u016fzn\u011bj\u0161\u00edch kulturn\u00edch, sportovn\u00edch a spole\u010densk\u00fdch akc\u00edch na\u0161eho regionu, ale \u0159adu z nich aktivn\u011b po\u0159\u00e1d\u00e1, organizuje a \u010dasto i prost\u0159ednictv\u00edm sv\u00e9ho nada\u010dn\u00edho fondu finan\u010dn\u011b podporuje.<br \/>\nPom\u00e1h\u00e1 jednotliv\u00fdm m\u011bst\u016fm a obc\u00edm a \u0159ad\u011b soci\u00e1ln\u00edch instituc\u00ed. Zna\u010dn\u011b tak p\u0159isp\u00edv\u00e1 k dobr\u00e9mu \u017eivotu v na\u0161em regionu.<br \/>\nNad to m\u00e1 zdrav\u00e9 a racion\u00e1ln\u00ed n\u00e1zory na\u00a0 celost\u00e1tn\u00ed t\u00e9mata a v\u00fdzvy na\u0161\u00ed doby. T\u00e9m\u011b\u0159 prorocky jako jeden z m\u00e1la sen\u00e1tor\u016f vedl boj proti p\u0159ijet\u00ed tzv. Lisabonsk\u00e9 smlouvy, kter\u00e1 oslabuje suverenitu \u010cesk\u00e9 republiky, nap\u0159. v migra\u010dn\u00ed krizi.<br \/>\nPro n\u00e1\u0161 region i republiku bude dob\u0159e, kdy\u017e bude Ji\u0159\u00ed Oberfalzer jako sen\u00e1tor pokra\u010dovat i v n\u00e1sleduj\u00edc\u00edm volebn\u00edm obdob\u00ed. Moji jednozna\u010dnou podporu i m\u016fj hlas m\u00e1.<\/p>\n<p style=\"text-align: justify;\"><strong>Josef Stehl\u00edk<\/strong>, soukrom\u00fd zem\u011bd\u011blec, p\u0159edseda ASZ \u010cR<\/p>\n<p style=\"text-align: justify;\">Ji\u0159\u00edho Oberfalzera zn\u00e1m ji\u017e \u0159adu let, je to \u010dlov\u011bk, kter\u00fd si stoj\u00ed za sv\u00fdmi n\u00e1zory, a to i tehdy, kdy\u017e zrovna nejsou m\u00f3dn\u011b popul\u00e1rn\u00ed.\u00a0 Ji\u0159\u00ed nepodl\u00e9h\u00e1 populistick\u00fdm n\u00e1lad\u00e1m, je ve sv\u00fdch postoj\u00edch v\u017edy konzistentn\u00ed a \u010diteln\u00fd. To je dnes velkou vz\u00e1cnost\u00ed.<br \/>\nZastupuji \u010desk\u00e9 sedl\u00e1ky v organizaci Asociace soukrom\u00e9ho zem\u011bd\u011blstv\u00ed \u010cesk\u00e9 republiky. Sedl\u00e1ky, kte\u0159\u00ed nav\u00e1zali na tradici sv\u00fdch perzekuovan\u00fdch, vysidlovan\u00fdch, v\u011bzn\u011bn\u00fdch i popravovan\u00fdch p\u0159edk\u016f, si v\u00e1\u017e\u00edm ka\u017ed\u00e9ho, kdo dnes jasn\u011b a bez p\u0159\u00edvlastk\u016f hodnot\u00ed zr\u016fdnost komunistick\u00e9ho re\u017eimu na venkov\u011b tak jako pr\u00e1v\u011b Ji\u0159\u00ed Oberfalzer. Tak\u00e9 proto mu d\u00e1m sv\u016fj hlas v sen\u00e1torsk\u00fdch volb\u00e1ch.<\/p>\n<p style=\"text-align: justify;\"><strong>Jefim Fi\u0161tejn<\/strong>, novin\u00e1\u0159, spisovatel, sc\u00e9n\u00e1rista<br \/>\nPana Oberfalzera zn\u00e1m u\u017e \u0159adu let. Je to politik rozumn\u00fdch n\u00e1zor\u016f a uv\u00e1\u017eliv\u00e9ho vystupov\u00e1n\u00ed. M\u00e1 mou podporu.<\/p>\n<p style=\"text-align: justify;\"><strong>Tom\u00e1\u0161 T\u00f6pfer<\/strong>, herec, \u0159editel Divadla na Vinohradech<br \/>\nS Jirkou jsme se potkali v Sen\u00e1tu. Brzy jsme na\u0161li spole\u010dnou \u0159e\u010d jak v politice, tak v z\u00e1jmu o kulturu. Navrhli jsme spole\u010dn\u011b &#8222;z\u00e1chrann\u00fd&#8220; zp\u016fsob financov\u00e1n\u00ed \u010desk\u00e9 kinematografie, kdy\u017e star\u00fd skon\u010dil, na\u0161e novela pom\u00e1h\u00e1 vzniku \u010desk\u00fdch film\u016f dote\u010f. N\u00e1vrh tak\u00e9 odvr\u00e1til z\u00e1nik Fondu kultury a zajistil mu st\u00e1l\u00fd zdroj financ\u00ed. J\u00e1 u\u017e v Sen\u00e1tu nejsem, ale v\u00edd\u00e1me se \u010dasto. Dokonce jsme si spolu zahr\u00e1li v televizn\u00edm filmu Posledn\u00ed cyklista. V\u00edm, \u017ee je to rozv\u00e1\u017en\u00fd a taky zodpov\u011bdn\u00fd \u010dlov\u011bk. A je s n\u00edm i sranda.<\/p>\n<p style=\"text-align: justify;\"><strong>Ond\u0159ej Pavelka<\/strong>, herec<br \/>\nJirku zn\u00e1m u\u017e od od gymplu, potk\u00e1vali jsme se na recita\u010dn\u00edch sout\u011b\u017e\u00edch na Karlovarsku a pak cel\u00e1 l\u00e9ta kolem divadla. Jedno z nezapomenuteln\u00fdch setk\u00e1n\u00ed bylo, kdy\u017e n\u00e1s policajti 28. \u0159\u00edjna 1989 zatkli p\u0159ed hotelem Evropa na V\u00e1clav\u00e1ku. Str\u00e1vili jsme zbytek v\u00edkendu v Ruzyni. Bohu\u017eel ka\u017ed\u00fd v jin\u00e9 cele. On kr\u00e1tce na to vstoupil do politiky, j\u00e1 z\u016fstal u divadla. Na jeho p\u0159\u00edkladu vid\u00edm, \u017ee v politice mohou b\u00fdt i slu\u0161n\u00ed lid\u00e9.<br \/>\nNedejte na populisty a pseudo-zachr\u00e1nce st\u00e1tu z \u0159ad podivn\u00fdch zbohatl\u00edk\u016f. Volte ty, kter\u00e9 u\u017e \u010das prov\u011b\u0159il. To je Ji\u0159\u00ed Oberfalzer. M\u00e1 mou plnou podporu.<\/p>\n<p style=\"text-align: justify;\"><strong>On\u0159ej Hejma<\/strong>, zp\u011bv\u00e1k, hudebn\u00edk, spisovatel<br \/>\nV\u00e1\u017e\u00edm si politik\u016f, kte\u0159\u00ed se nepodb\u00edzej\u00ed a dr\u017e\u00ed se sv\u00e9ho n\u00e1zoru. To plat\u00ed o Ji\u0159\u00edm Oberfalzerovi. A taky je to slu\u0161n\u00fd \u010dlov\u011bk.<\/p>\n<p style=\"text-align: justify;\"><strong>Vladim\u00edra Hejmov\u00e1<\/strong>, l\u00e9ka\u0159ka, p\u0159edsedkyn\u011b p\u0159edstavenstva o.s. N\u00e1ru\u010d<br \/>\nJi\u0159\u00ed Oberfalzer je vyhl\u00e1\u0161en\u00fd mecen\u00e1\u0161. Nezn\u00e1m jin\u00e9ho politika, kter\u00fd soustavn\u011b, bez ohledu na to, kdy jsou volby, pom\u00e1h\u00e1 pot\u0159ebn\u00fdm ve sv\u00e9m okol\u00ed.<\/p>\n<p style=\"text-align: justify;\"><strong>Lenka Kol\u00e1\u0159ov\u00e1<\/strong>, um\u011bleck\u00e1 vedouc\u00ed Noti\u010dek<br \/>\nJi\u0159\u00ed Oberfalzer pom\u00e1h\u00e1 d\u011btsk\u00e9mu folklorn\u00edmu souboru Noti\u010dky celou jeho existenci, a to nejen svou milou p\u0159\u00edtomnost\u00ed, ale i finan\u010dn\u00edmi dary. Pomohl souboru nap\u0159. p\u0159i jeho cest\u011b do USA, poskytl finance na renovaci kroj\u016f, na vyd\u00e1n\u00ed CD, podpo\u0159il koncert Noti\u010dek v Rudolfinu. D\u011bti i vedouc\u00ed v souboru jsou nad\u0161eni z jeho \u00fa\u010dasti i p\u0159\u00edzn\u011b. Neskute\u010dn\u00fdm z\u00e1\u017eitkem bylo t\u0159eba spole\u010dn\u00e9 zp\u00edv\u00e1n\u00ed na koncert\u011b kapely The Tap Tap.<\/p>\n<p style=\"text-align: justify;\"><strong>Holky v rozpuku<\/strong> (parta ro\u0161\u0165a\u010dek, v\u00fdhradn\u011b dobr\u00fdch ro\u010dn\u00edk\u016f, z Hl\u00e1sn\u00e9 T\u0159eban\u011b): Jitka \u0160vecov\u00e1, Hana Neslerov\u00e1, Ilona G\u00e1rtov\u00e1, Zdena Jindrov\u00e1, Milu\u0161ka Chaloupkov\u00e1, Milu\u0161ka Jechov\u00e1, Helena Koterov\u00e1, Vera Barch\u00e1nkov\u00e1, Michaela Houbov\u00e1 a Ivan Nesler.<br \/>\nNa p\u0159\u00edtomnost Jirky Oberfalzera jsme si zvykly, \u017ee si bez n\u011bj na\u0161e obecn\u00ed akce ani neum\u00edme p\u0159edstavit. Oce\u0148ujeme jeho skromn\u00e9 chov\u00e1n\u00ed a taky smysl pro legraci, s n\u00edm\u017e se r\u00e1d zapoj\u00ed do programu a bez v\u00e1h\u00e1n\u00ed obl\u00e9kne i dobov\u00fd kost\u00fdm. V\u00e1\u017e\u00edme si ho i jako politika. Je to \u010dlov\u011bk na sv\u00e9m m\u00edst\u011b. M\u00e1me ho velmi r\u00e1dy a m\u00e1 na\u0161i plnou podporu.<\/p>\n","protected":false},"excerpt":{"rendered":"<p>Franti\u0161ek \u0160ediv\u00fd, politick\u00fd v\u011bze\u0148, dr\u017eitel \u0158\u00e1du TGM, m\u00edstop\u0159edseda Konfedereace politick\u00fdch v\u011bz\u0148\u016f, p\u0159edseda Klubu Dr. Milady Hor\u00e1kov\u00e9 P\u0159i posledn\u00edm setk\u00e1n\u00ed s panem sen\u00e1torem, bylo to u p\u0159\u00edle\u017eitosti oslav st\u00e9ho v\u00fdro\u010d\u00ed trv\u00e1n\u00ed \u0159evnick\u00e9ho lesn\u00edho divadla, jsem&#46;&#46;&#46;<\/p>\n","protected":false},"author":1,"featured_media":1645,"comment_status":"closed","ping_status":"closed","sticky":false,"template":"","format":"standard","meta":{"footnotes":""},"categories":[2],"tags":[],"class_list":["post-1768","post","type-post","status-publish","format-standard","has-post-thumbnail","hentry","category-z-regionu"],"_links":{"self":[{"href":"https:\/\/jirioberfalzer.cz\/index.php?rest_route=\/wp\/v2\/posts\/1768","targetHints":{"allow":["GET"]}}],"collection":[{"href":"https:\/\/jirioberfalzer.cz\/index.php?rest_route=\/wp\/v2\/posts"}],"about":[{"href":"https:\/\/jirioberfalzer.cz\/index.php?rest_route=\/wp\/v2\/types\/post"}],"author":[{"embeddable":true,"href":"https:\/\/jirioberfalzer.cz\/index.php?rest_route=\/wp\/v2\/users\/1"}],"replies":[{"embeddable":true,"href":"https:\/\/jirioberfalzer.cz\/index.php?rest_route=%2Fwp%2Fv2%2Fcomments&post=1768"}],"version-history":[{"count":1,"href":"https:\/\/jirioberfalzer.cz\/index.php?rest_route=\/wp\/v2\/posts\/1768\/revisions"}],"predecessor-version":[{"id":1769,"href":"https:\/\/jirioberfalzer.cz\/index.php?rest_route=\/wp\/v2\/posts\/1768\/revisions\/1769"}],"wp:featuredmedia":[{"embeddable":true,"href":"https:\/\/jirioberfalzer.cz\/index.php?rest_route=\/wp\/v2\/media\/1645"}],"wp:attachment":[{"href":"https:\/\/jirioberfalzer.cz\/index.php?rest_route=%2Fwp%2Fv2%2Fmedia&parent=1768"}],"wp:term":[{"taxonomy":"category","embeddable":true,"href":"https:\/\/jirioberfalzer.cz\/index.php?rest_route=%2Fwp%2Fv2%2Fcategories&post=1768"},{"taxonomy":"post_tag","embeddable":true,"href":"https:\/\/jirioberfalzer.cz\/index.php?rest_route=%2Fwp%2Fv2%2Ftags&post=1768"}],"curies":[{"name":"wp","href":"https:\/\/api.w.org\/{rel}","templated":true}]}}