{"id":1766,"date":"2016-10-06T17:25:05","date_gmt":"2016-10-06T16:25:05","guid":{"rendered":"http:\/\/jirioberfalzer.cz\/?p=1766"},"modified":"2018-08-17T17:26:55","modified_gmt":"2018-08-17T16:26:55","slug":"povazuji-si-podpory-mnoha-starostu","status":"publish","type":"post","link":"https:\/\/jirioberfalzer.cz\/?p=1766","title":{"rendered":"Pova\u017euji si podpory mnoha starost\u016f"},"content":{"rendered":"<p style=\"text-align: justify;\"><img loading=\"lazy\" decoding=\"async\" class=\"aligncenter size-full wp-image-458\" src=\"https:\/\/jirioberfalzer.cz\/wp-content\/uploads\/2018\/08\/170-jiri-oberfalzer_compressed.jpg\" alt=\"\" width=\"1000\" height=\"651\" srcset=\"https:\/\/jirioberfalzer.cz\/wp-content\/uploads\/2018\/08\/170-jiri-oberfalzer_compressed.jpg 1000w, https:\/\/jirioberfalzer.cz\/wp-content\/uploads\/2018\/08\/170-jiri-oberfalzer_compressed-300x195.jpg 300w, https:\/\/jirioberfalzer.cz\/wp-content\/uploads\/2018\/08\/170-jiri-oberfalzer_compressed-768x500.jpg 768w\" sizes=\"auto, (max-width: 1000px) 100vw, 1000px\" \/>Starostov\u00e9 v na\u0161em regionu, kte\u0159\u00ed podporuj\u00ed mou kandidaturu<\/p>\n<p style=\"text-align: justify;\"><strong>Svatava Biskupov\u00e1, Srbsko<br \/>\nPavel Burgr, Jene\u010d,<br \/>\nMilu\u0161e \u010can\u010d\u00edkov\u00e1, Jino\u010dany<br \/>\nPetr Hampl, Dob\u0159ichovice,<br \/>\nMiroslav Helt, O\u0159ech<br \/>\nMartin Hrdli\u010dka, Tet\u00edn<br \/>\nVnislav Konvalinka, Hl\u00e1sn\u00e1 T\u0159eba\u0148,<br \/>\nV\u00e1clav K\u0161\u00edr, Chy\u0148ava,<br \/>\nFranti\u0161ek Rambousk\u00fd, Chodou\u0148,<br \/>\nVratislav Randa, \u010dlen rady m\u011bsta Beroun,<br \/>\nJi\u0159\u00ed Rezek, Zlatn\u00edky-Hodkovice,<br \/>\nVladim\u00edr Rozto\u010dil, Svina\u0159e,<br \/>\nMiroslav Stoklasa, Zvole,<br \/>\nJosef \u0160inkner, Otro\u010din\u011bves,<br \/>\nV\u00edt \u0160\u0165\u00e1hlavsk\u00fd, Hostomice,<br \/>\nIvana T\u00fdlov\u00e1, H\u00fdskov,<br \/>\nV\u00e1clav Valenta, \u017delezn\u00e1,<br \/>\nPetr Vychodil, Kr\u00e1l\u016fv Dv\u016fr,<br \/>\nKate\u0159ina Zuskov\u00e1, Ni\u017ebor<\/strong><\/p>\n<p style=\"text-align: justify;\">STAROSTOV\u00c9 DOB\u0158ICHOVIC 1994-2016<\/p>\n<p style=\"text-align: justify;\"><strong>V\u00e1clav Kratochv\u00edl, 1994-2002<\/strong><br \/>\nJi\u0159\u00edho Oberfalzera zn\u00e1m mnohem d\u00e9le, ne\u017e je sen\u00e1torem. V\u017edy to pro mne byl \u010destn\u00fd, pravdiv\u00fd, spolehliv\u00fd, ale i lidsk\u00fd \u010dlov\u011bk, kter\u00e9ho si st\u00e1le v\u00e1\u017e\u00edm.<br \/>\nPodporuji ho jako kandid\u00e1ta i proto, jak se v\u011bnuje sv\u00e9mu obvodu, jak pom\u00e1h\u00e1 \u0159e\u0161it podle sv\u00fdch sil a mo\u017enost\u00ed probl\u00e9my obc\u00ed i ob\u010dan\u016f na Berounsku i na Praze &#8211; z\u00e1pad.<\/p>\n<p style=\"text-align: justify;\"><strong>Michael P\u00e1nek, 2002-2014<\/strong><br \/>\nJi\u0159\u00edho Oberfalzera zn\u00e1m \u0159adu let. Je to \u010dlov\u011bk, kter\u00fd c\u00edt\u00ed odpov\u011bdnost za to, co se d\u011bje v na\u0161\u00ed zemi. A taky nezkaz\u00ed \u017e\u00e1dnou legraci. Na rozd\u00edl od mnoha jin\u00fdch politik\u016f ho m\u016f\u017eete potkat na \u0159ad\u011b akc\u00ed v cel\u00e9m sen\u00e1tn\u00edm obvodu. \u010casto je s\u00e1m finan\u010dn\u011b podporuje nebo p\u0159\u00edmo organizuje.<br \/>\nSe sv\u00fdmi jasn\u00fdmi a rozumn\u00fdmi pravicov\u00fdmi n\u00e1zory m\u00e1 v Sen\u00e1tu d\u016fle\u017eit\u00e9 m\u00edsto. V sen\u00e1tn\u00edch volb\u00e1ch ho budu ur\u010dit\u011b volit.<\/p>\n<p style=\"text-align: justify;\"><strong>Petr Hampl, starosta od 2014<\/strong><br \/>\nJi\u0159\u00edho Oberfalzera zn\u00e1m ji\u017e od doby jeho prvn\u00edho zvolen\u00ed do sen\u00e1tu. V\u017edy Dob\u0159ichovice podporoval a \u00fa\u010dastn\u00ed se d\u011bn\u00ed v na\u0161em m\u011bst\u011b. V\u00e1\u017e\u00edm si ho pro jeho politick\u00e9 n\u00e1zory, schopnost tyto n\u00e1zory br\u00e1nit a zejm\u00e9na pro to, \u017ee opravdu zn\u00e1 sv\u016fj volebn\u00ed obvod a pot\u0159eby lid\u00ed, kte\u0159\u00ed v n\u011bm \u017eij\u00ed. Jsem p\u0159esv\u011bd\u010den, \u017ee p\u0159esn\u011b takov\u00fd by m\u011bl b\u00fdt n\u00e1\u0161 z\u00e1stupce v sen\u00e1tu, a proto budu Ji\u0159\u00edho Oberfalzera op\u011bt volit.<\/p>\n<p style=\"text-align: justify;\"><strong>Karel Hanzl\u00edk, starosta Radot\u00edna<\/strong><\/p>\n<p style=\"text-align: justify;\">Radot\u00edn p\u0159\u00edmo soused\u00ed s v\u00fdchodn\u00edm okrajem sen\u00e1tn\u00edho obvodu 16 \u2013 Beroun a Praha-z\u00e1pad. Potk\u00e1v\u00e1me se s Ji\u0159\u00edm Oberfalzerem \u010dasto. V\u00e1\u017e\u00edm si jeho zp\u016fsobu v\u00fdkonu funkce sen\u00e1tora. P\u0159i \u0159e\u0161en\u00ed probl\u00e9m\u016f regionu je v\u011bcn\u00fd a sna\u017e\u00ed se o komplexn\u00ed pohled na v\u011bc. Nep\u0159edv\u00e1d\u00ed se, neplave po povrchu, ale trp\u011bliv\u011b hled\u00e1 podstatu v\u011bc\u00ed. A nevzd\u00e1v\u00e1 se, um\u00ed j\u00edt za sv\u00fdm c\u00edlem.<\/p>\n","protected":false},"excerpt":{"rendered":"<p>Starostov\u00e9 v na\u0161em regionu, kte\u0159\u00ed podporuj\u00ed mou kandidaturu Svatava Biskupov\u00e1, Srbsko Pavel Burgr, Jene\u010d, Milu\u0161e \u010can\u010d\u00edkov\u00e1, Jino\u010dany Petr Hampl, Dob\u0159ichovice, Miroslav Helt, O\u0159ech Martin Hrdli\u010dka, Tet\u00edn Vnislav Konvalinka, Hl\u00e1sn\u00e1 T\u0159eba\u0148, V\u00e1clav K\u0161\u00edr, Chy\u0148ava, Franti\u0161ek&#46;&#46;&#46;<\/p>\n","protected":false},"author":1,"featured_media":458,"comment_status":"closed","ping_status":"closed","sticky":false,"template":"","format":"standard","meta":{"footnotes":""},"categories":[2],"tags":[],"class_list":["post-1766","post","type-post","status-publish","format-standard","has-post-thumbnail","hentry","category-z-regionu"],"_links":{"self":[{"href":"https:\/\/jirioberfalzer.cz\/index.php?rest_route=\/wp\/v2\/posts\/1766","targetHints":{"allow":["GET"]}}],"collection":[{"href":"https:\/\/jirioberfalzer.cz\/index.php?rest_route=\/wp\/v2\/posts"}],"about":[{"href":"https:\/\/jirioberfalzer.cz\/index.php?rest_route=\/wp\/v2\/types\/post"}],"author":[{"embeddable":true,"href":"https:\/\/jirioberfalzer.cz\/index.php?rest_route=\/wp\/v2\/users\/1"}],"replies":[{"embeddable":true,"href":"https:\/\/jirioberfalzer.cz\/index.php?rest_route=%2Fwp%2Fv2%2Fcomments&post=1766"}],"version-history":[{"count":1,"href":"https:\/\/jirioberfalzer.cz\/index.php?rest_route=\/wp\/v2\/posts\/1766\/revisions"}],"predecessor-version":[{"id":1767,"href":"https:\/\/jirioberfalzer.cz\/index.php?rest_route=\/wp\/v2\/posts\/1766\/revisions\/1767"}],"wp:featuredmedia":[{"embeddable":true,"href":"https:\/\/jirioberfalzer.cz\/index.php?rest_route=\/wp\/v2\/media\/458"}],"wp:attachment":[{"href":"https:\/\/jirioberfalzer.cz\/index.php?rest_route=%2Fwp%2Fv2%2Fmedia&parent=1766"}],"wp:term":[{"taxonomy":"category","embeddable":true,"href":"https:\/\/jirioberfalzer.cz\/index.php?rest_route=%2Fwp%2Fv2%2Fcategories&post=1766"},{"taxonomy":"post_tag","embeddable":true,"href":"https:\/\/jirioberfalzer.cz\/index.php?rest_route=%2Fwp%2Fv2%2Ftags&post=1766"}],"curies":[{"name":"wp","href":"https:\/\/api.w.org\/{rel}","templated":true}]}}