{"id":1757,"date":"2016-10-17T17:06:10","date_gmt":"2016-10-17T16:06:10","guid":{"rendered":"http:\/\/jirioberfalzer.cz\/?p=1757"},"modified":"2018-08-17T17:15:40","modified_gmt":"2018-08-17T16:15:40","slug":"jiri-oberfalzer-se-zameri-na-dopravu-v-regionu","status":"publish","type":"post","link":"https:\/\/jirioberfalzer.cz\/?p=1757","title":{"rendered":"Ji\u0159\u00ed Oberfalzer se zam\u011b\u0159\u00ed na dopravu v regionu"},"content":{"rendered":"<p>&nbsp;<\/p>\n<p><img loading=\"lazy\" decoding=\"async\" class=\"aligncenter size-full wp-image-1758\" src=\"https:\/\/jirioberfalzer.cz\/wp-content\/uploads\/2018\/08\/2107-oberfalzer_denik-630.jpg\" alt=\"\" width=\"630\" height=\"428\" srcset=\"https:\/\/jirioberfalzer.cz\/wp-content\/uploads\/2018\/08\/2107-oberfalzer_denik-630.jpg 630w, https:\/\/jirioberfalzer.cz\/wp-content\/uploads\/2018\/08\/2107-oberfalzer_denik-630-300x204.jpg 300w\" sizes=\"auto, (max-width: 630px) 100vw, 630px\" \/><\/p>\n<p class=\"perex\" style=\"text-align: justify;\">\n<p class=\"perex\" style=\"text-align: justify;\"><strong>Nov\u00fdm sen\u00e1torem nejen pro obyvatele Berounska a Ho\u0159ovicka je pro dal\u0161\u00edch \u0161est let dvaa\u0161edes\u00e1tilet\u00fd Ji\u0159\u00ed Oberfalzer (ODS). Zku\u0161en\u00fd politik m\u011bl v\u00a0po\u010dtu z\u00edskan\u00fdch hlas\u016f nad protikandid\u00e1tem Bohumilem Stibalem (ANO) zna\u010dnou p\u0159evahu.<\/strong><span id=\"copylink\" style=\"left: -9999px; position: absolute;\"><br \/>\nZdroj: http:\/\/berounsky.denik.cz\/zpravy_region\/jiri-oberfalzer-se-zameri-na-dopravu-v-regionu-20161016.html<\/span><\/p>\n<p style=\"text-align: justify;\"><strong>Byl jste zvolen u\u017e pot\u0159et\u00ed sen\u00e1torem, na co se v\u00a0nov\u00e9m volebn\u00edm obdob\u00ed chcete zam\u011b\u0159it?<\/strong><\/p>\n<p style=\"text-align: justify;\">Na tot\u00e9\u017e, co p\u0159edt\u00edm. Na rozumn\u00fd legislativn\u00ed syst\u00e9m. Bez p\u0159emr\u0161t\u011bn\u00fdch regulac\u00ed, registrac\u00ed a byrokracie. To je podle mne st\u00e1le aktu\u00e1ln\u011bj\u0161\u00ed probl\u00e9m. A\u00a0samoz\u0159ejm\u011b i\u00a0na to, abychom nep\u0159ij\u00edmali zbyte\u010dn\u00e9 z\u00e1kony, kter\u00e9 bu\u010f n\u011bkomu p\u0159ihr\u00e1vaj\u00ed byznys a nebo ho n\u011bkomu komplikuj\u00ed.<\/p>\n<p style=\"text-align: justify;\"><strong>Volebn\u00ed obdob\u00ed pro sen\u00e1tora je \u0161est let. To je dlouh\u00e1 doba. M\u00e1te na ni n\u011bjak\u00fd sv\u016fj konkr\u00e9tn\u00ed c\u00edl?<\/strong><br \/>\nC\u00edl na \u0161est let nem\u00e1m. Za tuto dobu budou minim\u00e1ln\u011b dvoje volby, tak\u017ee se dvakr\u00e1t zcela zm\u011bn\u00ed vl\u00e1da a dlouhodob\u00e9 c\u00edle se odv\u00edjej\u00ed od toho, jak\u00e1 je vl\u00e1dn\u00ed koalice. Jin\u00fdmi slovy, jak\u00e9 v\u00fdzvy p\u0159ed n\u00e1s p\u0159edlo\u017e\u00ed. Nicm\u00e9n\u011b zcela bezprost\u0159edn\u00ed c\u00edl m\u00e1m jeden. Na ja\u0159e jsem v\u00a0sen\u00e1tu prosadil n\u00e1vrh novely slu\u017eebn\u00edho z\u00e1kona, kter\u00fd dovoluje jak\u00fdsi pardon na vzd\u011bl\u00e1n\u00ed i\u00a0pro zam\u011bstnance na nejni\u017e\u0161\u00edch pozic\u00edch. St\u00e1vaj\u00edc\u00ed podoba z\u00e1kona ho prom\u00edj\u00ed jen t\u011bm ve vy\u0161\u0161\u00edch pozic\u00edch. Nyn\u00ed budu usilovat o\u00a0to, abychom tuto zm\u011bnu prosadili. V\u00a0novele z\u00e1kona by se bral ohled na d\u00e9lku praxe a tak\u00e9 na v\u011bk. Jak daleko maj\u00ed pracovn\u00edci do d\u016fchodu.<\/p>\n<p><strong>\u010cek\u00e1 v\u00e1s t\u0159et\u00ed volebn\u00ed obdob\u00ed, tak\u017ee s\u00a0d\u00e1 \u0159\u00edci, \u017ee u\u017e m\u00e1te v\u00a0roli sen\u00e1tora bohat\u00e9 zku\u0161enosti. Pamatujete si je\u0161t\u011b na sv\u00e9 pocity, kdy\u017e jste se uch\u00e1zel o\u00a0k\u0159eslo v\u00a0sen\u00e1tu poprv\u00e9?<\/strong><br \/>\nNejprve bych za\u010dal atmosf\u00e9rou. V\u00a0roce 2004\u00a0byla ODS na vrcholu. Nechci to podce\u0148ovat, ale v\u00a0t\u00e9 dob\u011b byly ty volby jednozna\u010dn\u00e9. \u0160est let na to se ODS bl\u00ed\u017eila ke dnu a v\u00a0podob\u011b TOP 09\u00a0j\u00ed vyrostla velk\u00e1 konkurence. Tak\u017ee moje protikandid\u00e1tka, pan\u00ed V\u011bra Kov\u00e1\u0159ov\u00e1, tak byla velmi tvrd\u00fdm soupe\u0159em. Pom\u011br mezi ODS a TOP O9 byl v\u00a0m\u016fj neprosp\u011bch. Nyn\u00ed pro mne byly volby do sen\u00e1tu tak\u00e9 velmi nap\u00ednav\u00e9. Do prvn\u00edho kola sen\u00e1tn\u00edch voleb se p\u0159ihl\u00e1silo hodn\u011b siln\u00fdch kandid\u00e1t\u016f. Pan Hol\u00e1sek vstoupil do hry velmi nen\u00e1padn\u011b, ale postupem \u010dasu u\u017e byl hodn\u011b n\u00e1padn\u00fd. Jeho kampa\u0148 byla tak masivn\u00ed, \u017ee v\u0161ichni o\u010dek\u00e1vali, \u017ee postoup\u00ed do druh\u00e9ho kola. ANO si ale vydobylo silnou pozici, kter\u00e1 se jasn\u011b projevila v\u00a0krajsk\u00fdch volb\u00e1ch. Logicky s\u00a0t\u00edm souvis\u00ed, \u017ee pan Stibal postoupil do druh\u00e9ho kola. Tak\u017ee z\u00a0hlediska snadnosti a obt\u00ed\u017enosti byly tyto sen\u00e1tn\u00ed volby nejobt\u00ed\u017en\u011bj\u0161\u00ed.<\/p>\n<p style=\"text-align: justify;\"><strong>A\u00a0co Letorosty pane sen\u00e1tore? Budete v\u00a0jejich po\u0159\u00e1d\u00e1n\u00ed pokra\u010dovat i\u00a0v\u00a0tomto volebn\u00edm obdob\u00ed?<\/strong><br \/>\nJ\u00e1 bych stra\u0161n\u011b r\u00e1d. Ale z\u00e1le\u017e\u00ed to hlavn\u011b na tom, jestli se mi poda\u0159\u00ed z\u00edskat pen\u00edze. Jsem defakto jako jedin\u00fd don\u00e1tor, kdo se pen\u00edze na tuto akci sna\u017e\u00ed obstarat. C\u00edt\u00edm, \u017ee to nebude jednoduch\u00e9. Rok od roku je to t\u011b\u017e\u0161\u00ed. V\u017edy jde o\u00a0velk\u00fd otazn\u00edk. Budeme zva\u017eovat finan\u010dn\u00ed mo\u017enosti a jestli jsme je\u0161t\u011b schopn\u00ed zajistit program, kter\u00fd by byl pro n\u00e1v\u0161t\u011bvn\u00edky zaj\u00edmav\u00fd. Kdy\u017e jsme s\u00a0Letorosty za\u010d\u00ednali, tak podobn\u00fdch festival\u016f v\u00a0okol\u00ed moc nebylo. Mezit\u00edm ale vyrostly velk\u00e9 festivaly, t\u0159eba Hrady, kter\u00e9 se odehr\u00e1vaj\u00ed na To\u010dn\u00edku, a kter\u00e9 maj\u00ed velk\u00e9 sponzory. Tyto festivaly maj\u00ed dvojn\u00e1sobn\u00e9 a\u017e trojn\u00e1sobn\u00e9 rozpo\u010dty.<\/p>\n<p><strong>Na n\u011b ale lid\u00e9 mus\u00ed zaplatit vstupn\u00e9.<\/strong><br \/>\nTo ano, my m\u00e1me ale se vstupn\u00fdm \u0161patn\u00e9 zku\u0161enosti. Kdybychom cht\u011bli vyb\u00edrat vstupn\u00e9, museli bychom zm\u011bnit m\u00edsto kon\u00e1n\u00ed festivalu. N\u011bkolik set lid\u00ed n\u00e1m toti\u017e poka\u017ed\u00e9 z\u016fst\u00e1valo za plotem, kde sly\u0161eli a kam si p\u0159inesli i\u00a0sv\u00e9 lahv\u00e1\u010de. My jsme tak o\u00a0tento velk\u00fd po\u010det n\u00e1v\u0161t\u011bvn\u00edk\u016f p\u0159ich\u00e1zeli. Proto jsme p\u0159e\u0161li na model zdarma. V\u00a0Letorostech bych ale cht\u011bl velmi r\u00e1d pokra\u010dovat, je to moje d\u00edt\u011b. Zalo\u017eil jsem je hned ten dal\u0161\u00ed rok potom, co jsem se stal sen\u00e1torem. V\u00a0roce 2005.<\/p>\n<p style=\"text-align: justify;\"><strong>Roky u\u017e m\u00e1te trval\u00e9 bydli\u0161t\u011b v\u00a0Kr\u00e1lov\u011b Dvo\u0159e. V\u00a0tomto m\u011bst\u011b jste i\u00a0m\u00edstostarostou. Co by jste v\u00a0p\u0159\u00ed\u0161t\u00edch \u0161esti letech cht\u011bl jako sen\u00e1tor v\u00a0tomto m\u011bst\u011b zlep\u0161it?<\/strong><br \/>\nJako sen\u00e1tor bych se cht\u011bl anga\u017eovat v\u00a0ot\u00e1zk\u00e1ch dopravy. Chystaj\u00ed se zde velk\u00e9 \u00fapravy silnice v Plze\u0148sk\u00e9 ulici a dal\u0161\u00edch. To bude m\u00edt velk\u00fd dopad na fungov\u00e1n\u00ed obou m\u011bst, proto\u017ee se do\u010dasn\u011b zcela zm\u011bn\u00ed doprava. Dal\u0161\u00edm v\u00e1\u017en\u00fdm probl\u00e9mem je oprava silnice ve sm\u011bru na Jarov. Proto\u017ee tam hroz\u00ed zav\u0159en\u00ed mostu p\u0159es tra\u0165. A\u00a0to by vlastn\u011b od\u0159\u00edzlo Tet\u00edn a n\u011bkter\u00e9 \u010d\u00e1sti Berouna. Lid\u00e9 by pak museli absolvovat velkou a\u017e dvacetikilometrovou obj\u00ed\u017e\u010fku. Tak\u017ee se chci zam\u011b\u0159it na tyto probl\u00e9my a naj\u00edt pro n\u011b nejvhodn\u011bj\u0161\u00ed\u00a0\u0159e\u0161en\u00ed.<span id=\"copylink\" style=\"left: -9999px; position: absolute;\"><br \/>\nZdroj: http:\/\/berounsky.denik.cz\/zpravy_region\/jiri-oberfalzer-se-zameri-na-dopravu-v-regionu-20161016.html<\/span><\/p>\n<p>(Berounsk\u00fd den\u00edk)<\/p>\n","protected":false},"excerpt":{"rendered":"<p>Nov\u00fdm sen\u00e1torem nejen pro obyvatele Berounska a Ho\u0159ovicka je pro dal\u0161\u00edch \u0161est let dvaa\u0161edes\u00e1tilet\u00fd Ji\u0159\u00ed Oberfalzer (ODS). <\/p>\n","protected":false},"author":1,"featured_media":1758,"comment_status":"closed","ping_status":"closed","sticky":false,"template":"","format":"standard","meta":{"footnotes":""},"categories":[2],"tags":[],"class_list":["post-1757","post","type-post","status-publish","format-standard","has-post-thumbnail","hentry","category-z-regionu"],"_links":{"self":[{"href":"https:\/\/jirioberfalzer.cz\/index.php?rest_route=\/wp\/v2\/posts\/1757","targetHints":{"allow":["GET"]}}],"collection":[{"href":"https:\/\/jirioberfalzer.cz\/index.php?rest_route=\/wp\/v2\/posts"}],"about":[{"href":"https:\/\/jirioberfalzer.cz\/index.php?rest_route=\/wp\/v2\/types\/post"}],"author":[{"embeddable":true,"href":"https:\/\/jirioberfalzer.cz\/index.php?rest_route=\/wp\/v2\/users\/1"}],"replies":[{"embeddable":true,"href":"https:\/\/jirioberfalzer.cz\/index.php?rest_route=%2Fwp%2Fv2%2Fcomments&post=1757"}],"version-history":[{"count":2,"href":"https:\/\/jirioberfalzer.cz\/index.php?rest_route=\/wp\/v2\/posts\/1757\/revisions"}],"predecessor-version":[{"id":1760,"href":"https:\/\/jirioberfalzer.cz\/index.php?rest_route=\/wp\/v2\/posts\/1757\/revisions\/1760"}],"wp:featuredmedia":[{"embeddable":true,"href":"https:\/\/jirioberfalzer.cz\/index.php?rest_route=\/wp\/v2\/media\/1758"}],"wp:attachment":[{"href":"https:\/\/jirioberfalzer.cz\/index.php?rest_route=%2Fwp%2Fv2%2Fmedia&parent=1757"}],"wp:term":[{"taxonomy":"category","embeddable":true,"href":"https:\/\/jirioberfalzer.cz\/index.php?rest_route=%2Fwp%2Fv2%2Fcategories&post=1757"},{"taxonomy":"post_tag","embeddable":true,"href":"https:\/\/jirioberfalzer.cz\/index.php?rest_route=%2Fwp%2Fv2%2Ftags&post=1757"}],"curies":[{"name":"wp","href":"https:\/\/api.w.org\/{rel}","templated":true}]}}