{"id":1754,"date":"2016-11-28T17:03:28","date_gmt":"2016-11-28T16:03:28","guid":{"rendered":"http:\/\/jirioberfalzer.cz\/?p=1754"},"modified":"2018-08-17T17:05:13","modified_gmt":"2018-08-17T16:05:13","slug":"senator-oberfalzer-v-novem-funkcnim-obdobi","status":"publish","type":"post","link":"https:\/\/jirioberfalzer.cz\/?p=1754","title":{"rendered":"Sen\u00e1tor Oberfalzer v nov\u00e9m funk\u010dn\u00edm obdob\u00ed"},"content":{"rendered":"<p><strong><img loading=\"lazy\" decoding=\"async\" class=\"aligncenter size-full wp-image-1641\" src=\"https:\/\/jirioberfalzer.cz\/wp-content\/uploads\/2007\/02\/oberfalzer-busta_compressed.jpg\" alt=\"\" width=\"800\" height=\"600\" srcset=\"https:\/\/jirioberfalzer.cz\/wp-content\/uploads\/2007\/02\/oberfalzer-busta_compressed.jpg 800w, https:\/\/jirioberfalzer.cz\/wp-content\/uploads\/2007\/02\/oberfalzer-busta_compressed-300x225.jpg 300w, https:\/\/jirioberfalzer.cz\/wp-content\/uploads\/2007\/02\/oberfalzer-busta_compressed-768x576.jpg 768w\" sizes=\"auto, (max-width: 800px) 100vw, 800px\" \/>Sen\u00e1tor Ji\u0159\u00ed Oberfalzer po sv\u00e9m znovuzvolen\u00ed sen\u00e1torem v roce 2016 byl potvrzen ve funkci p\u0159edsedy Mand\u00e1tov\u00e9ho a imunitn\u00edho v\u00fdboru Sen\u00e1tu. Byl zvolen m\u00edstop\u0159edsedou sen\u00e1torsk\u00e9ho klubu ODS.<\/strong><\/p>\n<p>Je \u010dlenem V\u00fdboru pro vzd\u011bl\u00e1n\u00ed, v\u011bdu, kulturu, lidsk\u00e1 pr\u00e1va a petice a jeho Podv\u00fdboru pro sport, \u010dlenem St\u00e1l\u00e9 komise sen\u00e1tu pro \u00dastavu \u010cR a parlamentn\u00ed procedury a \u010dlenem St\u00e1l\u00e9 delegace Parlamentu \u010cR do Meziparlamentn\u00ed unie.<\/p>\n","protected":false},"excerpt":{"rendered":"<p>Sen\u00e1tor Ji\u0159\u00ed Oberfalzer po sv\u00e9m znovuzvolen\u00ed sen\u00e1torem v roce 2016 byl potvrzen ve funkci p\u0159edsedy Mand\u00e1tov\u00e9ho a imunitn\u00edho v\u00fdboru Sen\u00e1tu. Byl zvolen m\u00edstop\u0159edsedou sen\u00e1torsk\u00e9ho klubu ODS. <\/p>\n","protected":false},"author":1,"featured_media":1641,"comment_status":"closed","ping_status":"closed","sticky":false,"template":"","format":"standard","meta":{"footnotes":""},"categories":[16],"tags":[],"class_list":["post-1754","post","type-post","status-publish","format-standard","has-post-thumbnail","hentry","category-ze-senatu"],"_links":{"self":[{"href":"https:\/\/jirioberfalzer.cz\/index.php?rest_route=\/wp\/v2\/posts\/1754","targetHints":{"allow":["GET"]}}],"collection":[{"href":"https:\/\/jirioberfalzer.cz\/index.php?rest_route=\/wp\/v2\/posts"}],"about":[{"href":"https:\/\/jirioberfalzer.cz\/index.php?rest_route=\/wp\/v2\/types\/post"}],"author":[{"embeddable":true,"href":"https:\/\/jirioberfalzer.cz\/index.php?rest_route=\/wp\/v2\/users\/1"}],"replies":[{"embeddable":true,"href":"https:\/\/jirioberfalzer.cz\/index.php?rest_route=%2Fwp%2Fv2%2Fcomments&post=1754"}],"version-history":[{"count":2,"href":"https:\/\/jirioberfalzer.cz\/index.php?rest_route=\/wp\/v2\/posts\/1754\/revisions"}],"predecessor-version":[{"id":1756,"href":"https:\/\/jirioberfalzer.cz\/index.php?rest_route=\/wp\/v2\/posts\/1754\/revisions\/1756"}],"wp:featuredmedia":[{"embeddable":true,"href":"https:\/\/jirioberfalzer.cz\/index.php?rest_route=\/wp\/v2\/media\/1641"}],"wp:attachment":[{"href":"https:\/\/jirioberfalzer.cz\/index.php?rest_route=%2Fwp%2Fv2%2Fmedia&parent=1754"}],"wp:term":[{"taxonomy":"category","embeddable":true,"href":"https:\/\/jirioberfalzer.cz\/index.php?rest_route=%2Fwp%2Fv2%2Fcategories&post=1754"},{"taxonomy":"post_tag","embeddable":true,"href":"https:\/\/jirioberfalzer.cz\/index.php?rest_route=%2Fwp%2Fv2%2Ftags&post=1754"}],"curies":[{"name":"wp","href":"https:\/\/api.w.org\/{rel}","templated":true}]}}