{"id":1750,"date":"2016-12-01T16:53:17","date_gmt":"2016-12-01T15:53:17","guid":{"rendered":"http:\/\/jirioberfalzer.cz\/?p=1750"},"modified":"2018-08-17T17:02:12","modified_gmt":"2018-08-17T16:02:12","slug":"vystoupeni-j-oberfalzera-k-projednavanemu-bodu-zahranicni-politika-cr-ve-vztahu-k-cinske-lidove-republice","status":"publish","type":"post","link":"https:\/\/jirioberfalzer.cz\/?p=1750","title":{"rendered":"Vystoupen\u00ed J. Oberfalzera k projedn\u00e1van\u00e9mu bodu Zahrani\u010dn\u00ed politika \u010cR ve vztahu k \u010c\u00ednsk\u00e9 lidov\u00e9 republice"},"content":{"rendered":"<div id=\"attachment_1751\" style=\"width: 910px\" class=\"wp-caption aligncenter\"><img loading=\"lazy\" decoding=\"async\" aria-describedby=\"caption-attachment-1751\" class=\"size-full wp-image-1751\" src=\"https:\/\/jirioberfalzer.cz\/wp-content\/uploads\/2018\/08\/tibet-lhasa-foto-pixabay-com_compressed.jpg\" alt=\"\" width=\"900\" height=\"600\" srcset=\"https:\/\/jirioberfalzer.cz\/wp-content\/uploads\/2018\/08\/tibet-lhasa-foto-pixabay-com_compressed.jpg 900w, https:\/\/jirioberfalzer.cz\/wp-content\/uploads\/2018\/08\/tibet-lhasa-foto-pixabay-com_compressed-300x200.jpg 300w, https:\/\/jirioberfalzer.cz\/wp-content\/uploads\/2018\/08\/tibet-lhasa-foto-pixabay-com_compressed-768x512.jpg 768w\" sizes=\"auto, (max-width: 900px) 100vw, 900px\" \/><p id=\"caption-attachment-1751\" class=\"wp-caption-text\">Ilustra\u010dn\u00ed foto: pixabay.com<\/p><\/div>\n<p style=\"text-align: justify;\"><strong>Pane p\u0159edsedaj\u00edc\u00ed, pane minist\u0159e, kolegyn\u011b a kolegov\u00e9. Jsem nyn\u00ed tro\u0161i\u010dku zmaten\u00fd, proto\u017ee u\u017e \u010dty\u0159ikr\u00e1t jsem startoval k mikrofonu a mezit\u00edm se navr\u0161ilo mnoho sd\u011blen\u00ed, kter\u00e1 m\u011b motivuj\u00ed k ur\u010dit\u00e9mu koment\u00e1\u0159i. Ale kdy\u017e zde byla nadnesena ot\u00e1zka Kosova, mus\u00edm s l\u00edtost\u00ed p\u0159iznat, \u017ee to byla na\u0161e vl\u00e1da veden\u00e1 ODS, kter\u00e1 Kosovo uznala, hluboce jsem s t\u00edm nesouhlasil. A stejn\u011b tak to byla vl\u00e1da Petra Ne\u010dase, nebo p\u0159esn\u011b \u0159e\u010deno p\u0159\u00edmo osoba premi\u00e9ra Ne\u010dase, kter\u00fd se vyj\u00e1d\u0159il, \u017ee v\u017edy\u0165 p\u0159ece co by bylo v Tibetu, byl by to jak\u00fdsi teokratick\u00fd st\u00e1t, kdyby nad n\u00edm \u2013 ale to dod\u00e1v\u00e1m j\u00e1 \u2013 nem\u011bla patronaci komunistick\u00e1 \u010c\u00edna.<\/strong><\/p>\n<p style=\"text-align: justify;\">To jsou z m\u00e9ho pohledu po\u010diny i v\u00fdroky ostudn\u00e9 a mrz\u00ed m\u011b to, p\u0159izn\u00e1v\u00e1m se zde k tomu zejm\u00e9na jako \u010dlen ODS.<\/p>\n<p style=\"text-align: justify;\">Mysl\u00edm, \u017ee debata, kterou tady vedeme, m\u00e1 mnoho rovin a bude dob\u0159e, kdy\u017e ji ukotv\u00edme do n\u011b\u010deho praktick\u00e9ho, co z n\u00ed opravdu m\u016f\u017ee vzej\u00edt.<\/p>\n<p style=\"text-align: justify;\">Bylo zde ji\u017e konstatov\u00e1no, \u017ee Sen\u00e1t nen\u00ed p\u0159\u00edm\u00fdm tv\u016frcem zahrani\u010dn\u00ed politiky. M\u016f\u017ee se k n\u00ed samoz\u0159ejm\u011b vyjad\u0159ovat, m\u016f\u017ee p\u0159ij\u00edmat usnesen\u00ed, kter\u00e1 vl\u00e1du mohou vyz\u00fdvat k n\u011bjak\u00fdm postoj\u016fm \u010di \u010din\u016fm. To v\u0161echno je svat\u00e1 pravda. Nejde n\u00e1m, douf\u00e1m, o formulaci zahrani\u010dn\u00ed politiky.<\/p>\n<p style=\"text-align: justify;\">Nyn\u00ed mi dovolte mal\u00fd osobn\u00ed exkurz. Nemus\u00edm zde v t\u00e9to komo\u0159e jist\u011b p\u0159ipom\u00ednat, jak cel\u00fd probl\u00e9m s Tibetem vznikl, v 50. letech Mao Ce-tung vtrhl do tohoto teritoria se zbran\u011bmi utopil individualitu, zvl\u00e1\u0161tnost, kr\u00e1su a osobitost tohoto teritoria v krvi.<\/p>\n<p style=\"text-align: justify;\">Jeho sv\u00e1tost dalajl\u00e1ma uprchl s velik\u00fdm \u0161t\u011bst\u00edm, proto\u017ee kdyby se mu to nepovedlo, tak dnes nebyl na sv\u011bt\u011b, a mo\u017en\u00e1 by to pro mnoh\u00e9 bylo p\u0159\u00edjemn\u00e9.<\/p>\n<p style=\"text-align: justify;\">Pro\u010d to \u010c\u00edn\u011b vad\u00ed? Tady zazn\u011blo hezky \u2013 sta\u0159\u00edk, kter\u00fd m\u016f\u017ee vadit tak velk\u00e9mu kolosu, jako je komunistick\u00e1 zem\u011b. No proto, \u017ee to je sv\u011bdom\u00ed, a \u0161patn\u00e9 sv\u011bdom\u00ed nesn\u00e1\u0161ej\u00ed ani velc\u00ed dikt\u00e1to\u0159i typu Stalina \u010di jin\u00fdch v\u016fdc\u016f.<\/p>\n<p style=\"text-align: justify;\">\u010cili to je to, co je t\u0159eba zni\u010dit, pam\u011b\u0165, ta p\u0159ek\u00e1\u017e\u00ed ka\u017ed\u00e9 totalit\u011b.<\/p>\n<p style=\"text-align: justify;\">M\u011bl jsem mo\u017enost se s dalajl\u00e1mou setkat n\u011bkolikr\u00e1t. Mimochodem, jsem spoluzakladatel nadace F\u00f3rum 2000, kter\u00e1 po\u0159\u00e1d\u00e1 F\u00f3ra 2000 od roku 1997. Nesly\u0161el jsem dalajl\u00e1mu nikdy \u0159\u00edct jedinou v\u011btu, mysl\u00edm si v\u016fbec o \u010c\u00edn\u011b, nato\u017e o postaven\u00ed Tibetu, o odlou\u010den\u00ed \u010di samostatnosti. Sna\u017e\u00ed se samoz\u0159ejm\u011b, \u017ee mu to nejsp\u00ed\u0161 n\u011bkde v hloubi srdce, na srdci skute\u010dn\u011b le\u017e\u00ed, ale on se sna\u017e\u00ed \u0161\u00ed\u0159it m\u00edr, l\u00e1sku, harmonii a altruismus. To jsou jeho poselstv\u00ed.<\/p>\n<p style=\"text-align: justify;\">Nezlob\u00edm se na pana ministra Hermana, \u017ee ho p\u0159ijal, pro\u010d by ho nep\u0159ijal. Mysl\u00edm si, \u017ee bychom si nem\u011bli nechat od n\u011bkoho diktovat. Nem\u00e1m probl\u00e9m s t\u00edm, abychom m\u011bli ofici\u00e1ln\u00ed stanovisko respektu k celistvosti \u00fazem\u00ed \u010c\u00edny, to p\u0159ece pro\u010d ne. Nevid\u00edm d\u016fvod, pro\u010d by vl\u00e1da nezauj\u00edmala n\u011bjak\u00e9 konstruktivn\u00ed stanovisko \u2013 a \u0159eknu a mysl\u00edm to up\u0159\u00edmn\u011b \u2013 zejm\u00e9na k ekonomick\u00e9mu dialogu s \u010c\u00ednou.<\/p>\n<p style=\"text-align: justify;\">Ale pro\u010d by nemohl jednotliv\u00fd ministr se setkat s takovouto osobnost\u00ed, to nech\u00e1pu. A to, \u017ee \u010c\u00edna na to takto reaguje, je p\u0159esn\u011b to, pro\u010d bychom na to nem\u011bli p\u0159istupovat.<\/p>\n<p style=\"text-align: justify;\">Prohl\u00e1\u0161en\u00ed na\u0161ich \u00fastavn\u00edch \u010dinitel\u016f vn\u00edm\u00e1m \u00fapln\u011b stejn\u011b jako mnoz\u00ed z v\u00e1s jako demonstraci oddanosti t\u00e9to d\u00e1ln\u011bv\u00fdchodn\u00ed komunistick\u00e9 \u0159\u00ed\u0161i. Takov\u00fdch historick\u00fdch skutk\u016f jsme tam m\u011bli v\u00edce. Mn\u011b to p\u0159ijde trapn\u00e9 zejm\u00e9na v \u010dase svobody. Z\u00e1bavn\u00e9 je, \u017ee mysl\u00edm, \u017ee hned druh\u00fd den, se objevilo v m\u00e9di\u00edch jak\u00e9si poselstv\u00ed, nev\u00edm p\u0159esn\u011b, kdo za n\u00edm st\u00e1l, tak j\u00e1 si ho zjednodu\u0161\u00edm, poselstv\u00ed Komunistick\u00e9 strany \u010c\u00edny, \u017ee je hezk\u00e9, kdy\u017e toto \u0159\u00edk\u00e1me, ale \u010diny teprve uk\u00e1\u017e\u00ed, jak to mysl\u00edme. \u010cili u\u017e jsme hned byli napomenuti, \u017ee dom\u00e1c\u00ed \u00fakol, slohov\u00e1 pr\u00e1ce byla odvedena celkem slu\u0161n\u011b, ale te\u010f a\u0165 n\u00e1sleduj\u00ed \u010diny.<\/p>\n<p style=\"text-align: justify;\">Mysl\u00edm si, \u017ee to nakonec je je\u0161t\u011b trapn\u011bj\u0161\u00ed ne\u017e samotn\u00e9 prohl\u00e1\u0161en\u00ed, \u017ee vlastn\u011b ani nesta\u010dilo toto pon\u00ed\u017een\u00ed.<\/p>\n<p style=\"text-align: justify;\">Nicm\u00e9n\u011b zp\u00e1tky k v\u011bci. P\u0159edseda na\u0161eho klubu, a\u017e se vr\u00e1t\u00ed z tiskovky, na kter\u00e9 jsem m\u011bl b\u00fdt tak\u00e9, p\u0159edlo\u017e\u00ed n\u00e1vrh usnesen\u00ed, kter\u00e9 u\u017e m\u00e1te na lavic\u00edch. Mysl\u00edm si, \u017ee to je rozumn\u00e9 v\u00fdchodisko k tomuto bodu, a sice, \u017ee upozorn\u00ed na to, \u017ee skute\u010dnost, \u017ee p\u0159edseda Sen\u00e1tu jako jeden ze \u010dty\u0159 nejvy\u0161\u0161\u00edch \u00fastavn\u00edch \u010dinitel\u016f se p\u0159ipojil, i kdy\u017e jenom verb\u00e1ln\u011b, to zde bylo vysloveno, k tomuto prohl\u00e1\u0161en\u00ed, je to prost\u011b jeho \u010din. Mysl\u00edm si, \u017ee to m\u011blo b\u00fdt mo\u017en\u00e1 n\u011bjak v\u00edce zd\u016frazn\u011bno a t\u0159eba by tento probl\u00e9m nebyl a\u017e tak siln\u00fd. Ne\u010dinil tak v zastoupen\u00ed Sen\u00e1tu a nikdy to tak\u00e9 netvrdil. To pozor, abych nerozpoutal n\u011bjakou nepat\u0159i\u010dnou debatu. \u010cili on to dal za sebe.<\/p>\n<p style=\"text-align: justify;\">A mysl\u00edm si, \u017ee mus\u00edme op\u011bt za sebe \u0159\u00edct, \u017ee se s t\u00edm neztoto\u017e\u0148ujeme a \u017ee to tedy bereme tak\u00e9 \u010dist\u011b jako jeho osobn\u00ed postoj a jeho osobn\u00ed vyj\u00e1d\u0159en\u00ed. To je smyslem tohoto usnesen\u00ed, ale nech\u00e1m to kolegovi, aby to p\u0159e\u010detl jm\u00e9nem cel\u00e9ho klubu.<\/p>\n<p style=\"text-align: justify;\">M\u016f\u017eeme tady samoz\u0159ejm\u011b p\u0159ij\u00edmat v\u0161elijak\u00e9 deklarace odli\u0161n\u00fdch politick\u00fdch postoj\u016f. Nicm\u00e9n\u011b vr\u00e1t\u00edm se je\u0161t\u011b k tomu sv\u00e9mu a nevnucuji ho Sen\u00e1tu a tak\u00e9 nenavrhuji \u017e\u00e1dn\u00e9 usnesen\u00ed v tom smyslu, jako moje srdce v\u017edy stoj\u00ed na stran\u011b uja\u0159men\u00fdch a na stran\u011b pon\u00ed\u017een\u00fdch.<\/p>\n<p style=\"text-align: justify;\">A cht\u011bl bych v\u00e1s je\u0161t\u011b upozornit na dva detaily. Jist\u011b to v\u00edte, \u017ee \u010c\u00edna od t\u00e9 doby, co okupuje Tibet, tak ho systematicky asimiluje, p\u0159esn\u011bji \u0159e\u010deno po\u010d\u00edn\u0161\u0165uje, nejenom \u017ee zde diktuje m\u00edstn\u00ed spr\u00e1vu, ale skute\u010dn\u011b se star\u00e1 o to, abych tak \u0159ekl postalinsku, aby procento obyvatel \u010d\u00ednsk\u00e9 n\u00e1rodnosti bylo v Tibetu tak v\u00fdznamn\u00e9, \u017ee by Tibet u\u017e nikdy nem\u011bl \u0161anci se n\u011bjak\u00fdm zp\u016fsobem, aspo\u0148 k autonomii, profilovat.<\/p>\n<p style=\"text-align: justify;\">A pak je\u0161t\u011b jedna, sp\u00ed\u0161 mo\u017en\u00e1 humorn\u00e1 z\u00e1le\u017eitost. Jist\u011b jste tak\u00e9 post\u0159ehli, je to p\u00e1r let, \u017ee Komunistick\u00e1 strana \u010c\u00edny si u\u017e na\u0161la sv\u00e9ho 15. dalajl\u00e1mu. O n\u011bco pozd\u011bji, ne\u017e tak u\u010dinili Tibe\u0165an\u00e9, p\u0159esn\u011bji \u0159e\u010deno budhist\u00e9. Mo\u017en\u00e1, a\u017e bude dalajl\u00e1mou \u010dlen komunistick\u00e9 strany \u010c\u00ednsk\u00e9 lidov\u00e9 republiky, tak budeme m\u00edt klid. Ale to bylo jen na okraj. D\u011bkuji.<\/p>\n","protected":false},"excerpt":{"rendered":"<p>\u010c\u00edna od t\u00e9 doby, co okupuje Tibet, ho systematicky asimiluje, p\u0159esn\u011bji \u0159e\u010deno po\u010d\u00edn\u0161\u0165uje, nejenom \u017ee diktuje m\u00edstn\u00ed spr\u00e1vu, ale skute\u010dn\u011b se star\u00e1 o to, abych tak \u0159ekl postalinsku, aby procento obyvatel \u010d\u00ednsk\u00e9 n\u00e1rodnosti bylo v Tibetu tak v\u00fdznamn\u00e9, \u017ee by Tibet u\u017e nikdy nem\u011bl \u0161anci se n\u011bjak\u00fdm zp\u016fsobem, aspo\u0148 k autonomii, profilovat.<\/p>\n","protected":false},"author":1,"featured_media":1751,"comment_status":"closed","ping_status":"closed","sticky":false,"template":"","format":"standard","meta":{"footnotes":""},"categories":[16],"tags":[34,33],"class_list":["post-1750","post","type-post","status-publish","format-standard","has-post-thumbnail","hentry","category-ze-senatu","tag-cina","tag-tibet"],"_links":{"self":[{"href":"https:\/\/jirioberfalzer.cz\/index.php?rest_route=\/wp\/v2\/posts\/1750","targetHints":{"allow":["GET"]}}],"collection":[{"href":"https:\/\/jirioberfalzer.cz\/index.php?rest_route=\/wp\/v2\/posts"}],"about":[{"href":"https:\/\/jirioberfalzer.cz\/index.php?rest_route=\/wp\/v2\/types\/post"}],"author":[{"embeddable":true,"href":"https:\/\/jirioberfalzer.cz\/index.php?rest_route=\/wp\/v2\/users\/1"}],"replies":[{"embeddable":true,"href":"https:\/\/jirioberfalzer.cz\/index.php?rest_route=%2Fwp%2Fv2%2Fcomments&post=1750"}],"version-history":[{"count":2,"href":"https:\/\/jirioberfalzer.cz\/index.php?rest_route=\/wp\/v2\/posts\/1750\/revisions"}],"predecessor-version":[{"id":1753,"href":"https:\/\/jirioberfalzer.cz\/index.php?rest_route=\/wp\/v2\/posts\/1750\/revisions\/1753"}],"wp:featuredmedia":[{"embeddable":true,"href":"https:\/\/jirioberfalzer.cz\/index.php?rest_route=\/wp\/v2\/media\/1751"}],"wp:attachment":[{"href":"https:\/\/jirioberfalzer.cz\/index.php?rest_route=%2Fwp%2Fv2%2Fmedia&parent=1750"}],"wp:term":[{"taxonomy":"category","embeddable":true,"href":"https:\/\/jirioberfalzer.cz\/index.php?rest_route=%2Fwp%2Fv2%2Fcategories&post=1750"},{"taxonomy":"post_tag","embeddable":true,"href":"https:\/\/jirioberfalzer.cz\/index.php?rest_route=%2Fwp%2Fv2%2Ftags&post=1750"}],"curies":[{"name":"wp","href":"https:\/\/api.w.org\/{rel}","templated":true}]}}