{"id":1700,"date":"2017-03-28T14:08:12","date_gmt":"2017-03-28T13:08:12","guid":{"rendered":"http:\/\/jirioberfalzer.cz\/?p=1700"},"modified":"2018-08-17T15:28:51","modified_gmt":"2018-08-17T14:28:51","slug":"110-vyroci-narozeni-pevkyne-jarmily-novotne-pripomene-vystava-ve-valdstejnskem-palaci","status":"publish","type":"post","link":"https:\/\/jirioberfalzer.cz\/?p=1700","title":{"rendered":"110. v\u00fdro\u010d\u00ed narozen\u00ed p\u011bvkyn\u011b Jarmily Novotn\u00e9 p\u0159ipomene v\u00fdstava ve Vald\u0161tejnsk\u00e9m pal\u00e1ci"},"content":{"rendered":"<p>&nbsp;<\/p>\n<p><img loading=\"lazy\" decoding=\"async\" class=\"aligncenter size-full wp-image-1701\" src=\"https:\/\/jirioberfalzer.cz\/wp-content\/uploads\/2018\/08\/2143-0_foto_nahled_compressed.jpg\" alt=\"\" width=\"552\" height=\"500\" srcset=\"https:\/\/jirioberfalzer.cz\/wp-content\/uploads\/2018\/08\/2143-0_foto_nahled_compressed.jpg 552w, https:\/\/jirioberfalzer.cz\/wp-content\/uploads\/2018\/08\/2143-0_foto_nahled_compressed-300x272.jpg 300w\" sizes=\"auto, (max-width: 552px) 100vw, 552px\" \/><strong>\u0160est\u00fd ro\u010dn\u00edk Festivalu Jarmily Novotn\u00e9 akcentuje 110. v\u00fdro\u010d\u00ed narozen\u00ed slavn\u00e9 p\u011bvkyn\u011b a toto posl\u00e1n\u00ed pln\u00ed i jeho prvn\u00ed projekt v po\u0159ad\u00ed \u2013 v\u00fdstava Jarmila Novotn\u00e1: Opern\u00ed diva, kter\u00e1 zve k n\u00e1v\u0161t\u011bv\u011b do Mytologick\u00e9 chodby Vald\u0161tejnsk\u00e9ho pal\u00e1ce. V tomto podmaniv\u00e9m prostoru, s\u00eddle Sen\u00e1tu P\u010cR, bude zah\u00e1jena 30. b\u0159ezna a potrv\u00e1 do 28. kv\u011btna 2017.<\/strong><\/p>\n<p>\u201e<em>Postava Jarmily Novotn\u00e9 je d\u00edky jej\u00edmu um\u011bn\u00ed, vlasteneck\u00e9mu kon\u00e1n\u00ed a p\u0159\u00e1telstv\u00ed s p\u0159edn\u00edmi p\u0159edstaviteli na\u0161eho politick\u00e9ho a kulturn\u00edho \u017eivota v obdob\u00ed prvn\u00ed republiky a v dob\u011b druh\u00e9 sv\u011btov\u00e9 v\u00e1lky natolik v\u00fdznamn\u00e1, \u017ee jsem ud\u011blal maximum pro to, aby v\u00fdstava k jej\u00edmu jubileu mohla b\u00fdt uspo\u0159\u00e1d\u00e1na v nejkr\u00e1sn\u011bj\u0161\u00edch a reprezentativn\u00edch prostor\u00e1ch na\u0161\u00ed horn\u00ed komory,<\/em>\u201c \u0159\u00edk\u00e1 sen\u00e1tor Ji\u0159\u00ed Oberfalzer, pod jeho\u017e z\u00e1\u0161titou se expozice za spolupo\u0159\u00e1d\u00e1n\u00ed Kancel\u00e1\u0159e Sen\u00e1tu realizuje. \u201e<em>M\u00e1m radost, \u017ee z\u00e1mek Lite\u0148, kde p\u0159eb\u00fdval rod Daubk\u016f, do n\u011bho\u017e se Jarmila Novotn\u00e1 vdala za barona Ji\u0159\u00edho, s\u00eddl\u00ed v m\u00e9m obvodu, a velice si v\u00e1\u017e\u00edm \u00fasil\u00ed sou\u010dasn\u00fdch majitel\u016f, man\u017eel\u016f Leidlov\u00fdch objekt zvelebit a nav\u00edc pe\u010dovat o odkaz t\u00e9to v\u00fdznamn\u00e9 \u010desk\u00e9 um\u011blkyn\u011b, o jej\u00ed\u017e nejproduktivn\u011bj\u0161\u00ed l\u00e9ta n\u00e1s okradly totality minul\u00e9ho stolet\u00ed,<\/em>\u201c dodal sen\u00e1tor Oberfalzer.<\/p>\n<p>Krom\u011b oka z\u00e1konod\u00e1rc\u016f, vl\u00e1dn\u00edch \u010dinitel\u016f a novin\u00e1\u0159\u016f v\u00fdstava pot\u011b\u0161\u00ed i ve\u0159ejnost, pro kterou je bezplatn\u011b p\u0159\u00edstupn\u00e1 v\u017edy o v\u00edkendech. Velkoform\u00e1tov\u00e9 fotografie zachycuj\u00edc\u00ed nejslavn\u011bj\u0161\u00ed opern\u00ed i filmov\u00e9 role Jarmily Novotn\u00e9, biografick\u00e9 \u00fadaje, ale tak\u00e9 unik\u00e1tn\u00ed sb\u00edrkov\u00e9 p\u0159edm\u011bty poch\u00e1zej\u00edc\u00ed z depozit\u00e1\u0159e po\u0159\u00e1daj\u00edc\u00ed neziskov\u00e9 organizace Z\u00e1mek Lite\u0148, z.s., stejn\u011b jako z poz\u016fstalosti divy, daj\u00ed nahl\u00e9dnout do jej\u00edho pozoruhodn\u00e9ho \u017eivota i hv\u011bzdn\u00e9 kari\u00e9ry.<\/p>\n<p>Po Muzeu \u010cesk\u00e9ho krasu v Beroun\u011b a rodn\u00e9m dom\u011b Gustava Mahlera v obci Kali\u0161t\u011b u Humpolce se tak jedn\u00e1 ji\u017e o t\u0159et\u00ed zastaven\u00ed Putovn\u00ed v\u00fdstavy o \u017eivot\u011b Jarmily Novotn\u00e9. Ta v pozm\u011bn\u011bn\u00e9 podob\u011b navazuje na v\u00fdstavu opern\u00edch kost\u00fdm\u016f Jarmily Novotn\u00e9, zap\u016fj\u010den\u00fdch z archivu Metropolitn\u00ed opery v New Yorku, realizovanou na podzim 2015 v pra\u017esk\u00e9m Obecn\u00edm dom\u011b. V\u00fdstava vznikla z iniciativy neziskov\u00e9 organizace Z\u00e1mek Lite\u0148, z.s., kter\u00e1 se u n\u00e1s dlouhodob\u011b v\u011bnuje o\u017eiven\u00ed odkazu a popularizaci jm\u00e9na t\u00e9to p\u011bveck\u00e9 legendy.<\/p>\n<p>\u201e<em>Jako p\u0159edzv\u011bst hlavn\u00edho \u010dasu oslav v\u00fdznamn\u00e9ho v\u00fdro\u010d\u00ed Jarmily Novotn\u00e9, kter\u00e9 vyvrchol\u00ed letos v z\u00e1\u0159\u00ed opern\u00edm galakoncertem Pocta Jarmile Novotn\u00e9 2017, uv\u00e1d\u00edme v\u00fdstavu, je\u017e z\u00e1jemc\u016fm p\u0159ibl\u00ed\u017e\u00ed \u017eivotn\u00ed cesty t\u00e9to na\u0161\u00ed z nej\u00fasp\u011b\u0161n\u011bj\u0161\u00edch p\u011bvky\u0148 v\u0161ech dob. Ty byly prov\u00e1zeny jak strm\u00fdm profesn\u00edm vzestupem, tak mnoha t\u00ed\u017eiv\u00fdmi okolnostmi, s nimi\u017e se musela vypo\u0159\u00e1dat. Souhrou p\u0159\u00edzniv\u00fdch okolnost\u00ed se vernis\u00e1\u017e v\u00fdstavy uskute\u010d\u0148uje na ryze symbolick\u00e9m m\u00edst\u011b \u2013 v Ryt\u00ed\u0159sk\u00e9m s\u00e1le Vald\u0161tejnsk\u00e9ho pal\u00e1ce, kde Jarmile Novotn\u00e9 p\u0159i jednom z jej\u00edch porevolu\u010dn\u00edch n\u00e1vrat\u016f do vlasti vzdali spole\u010dn\u00fdm koncertem hold tehdy za\u010d\u00ednaj\u00edc\u00ed p\u011bvci. Velmi bychom si p\u0159\u00e1li, aby se i na p\u016fd\u011b tohoto reprezentativn\u00edho m\u00edsta v\u00fdstava setkala s tak pozitivn\u00edmi ohlasy n\u00e1v\u0161t\u011bvn\u00edk\u016f, jak\u00e9 zaznamenala ve sv\u00fdch p\u0159edchoz\u00edch dvou d\u011bji\u0161t\u00edch<\/em>,\u201c \u0159\u00edk\u00e1 za po\u0159adatele Ivana Leidlov\u00e1, \u0159editelka organizace Z\u00e1mek Lite\u0148, z.s.<\/p>\n<p>Putovn\u00ed v\u00fdstavu o \u017eivot\u011b Jarmily Novotn\u00e9 tvo\u0159\u00ed jednak velkoform\u00e1tov\u00e9 fotografie ze \u017eivota proslul\u00e9 divy. N\u011bkter\u00e9 zachycuj\u00ed nejslavn\u011bj\u0161\u00ed opern\u00ed kost\u00fdmy, je\u017e kdysi obl\u00e9kala na sv\u011btov\u00fdch sc\u00e9n\u00e1ch a doprov\u00e1zely ji a\u017e na vrchol kari\u00e9ry, zb\u00fdvaj\u00edc\u00ed \u2013 p\u016fvodn\u00ed portr\u00e9ty jsou pak dobov\u00fdm sv\u011bdectv\u00edm, jak neodolateln\u00e1 v nich b\u00fdvala p\u0159i ztv\u00e1rn\u011bn\u00ed sv\u00fdch rol\u00ed. Sou\u010d\u00e1st\u00ed p\u0159ehl\u00eddky a n\u00e1stinem um\u011bleck\u00e9 kari\u00e9ry Jarmily Novotn\u00e9 jsou tak\u00e9 sb\u00edrkov\u00e9 p\u0159edm\u011bty poch\u00e1zej\u00edc\u00ed z muzejn\u00ed sb\u00edrky neziskov\u00e9 organizace Z\u00e1mek Lite\u0148, z.s. a z poz\u016fstalosti slavn\u00e9 um\u011blkyn\u011b, p\u0159i\u010dem\u017e v\u011bt\u0161ina expon\u00e1t\u016f instalovan\u00fdch v Mytologick\u00e9 chodb\u011b je vystavena v\u016fbec poprv\u00e9. Expozici dopl\u0148uj\u00ed biografick\u00e1 data a \u00fadaje o m\u00edstech p\u016fsoben\u00ed Jarmily Novotn\u00e9, kter\u00e9 spolu s dal\u0161\u00edm dobov\u00fdm kontextem jej\u00edho \u017eivota p\u0159ibli\u017euje p\u0159ehledn\u00e1 \u010dasov\u00e1 osa.<\/p>\n<p>V\u00fdstava v Mytologick\u00e9 chodb\u011b je otev\u0159ena ka\u017edou sobotu a ned\u011bli v \u010dase 10\u201317 hodin a v r\u00e1mci Dne otev\u0159en\u00fdch dve\u0159\u00ed 8. kv\u011btna. Vstup je zdarma. Bli\u017e\u0161\u00ed informace jsou dostupn\u00e9 na senat.cz. V\u00edce informac\u00ed o putovn\u00ed v\u00fdstav\u011b a jednotliv\u00fdch zast\u00e1vk\u00e1ch je k dispozici na zamekliten.cz.<\/p>\n","protected":false},"excerpt":{"rendered":"<p>\u0160est\u00fd ro\u010dn\u00edk Festivalu Jarmily Novotn\u00e9 akcentuje 110. v\u00fdro\u010d\u00ed narozen\u00ed slavn\u00e9 p\u011bvkyn\u011b a toto posl\u00e1n\u00ed pln\u00ed i jeho prvn\u00ed projekt v po\u0159ad\u00ed \u2013 v\u00fdstava Jarmila Novotn\u00e1: Opern\u00ed diva, kter\u00e1 zve k n\u00e1v\u0161t\u011bv\u011b do Mytologick\u00e9 chodby Vald\u0161tejnsk\u00e9ho pal\u00e1ce. <\/p>\n","protected":false},"author":1,"featured_media":1701,"comment_status":"closed","ping_status":"closed","sticky":false,"template":"","format":"standard","meta":{"footnotes":""},"categories":[2],"tags":[31],"class_list":["post-1700","post","type-post","status-publish","format-standard","has-post-thumbnail","hentry","category-z-regionu","tag-jarmila-novotna"],"_links":{"self":[{"href":"https:\/\/jirioberfalzer.cz\/index.php?rest_route=\/wp\/v2\/posts\/1700","targetHints":{"allow":["GET"]}}],"collection":[{"href":"https:\/\/jirioberfalzer.cz\/index.php?rest_route=\/wp\/v2\/posts"}],"about":[{"href":"https:\/\/jirioberfalzer.cz\/index.php?rest_route=\/wp\/v2\/types\/post"}],"author":[{"embeddable":true,"href":"https:\/\/jirioberfalzer.cz\/index.php?rest_route=\/wp\/v2\/users\/1"}],"replies":[{"embeddable":true,"href":"https:\/\/jirioberfalzer.cz\/index.php?rest_route=%2Fwp%2Fv2%2Fcomments&post=1700"}],"version-history":[{"count":1,"href":"https:\/\/jirioberfalzer.cz\/index.php?rest_route=\/wp\/v2\/posts\/1700\/revisions"}],"predecessor-version":[{"id":1702,"href":"https:\/\/jirioberfalzer.cz\/index.php?rest_route=\/wp\/v2\/posts\/1700\/revisions\/1702"}],"wp:featuredmedia":[{"embeddable":true,"href":"https:\/\/jirioberfalzer.cz\/index.php?rest_route=\/wp\/v2\/media\/1701"}],"wp:attachment":[{"href":"https:\/\/jirioberfalzer.cz\/index.php?rest_route=%2Fwp%2Fv2%2Fmedia&parent=1700"}],"wp:term":[{"taxonomy":"category","embeddable":true,"href":"https:\/\/jirioberfalzer.cz\/index.php?rest_route=%2Fwp%2Fv2%2Fcategories&post=1700"},{"taxonomy":"post_tag","embeddable":true,"href":"https:\/\/jirioberfalzer.cz\/index.php?rest_route=%2Fwp%2Fv2%2Ftags&post=1700"}],"curies":[{"name":"wp","href":"https:\/\/api.w.org\/{rel}","templated":true}]}}